{"id":12,"date":"2020-05-08T14:34:00","date_gmt":"2020-05-08T14:34:00","guid":{"rendered":""},"modified":"2020-06-08T21:25:27","modified_gmt":"2020-06-08T21:25:27","slug":"populacao-se-reinventa-e-busca-ideias-criativas-para-enfrentar-a-quarentena","status":"publish","type":"post","link":"https:\/\/focas.uniso.br\/index.php\/2020\/05\/08\/populacao-se-reinventa-e-busca-ideias-criativas-para-enfrentar-a-quarentena\/","title":{"rendered":"Popula\u00e7\u00e3o se reinventa e busca ideias criativas para enfrentar a quarentena"},"content":{"rendered":"<p><\/p>\n<div align=\"center\" style=\"line-height: 150%; margin-bottom: .0001pt; margin: 0cm; text-align: center;\"><i><span style=\"mso-bidi-font-weight: bold;\"><b>Para ocupar o tempo ocioso, brasileiros praticam exerc\u00edcios f\u00edsicos em casa e fazem at\u00e9 festas individuais<\/b><o:p><\/o:p><\/span><\/i><\/div>\n<p><\/p>\n<div style=\"line-height: 150%; margin-bottom: .0001pt; margin: 0cm; text-align: justify; text-indent: 35.4pt;\"><span style=\"font-family: inherit;\"><span style=\"font-size: large;\">Correria, buzinas, falta de tempo. Nas \u00faltimas semanas o brasileiro mudou totalmente a sua rotina e as ruas que antes eram lotadas de carros, motocicletas e pedestres hoje est\u00e3o vazias. O isolamento social por conta do novo coronav\u00edrus foi indispens\u00e1vel no pa\u00eds e mais da metade da popula\u00e7\u00e3o est\u00e1 exercendo as suas atividades dentro de casa. Com isso, a correria troca de lugar com a calmaria. Aquele tempo que n\u00e3o existia est\u00e1 sobrando, e a\u00ed surge uma d\u00favida. O que fazer com ele?<\/span><o:p><\/o:p><\/span><\/div>\n<div style=\"clear: both; text-align: center;\"><a href=\"https:\/\/1.bp.blogspot.com\/-PfOcJb1enBM\/XrVoP6Xy7pI\/AAAAAAAAI-g\/DzQxsmm3GVcjc4Y1A06I476aoZa4Ww3OQCLcBGAsYHQ\/s1600\/Anderson%2BMuller%2Bdecidiu%2Bfazer%2Buma%2Bbalada%2Bem%2Bcasa%2Bpara%2Bse%2Bdistrair%2Be%2Bdivertir%2Bos%2Bamigos%2Bpela%2Binternet%2B-%2Breprodu%25C3%25A7%25C3%25A3o%2Bv%25C3%25ADdeo%2Binstagram.jpg\" style=\"clear: right; float: right; margin-bottom: 1em; margin-left: 1em;\"><span style=\"color: black; font-family: inherit;\"><br \/><\/span><\/a><\/div>\n<div style=\"line-height: 150%; margin-bottom: .0001pt; margin: 0cm; text-align: justify; text-indent: 35.4pt;\"><\/div>\n<table cellpadding=\"0\" cellspacing=\"0\" style=\"float: right; margin-left: 1em; text-align: right;\">\n<tbody>\n<tr>\n<td style=\"text-align: center;\"><a href=\"https:\/\/focas.uniso.br\/wp-content\/uploads\/2020\/05\/A-2Bfesta-2Bteve-2Bdireito-2Ba-2Bm-25C3-25BAsica-2Be-2Bmuitos-2Bdrinks-2B-2Breprodu-25C3-25A7-25C3-25A3o-2Bv-25C3-25ADdeo-2Binstagram.jpg\" style=\"clear: right; margin-bottom: 1em; margin-left: auto; margin-right: auto;\"><img loading=\"lazy\" decoding=\"async\" border=\"0\" data-original-height=\"1067\" data-original-width=\"595\" height=\"400\" src=\"https:\/\/focas.uniso.br\/wp-content\/uploads\/2020\/05\/A-2Bfesta-2Bteve-2Bdireito-2Ba-2Bm-25C3-25BAsica-2Be-2Bmuitos-2Bdrinks-2B-2Breprodu-25C3-25A7-25C3-25A3o-2Bv-25C3-25ADdeo-2Binstagram-167x300.jpg\" width=\"221\" \/><\/a><\/td>\n<\/tr>\n<tr>\n<td style=\"text-align: center;\">Balada no quarto \u00e9 uma das formas de se divertir<\/td>\n<\/tr>\n<\/tbody>\n<\/table>\n<div style=\"line-height: 150%; margin-bottom: .0001pt; margin: 0cm; text-align: justify; text-indent: 35.4pt;\"><span style=\"text-indent: 35.4pt;\"><br \/><\/span><\/div>\n<div style=\"line-height: 150%; margin-bottom: .0001pt; margin: 0cm; text-align: justify; text-indent: 35.4pt;\"><span style=\"text-indent: 35.4pt;\"><span style=\"font-family: inherit; font-size: large;\">As respostas s\u00e3o v\u00e1rias, j\u00e1 que muitas pessoas est\u00e3o apostando na criatividade. O jornalista Anderson Muller \u00e9 uma delas. Sem poder encontrar os amigos em bares e festas como fazia antes do per\u00edodo de isolamento, ele decidiu se divertir no pr\u00f3prio quarto. Para isso, Muller usou uma l\u00e2mpada de LED, luzes e um globo de festa, escolheu uma bebida e suas m\u00fasicas favoritas para acompanhar a noite de balada que ele mesmo promoveu.&nbsp;<\/span><\/span><\/div>\n<div style=\"line-height: 150%; margin-bottom: .0001pt; margin: 0cm; text-align: justify; text-indent: 35.4pt;\"><span style=\"text-indent: 35.4pt;\"><span style=\"font-family: inherit; font-size: large;\"><br \/><\/span><\/span><\/div>\n<div style=\"line-height: 150%; margin-bottom: .0001pt; margin: 0cm; text-align: justify; text-indent: 35.4pt;\"><span style=\"text-indent: 35.4pt;\"><span style=\"font-family: inherit; font-size: large;\">As companhias eram apenas virtuais, j\u00e1 que o jornalista transmitiu tudo pelas redes sociais e fez muito sucesso. \u201cEu estava aqui em casa s\u00e1bado \u00e0 noite e pensei \u2018por que eu n\u00e3o tomo uma coisinha, n\u00e3o coloco uma m\u00fasica, n\u00e3o dan\u00e7o e me divirto um pouco aqui\u2019? Porque eu acho que divers\u00e3o faz parte e faz bem. Todo mundo interagiu bastante, d\u00e1 para ver at\u00e9 nos coment\u00e1rios dos dois v\u00eddeos e \u00e9 isso. S\u00e3o coisas malucas minhas mesmo\u201d.&nbsp;<\/span><\/span><\/div>\n<div style=\"line-height: 150%; margin-bottom: .0001pt; margin: 0cm; text-align: justify; text-indent: 35.4pt;\"><span style=\"font-family: inherit;\"><o:p><\/o:p><\/span><\/div>\n<div style=\"line-height: 150%; margin-bottom: .0001pt; margin: 0cm; text-align: justify; text-indent: 35.4pt;\"><\/div>\n<div style=\"line-height: 150%; margin-bottom: .0001pt; margin: 0cm; text-align: justify; text-indent: 35.4pt;\"><\/div>\n<table cellpadding=\"0\" cellspacing=\"0\" style=\"float: left; margin-right: 1em; text-align: left;\">\n<tbody>\n<tr>\n<td style=\"text-align: center;\"><a href=\"https:\/\/1.bp.blogspot.com\/-YxN_L3Ukzlo\/XrVoSqTnR0I\/AAAAAAAAI-0\/x_zGp3wH22c0SV9gBS5FVGC92K7wcQ9ugCLcBGAsYHQ\/s1600\/Para%2Ba%2Bocasi%25C3%25A3o%252C%2BChristine%2Bdecidiu%2Busar%2Bo%2Bvestido%2Bnovo%2Bque%2Bhavia%2Bcomprado%2Bpara%2Bo%2Banivers%25C3%25A1rio%2Bda%2Bfilha%2Bque%2Bfoi%2Bcancelado%2B-%2Barquivo%2Bpessoal.jpeg\" style=\"clear: left; margin-bottom: 1em; margin-left: auto; margin-right: auto;\"><span style=\"color: black;\"><img loading=\"lazy\" decoding=\"async\" border=\"0\" data-original-height=\"1152\" data-original-width=\"648\" height=\"400\" src=\"https:\/\/focas.uniso.br\/wp-content\/uploads\/2020\/05\/Para-2Ba-2Bocasi-25C3-25A3o-252C-2BChristine-2Bdecidiu-2Busar-2Bo-2Bvestido-2Bnovo-2Bque-2Bhavia-2Bcomprado-2Bpara-2Bo-2Banivers-25C3-25A1rio-2Bda-2Bfilha-2Bque-2Bfoi-2Bcancelado-2B-2Barquivo-2Bpessoal-169x300.jpeg\" width=\"220\" \/><\/span><\/a><\/td>\n<\/tr>\n<tr>\n<td style=\"text-align: center;\">\n<div style=\"text-align: justify;\"><span style=\"font-family: Times New Roman, serif;\"><span style=\"font-size: 16px;\">Christine se produziu para ver live<\/span><\/span><\/div>\n<\/td>\n<\/tr>\n<\/tbody>\n<\/table>\n<div style=\"line-height: 150%; margin-bottom: .0001pt; margin: 0cm; text-align: justify; text-indent: 36.0pt;\"><span style=\"font-family: inherit; font-size: large;\">Outra pessoa que tamb\u00e9m decidiu deixar os problemas de lado e dar uma relaxada nesse per\u00edodo complicado foi a Christine Aparecida Xavier, de 35 anos. Ela \u00e9 f\u00e3 da cantora Mar\u00edlia Mendon\u00e7a e n\u00e3o perdeu a live da artista no dia 8 de abril. Mas diferente de muita gente que estava assistindo o show deitado na cama de pijama, a assessora de imprensa fez uma superprodu\u00e7\u00e3o. \u201cEu j\u00e1 sou muito f\u00e3 da Mar\u00edlia e estava me planejando para curtir alguns shows dela e quando come\u00e7ou a quarentena eu j\u00e1 fiquei meio frustrada.&nbsp;&nbsp;<\/span><\/div>\n<div style=\"line-height: 150%; margin-bottom: .0001pt; margin: 0cm; text-align: justify; text-indent: 36.0pt;\"><span style=\"font-family: inherit; font-size: large;\"><br \/><\/span><\/div>\n<div style=\"line-height: 150%; margin-bottom: .0001pt; margin: 0cm; text-align: justify; text-indent: 36.0pt;\"><span style=\"font-family: inherit;\"><span style=\"font-size: large;\">Quando fiquei sabendo dessa live fiquei bem ansiosa e pensei \u2018\u00e9 um show e eu vou assistir\u2019. Ent\u00e3o, terminei de fazer as minhas coisas, tomei banho, lavei meu cabelo, coloquei um vestido novo que eu tinha comprado para a festa da minha filha que foi cancelada tamb\u00e9m, fiz uma make, comprei umas cervejas e fiquei esperando. Eu curti o show montada at\u00e9 o final\u201d. <\/span><o:p><\/o:p><\/span><\/div>\n<div style=\"line-height: 150%; margin-bottom: .0001pt; margin: 0cm; text-align: justify; text-indent: 36.0pt;\"><span style=\"font-family: inherit;\"><br \/><\/span><\/div>\n<div style=\"line-height: 150%; margin-bottom: .0001pt; margin: 0cm; text-align: justify; text-indent: 36.0pt;\"><span style=\"font-family: inherit;\"><br \/><\/span><\/div>\n<div style=\"line-height: 150%; margin-bottom: .0001pt; margin: 0cm; text-align: justify; text-indent: 36.0pt;\"><span style=\"font-family: inherit;\"><br \/><\/span><\/div>\n<div style=\"line-height: 150%; margin-bottom: .0001pt; margin: 0cm; text-align: justify; text-indent: 36.0pt;\"><span style=\"font-family: inherit; font-size: large;\">Para Christine, essa atitude foi fundamental para ajud\u00e1-la a enfrentar problemas emocionais que podem surgir nesse per\u00edodo. \u201cA quarentena tem sido para mim um momento bem delicado porque eu sou MEI [microempreendedor individual] e tive que paralisar as minhas atividades profissionais. Ent\u00e3o, eu estava em uma cobran\u00e7a muito grande de ter que fazer a empresa n\u00e3o morrer nesse per\u00edodo, inventar outras coisas. Foi um momento que me distraiu bastante\u201d.&nbsp;<o:p><\/o:p><\/span><\/div>\n<div style=\"line-height: 150%; margin-bottom: .0001pt; margin: 0cm; text-align: justify; text-indent: 36.0pt;\"><\/div>\n<div style=\"line-height: 150%; margin-bottom: .0001pt; margin: 0cm; text-align: justify; text-indent: 36.0pt;\"><\/div>\n<div style=\"line-height: 150%; text-align: justify;\"><span style=\"font-weight: normal; line-height: 150%;\"><span style=\"font-size: 12pt;\"><span style=\"font-family: Times New Roman, serif;\">&nbsp;&nbsp;&nbsp;&nbsp;&nbsp;&nbsp;&nbsp;&nbsp;&nbsp;&nbsp;&nbsp;<\/span><span style=\"font-family: inherit;\"><\/span><\/p>\n<table cellpadding=\"0\" cellspacing=\"0\" style=\"float: right; margin-left: 1em; text-align: right;\">\n<tbody>\n<tr>\n<td style=\"text-align: center;\"><a href=\"https:\/\/1.bp.blogspot.com\/-_JNcg965bKU\/XrVoR7Io65I\/AAAAAAAAI-w\/0ivjF9qSAT0JGMiFT-AdnE_Kp59WdcsbQCLcBGAsYHQ\/s1600\/Bruno%2Bescolheu%2Busar%2Bum%2Bbotij%25C3%25A3o%2Bde%2Bg%25C3%25A1s%2Bpara%2Bsubstituir%2Bos%2Bpesos%2Butilizados%2Bna%2Bacademia%2B-%2Barquivo%2Bpessoal.jpeg\" style=\"clear: right; margin-bottom: 1em; margin-left: auto; margin-right: auto;\"><span style=\"font-family: inherit;\"><img loading=\"lazy\" decoding=\"async\" border=\"0\" data-original-height=\"1600\" data-original-width=\"1200\" height=\"400\" src=\"https:\/\/focas.uniso.br\/wp-content\/uploads\/2020\/05\/Bruno-2Bescolheu-2Busar-2Bum-2Bbotij-25C3-25A3o-2Bde-2Bg-25C3-25A1s-2Bpara-2Bsubstituir-2Bos-2Bpesos-2Butilizados-2Bna-2Bacademia-2B-2Barquivo-2Bpessoal-225x300.jpeg\" width=\"300\" \/><\/span><\/a><\/td>\n<\/tr>\n<tr>\n<td style=\"text-align: center;\"><span style=\"font-size: 12pt; line-height: 115%;\"><span style=\"font-family: inherit;\">Bruno trocou os pesos por botij\u00e3o de g\u00e1s&nbsp;<\/span><\/span><\/td>\n<\/tr>\n<\/tbody>\n<\/table>\n<p><\/span><span style=\"font-family: inherit;\"><span style=\"font-size: 12pt;\">&nbsp;<\/span><span style=\"font-size: large;\">Al\u00e9m da sa\u00fade mental, a preocupa\u00e7\u00e3o de muitos agora tamb\u00e9m \u00e9 com a sa\u00fade f\u00edsica. Com as academias fechadas, os praticantes est\u00e3o se desdobrando em casa para n\u00e3o prejudicar o corpo. Bruno Alberto Braga Silva e a esposa M\u00e1rcia Aparecida dos Santos est\u00e3o apostando nos objetos dom\u00e9sticos para continuar com as atividades. Para eles, vale de tudo, botij\u00e3o de g\u00e1s, gal\u00f5es de cinco litros de \u00e1gua, saco de arroz, bancos, cadeiras e at\u00e9 cabo de vassoura. Na resid\u00eancia do casal que mora na cidade de Sorocaba, interior de S\u00e3o Paulo, o importante \u00e9 n\u00e3o ficar parado. \u201c<\/span><\/span><\/span><span style=\"font-weight: normal; line-height: 150%;\"><span style=\"font-family: inherit; font-size: large;\">Veio de orienta\u00e7\u00e3o dos professores, at\u00e9 de v\u00eddeos da internet e da necessidade do momento. Acredito que o resultado n\u00e3o \u00e9 o mesmo, mas j\u00e1 \u00e9 uma coisa muito importante a gente se manter ativo por uma quest\u00e3o f\u00edsica e mental. O exerc\u00edcio contribui muito para que a gente desvie um pouco o foco dessa pandemia\u201d, conta Bruno.<\/span><\/span><\/div>\n<div style=\"line-height: 150%; text-align: justify;\"><span style=\"font-family: &quot;Times New Roman&quot;, serif; font-weight: normal; line-height: 150%;\"><span style=\"font-size: large;\"><br \/><\/span><\/span><\/div>\n<div style=\"line-height: 150%; text-align: justify;\"><span style=\"font-family: &quot;Times New Roman&quot;, serif; font-weight: normal; line-height: 150%;\"><span style=\"font-size: large;\"><br \/><\/span><\/span><\/div>\n<div style=\"border-bottom: solid windowtext 1.0pt; border: none; mso-border-bottom-alt: solid windowtext .75pt; mso-element: para-border-div; padding: 0cm 0cm 1.0pt 0cm;\">\n<div style=\"border: none; line-height: 150%; mso-border-bottom-alt: solid windowtext .75pt; mso-padding-alt: 0cm 0cm 1.0pt 0cm; padding: 0cm; text-align: justify; text-indent: 35.4pt;\"><span style=\"line-height: 150%;\"><span style=\"font-family: inherit; font-size: large;\">O educador f\u00edsico Jeferson Muniz explica que, al\u00e9m de serem muito importantes para a sa\u00fade f\u00edsica, os exerc\u00edcios tamb\u00e9m trazem benef\u00edcios para a sa\u00fade mental e ajudam a controlar a ansiedade. \u201cA atividade f\u00edsica libera a endorfina, trazendo a sensa\u00e7\u00e3o de bem-estar, melhorando humor, trazendo uma sensa\u00e7\u00e3o de alegria e satisfa\u00e7\u00e3o\u201d. O especialista ainda ressalta que n\u00e3o h\u00e1 problema nenhum em realizar os exerc\u00edcios em casa, mas que \u00e9 importante procurar um profissional da \u00e1rea para dar orienta\u00e7\u00f5es sobre os treinos. \u201cO treino pode ser adaptado com materiais encontrados em casa, como sacos de arroz, feij\u00e3o, a\u00e7\u00facar, toalhas, len\u00e7\u00f3is, cadeiras, etc. Com esses materiais podemos treinar praticamente todos os m\u00fasculos. Mas o mais importante \u00e9 consultar um profissional de educa\u00e7\u00e3o f\u00edsica, capacitado e habilitado para a prescri\u00e7\u00e3o do treinamento, principalmente nessa \u00e9poca, em que h\u00e1 in\u00fameros blogueiros sem forma\u00e7\u00e3o que acabam postando v\u00eddeos de exerc\u00edcios que, muitas vezes, podem levar o praticante a desenvolver algum tipo de les\u00e3o s\u00e9ria\u201d. <o:p><\/o:p><\/span><\/span><\/div>\n<div style=\"border: none; line-height: 150%; mso-border-bottom-alt: solid windowtext .75pt; mso-padding-alt: 0cm 0cm 1.0pt 0cm; padding: 0cm; text-align: justify; text-indent: 35.4pt;\"><span style=\"font-family: &quot;Times New Roman&quot;,&quot;serif&quot;; font-size: 12.0pt; line-height: 150%; mso-fareast-font-family: &quot;Times New Roman&quot;; mso-fareast-language: PT-BR;\"><br \/><\/span><\/div>\n<table align=\"center\" cellpadding=\"0\" cellspacing=\"0\" style=\"margin-left: auto; margin-right: auto; text-align: center;\">\n<tbody>\n<tr>\n<td style=\"text-align: center;\"><a href=\"https:\/\/focas.uniso.br\/wp-content\/uploads\/2020\/05\/Objetos-2Bsimples-2Bdo-2Bdia-2Ba-2Bdia-2Bpodem-2Bser-2Badaptados-2Be-2Busados-2Bpara-2Btreinos-2Bem-2Bcasa-2B-2Barquivo-2Bpessoal.jpeg\" style=\"margin-left: auto; margin-right: auto;\"><img loading=\"lazy\" decoding=\"async\" border=\"0\" data-original-height=\"900\" data-original-width=\"1600\" height=\"360\" src=\"https:\/\/focas.uniso.br\/wp-content\/uploads\/2020\/05\/Objetos-2Bsimples-2Bdo-2Bdia-2Ba-2Bdia-2Bpodem-2Bser-2Badaptados-2Be-2Busados-2Bpara-2Btreinos-2Bem-2Bcasa-2B-2Barquivo-2Bpessoal-300x169.jpeg\" width=\"640\" \/><\/a><\/td>\n<\/tr>\n<tr>\n<td style=\"text-align: center;\"><span style=\"font-family: &quot;Times New Roman&quot;,&quot;serif&quot;; font-size: 12.0pt; line-height: 115%; mso-ansi-language: PT-BR; mso-bidi-language: AR-SA; mso-fareast-font-family: Calibri; mso-fareast-language: EN-US; mso-fareast-theme-font: minor-latin;\">Objetos simples do dia a dia podem ser adaptados e usados para treinos em casa<\/span><\/td>\n<\/tr>\n<\/tbody>\n<\/table>\n<div style=\"border: none; line-height: 150%; mso-border-bottom-alt: solid windowtext .75pt; mso-padding-alt: 0cm 0cm 1.0pt 0cm; padding: 0cm; text-align: justify; text-indent: 35.4pt;\"><\/div>\n<\/div>\n<p><\/p>\n<div style=\"line-height: normal; text-align: justify;\"><span style=\"font-family: &quot;Times New Roman&quot;, serif;\"><span style=\"font-size: large;\">Texto: Vanessa Ferranti (Ag\u00eancia Focas \u2013 Jornalismo Uniso)<o:p><\/o:p><\/span><\/span><\/div>\n<div style=\"line-height: normal; text-align: justify;\"><span style=\"font-family: &quot;Times New Roman&quot;, serif;\"><span style=\"font-size: large;\">Fotos: Arquivo pessoal<o:p><\/o:p><\/span><\/span><\/div>\n<p><\/p>\n","protected":false},"excerpt":{"rendered":"<p>Para ocupar o tempo ocioso, brasileiros praticam exerc\u00edcios f\u00edsicos em casa e fazem at\u00e9 festas individuais Correria, buzinas, falta de<\/p>\n","protected":false},"author":1,"featured_media":786,"comment_status":"open","ping_status":"open","sticky":false,"template":"","format":"standard","meta":{"colormag_page_container_layout":"default_layout","colormag_page_sidebar_layout":"default_layout","footnotes":""},"categories":[1],"tags":[],"class_list":["post-12","post","type-post","status-publish","format-standard","has-post-thumbnail","hentry","category-uncategorized"],"featured_image_urls":{"full":["https:\/\/focas.uniso.br\/wp-content\/uploads\/2020\/05\/A-2Bfesta-2Bteve-2Bdireito-2Ba-2Bm-25C3-25BAsica-2Be-2Bmuitos-2Bdrinks-2B-2Breprodu-25C3-25A7-25C3-25A3o-2Bv-25C3-25ADdeo-2Binstagram.jpg",571,1024,false],"thumbnail":["https:\/\/focas.uniso.br\/wp-content\/uploads\/2020\/05\/A-2Bfesta-2Bteve-2Bdireito-2Ba-2Bm-25C3-25BAsica-2Be-2Bmuitos-2Bdrinks-2B-2Breprodu-25C3-25A7-25C3-25A3o-2Bv-25C3-25ADdeo-2Binstagram-150x150.jpg",150,150,true],"medium":["https:\/\/focas.uniso.br\/wp-content\/uploads\/2020\/05\/A-2Bfesta-2Bteve-2Bdireito-2Ba-2Bm-25C3-25BAsica-2Be-2Bmuitos-2Bdrinks-2B-2Breprodu-25C3-25A7-25C3-25A3o-2Bv-25C3-25ADdeo-2Binstagram-167x300.jpg",167,300,true],"medium_large":["https:\/\/focas.uniso.br\/wp-content\/uploads\/2020\/05\/A-2Bfesta-2Bteve-2Bdireito-2Ba-2Bm-25C3-25BAsica-2Be-2Bmuitos-2Bdrinks-2B-2Breprodu-25C3-25A7-25C3-25A3o-2Bv-25C3-25ADdeo-2Binstagram.jpg",571,1024,false],"large":["https:\/\/focas.uniso.br\/wp-content\/uploads\/2020\/05\/A-2Bfesta-2Bteve-2Bdireito-2Ba-2Bm-25C3-25BAsica-2Be-2Bmuitos-2Bdrinks-2B-2Breprodu-25C3-25A7-25C3-25A3o-2Bv-25C3-25ADdeo-2Binstagram.jpg",571,1024,false],"1536x1536":["https:\/\/focas.uniso.br\/wp-content\/uploads\/2020\/05\/A-2Bfesta-2Bteve-2Bdireito-2Ba-2Bm-25C3-25BAsica-2Be-2Bmuitos-2Bdrinks-2B-2Breprodu-25C3-25A7-25C3-25A3o-2Bv-25C3-25ADdeo-2Binstagram.jpg",571,1024,false],"2048x2048":["https:\/\/focas.uniso.br\/wp-content\/uploads\/2020\/05\/A-2Bfesta-2Bteve-2Bdireito-2Ba-2Bm-25C3-25BAsica-2Be-2Bmuitos-2Bdrinks-2B-2Breprodu-25C3-25A7-25C3-25A3o-2Bv-25C3-25ADdeo-2Binstagram.jpg",571,1024,false],"colormag-highlighted-post":["https:\/\/focas.uniso.br\/wp-content\/uploads\/2020\/05\/A-2Bfesta-2Bteve-2Bdireito-2Ba-2Bm-25C3-25BAsica-2Be-2Bmuitos-2Bdrinks-2B-2Breprodu-25C3-25A7-25C3-25A3o-2Bv-25C3-25ADdeo-2Binstagram.jpg",152,272,false],"colormag-featured-post-medium":["https:\/\/focas.uniso.br\/wp-content\/uploads\/2020\/05\/A-2Bfesta-2Bteve-2Bdireito-2Ba-2Bm-25C3-25BAsica-2Be-2Bmuitos-2Bdrinks-2B-2Breprodu-25C3-25A7-25C3-25A3o-2Bv-25C3-25ADdeo-2Binstagram.jpg",114,205,false],"colormag-featured-post-small":["https:\/\/focas.uniso.br\/wp-content\/uploads\/2020\/05\/A-2Bfesta-2Bteve-2Bdireito-2Ba-2Bm-25C3-25BAsica-2Be-2Bmuitos-2Bdrinks-2B-2Breprodu-25C3-25A7-25C3-25A3o-2Bv-25C3-25ADdeo-2Binstagram.jpg",50,90,false],"colormag-featured-image":["https:\/\/focas.uniso.br\/wp-content\/uploads\/2020\/05\/A-2Bfesta-2Bteve-2Bdireito-2Ba-2Bm-25C3-25BAsica-2Be-2Bmuitos-2Bdrinks-2B-2Breprodu-25C3-25A7-25C3-25A3o-2Bv-25C3-25ADdeo-2Binstagram.jpg",248,445,false],"colormag-default-news":["https:\/\/focas.uniso.br\/wp-content\/uploads\/2020\/05\/A-2Bfesta-2Bteve-2Bdireito-2Ba-2Bm-25C3-25BAsica-2Be-2Bmuitos-2Bdrinks-2B-2Breprodu-25C3-25A7-25C3-25A3o-2Bv-25C3-25ADdeo-2Binstagram.jpg",84,150,false],"colormag-featured-image-large":["https:\/\/focas.uniso.br\/wp-content\/uploads\/2020\/05\/A-2Bfesta-2Bteve-2Bdireito-2Ba-2Bm-25C3-25BAsica-2Be-2Bmuitos-2Bdrinks-2B-2Breprodu-25C3-25A7-25C3-25A3o-2Bv-25C3-25ADdeo-2Binstagram.jpg",335,600,false]},"author_info":{"info":["focas"]},"category_info":"<a href=\"https:\/\/focas.uniso.br\/index.php\/category\/uncategorized\/\" rel=\"category tag\">Uncategorized<\/a>","tag_info":"Uncategorized","comment_count":"0","_links":{"self":[{"href":"https:\/\/focas.uniso.br\/index.php\/wp-json\/wp\/v2\/posts\/12","targetHints":{"allow":["GET"]}}],"collection":[{"href":"https:\/\/focas.uniso.br\/index.php\/wp-json\/wp\/v2\/posts"}],"about":[{"href":"https:\/\/focas.uniso.br\/index.php\/wp-json\/wp\/v2\/types\/post"}],"author":[{"embeddable":true,"href":"https:\/\/focas.uniso.br\/index.php\/wp-json\/wp\/v2\/users\/1"}],"replies":[{"embeddable":true,"href":"https:\/\/focas.uniso.br\/index.php\/wp-json\/wp\/v2\/comments?post=12"}],"version-history":[{"count":2,"href":"https:\/\/focas.uniso.br\/index.php\/wp-json\/wp\/v2\/posts\/12\/revisions"}],"predecessor-version":[{"id":869,"href":"https:\/\/focas.uniso.br\/index.php\/wp-json\/wp\/v2\/posts\/12\/revisions\/869"}],"wp:featuredmedia":[{"embeddable":true,"href":"https:\/\/focas.uniso.br\/index.php\/wp-json\/wp\/v2\/media\/786"}],"wp:attachment":[{"href":"https:\/\/focas.uniso.br\/index.php\/wp-json\/wp\/v2\/media?parent=12"}],"wp:term":[{"taxonomy":"category","embeddable":true,"href":"https:\/\/focas.uniso.br\/index.php\/wp-json\/wp\/v2\/categories?post=12"},{"taxonomy":"post_tag","embeddable":true,"href":"https:\/\/focas.uniso.br\/index.php\/wp-json\/wp\/v2\/tags?post=12"}],"curies":[{"name":"wp","href":"https:\/\/api.w.org\/{rel}","templated":true}]}}