{"id":122,"date":"2019-04-04T21:52:00","date_gmt":"2019-04-04T21:52:00","guid":{"rendered":"http:\/\/focas.uniso.br\/index.php\/2019\/04\/04\/curso-modos-de-viver-sustentaveis-acontece-no-sesc-sorocaba\/"},"modified":"2019-04-04T21:52:00","modified_gmt":"2019-04-04T21:52:00","slug":"curso-modos-de-viver-sustentaveis-acontece-no-sesc-sorocaba","status":"publish","type":"post","link":"https:\/\/focas.uniso.br\/index.php\/2019\/04\/04\/curso-modos-de-viver-sustentaveis-acontece-no-sesc-sorocaba\/","title":{"rendered":"Curso Modos de Viver Sustent\u00e1veis acontece no Sesc Sorocaba"},"content":{"rendered":"<div style=\"clear: both; text-align: center;\"><a href=\"https:\/\/3.bp.blogspot.com\/-U0XamUAN-N8\/XKZ8fA6elFI\/AAAAAAAAIHI\/UXV8Jwcq7r4wwHlAjqghX-1Q6uv1HNlpgCLcBGAs\/s1600\/WhatsApp%2BImage%2B2019-04-01%2Bat%2B09.42.20.jpeg\" style=\"margin-left: 1em; margin-right: 1em;\"><img loading=\"lazy\" decoding=\"async\" border=\"0\" data-original-height=\"1280\" data-original-width=\"905\" height=\"640\" src=\"https:\/\/3.bp.blogspot.com\/-U0XamUAN-N8\/XKZ8fA6elFI\/AAAAAAAAIHI\/UXV8Jwcq7r4wwHlAjqghX-1Q6uv1HNlpgCLcBGAs\/s640\/WhatsApp%2BImage%2B2019-04-01%2Bat%2B09.42.20.jpeg\" width=\"452\" \/><\/a><\/div>\n<div style=\"text-align: justify;\"><span style=\"font-family: inherit;\"><br \/><\/span><\/div>\n<div style=\"text-align: justify;\"><span style=\"font-family: inherit;\"><br \/><\/span><\/div>\n<div style=\"text-align: justify;\"><span style=\"font-family: inherit;\">Em sua terceira edi\u00e7\u00e3o, a parceria do Coletivo \u201cRitmos de Pensamento\u201d (UNISO) com o projeto \u201cEduca\u00e7\u00e3o pelo Envolvimento\u201d (SESC &#8211; Sorocaba), apresenta para 2019 o curso de forma\u00e7\u00e3o \u201cModos de viver sustent\u00e1veis\u201d. Nesta edi\u00e7\u00e3o, o curso abordar\u00e1 tem\u00e1ticas que envolvem diferentes modos de pensar a vida e seus aspectos educacionais, culturais e art\u00edsticos, numa perspectiva ecologista. Os encontros ser\u00e3o realizados nas tardes de sexta feira das 13h \u00e0s 16h e nas manh\u00e3s de s\u00e1bado das 10h \u00e0s 13h, na unidade do SESC Sorocaba, de 05 de abril a 15 de junho de 2019, e seu fechamento ser\u00e1 no dia 18 de junho 19h \u00e0s 21h com a Palestra de Rubens Matuck e Marcos Reigota.<\/span><\/div>\n<div style=\"text-align: justify;\"><span style=\"font-family: inherit;\"><br \/><\/span><\/div>\n<div style=\"text-align: justify;\"><span style=\"font-family: inherit;\">O curso, coordenado por Alda Romaguera (UNISO), est\u00e1 organizado em cinco m\u00f3dulos cujas metodologias incluem viv\u00eancias e estudos sobre as m\u00faltiplas quest\u00f5es contempor\u00e2neas que nos atravessam com e na cidade, nos espa\u00e7os p\u00fablicos, nos ambientes, nas rela\u00e7\u00f5es humanas e n\u00e3o humanas. Para a condu\u00e7\u00e3o foram convidados os pesquisadores e artistas: Solange Alboreda (Modos de Viver e cinema), Susana Dias, Tatiana Plens Oliveira, Carolina Scartezini e Glauco Roberto da Silva (modos de viver: sensibilidades) , Wenceslau M. de O. J\u00fanior (modos de viver e cinema) , Davi Kopenawa e Alik Wunder, Ana Godoy (modos de viver: eco\/pol\u00edticas ) Rodrigo Barchi e \u00c9der Proen\u00e7a (modos de viver: eco\/pol\u00edticas) , Mary Jane Paris Spink (modos (in)sustent\u00e1veis de viver), Ben\u00e9 Fonteles (modos de viver: eco\/po\u00e9ticas) , Vidal Dias (modos (in)sustent\u00e1veis de viver), Carlos Brand\u00e3o e Alik Wunder (modos de viver: eco\/po\u00e9ticas).&nbsp;<\/span><\/div>\n<div style=\"text-align: justify;\"><span style=\"font-family: inherit;\"><br \/><\/span><\/div>\n<div style=\"text-align: justify;\"><span style=\"font-family: inherit;\">As inscri\u00e7\u00f5es ser\u00e3o gratuitas e poder\u00e3o ser realizadas presencialmente na unidade de Sorocaba a partir do 26\/03 com credencial plena, ou 29\/03 para as demais categorias.<\/span><\/div>\n<div style=\"text-align: justify;\"><span style=\"font-family: inherit;\"><br \/><\/span><\/div>\n<div style=\"text-align: justify;\"><span style=\"font-family: inherit;\"><br \/><\/span><\/div>\n<div style=\"text-align: justify;\"><span style=\"font-family: inherit;\">Texto: Assessoria de Comunica\u00e7\u00e3o | ASSECOM UNISO<\/span><\/div>\n","protected":false},"excerpt":{"rendered":"<p>Em sua terceira edi\u00e7\u00e3o, a parceria do Coletivo \u201cRitmos de Pensamento\u201d (UNISO) com o projeto \u201cEduca\u00e7\u00e3o pelo Envolvimento\u201d (SESC &#8211;<\/p>\n","protected":false},"author":1,"featured_media":0,"comment_status":"open","ping_status":"open","sticky":false,"template":"","format":"standard","meta":{"colormag_page_container_layout":"default_layout","colormag_page_sidebar_layout":"default_layout","footnotes":""},"categories":[1],"tags":[],"class_list":["post-122","post","type-post","status-publish","format-standard","hentry","category-uncategorized"],"featured_image_urls":{"full":"","thumbnail":"","medium":"","medium_large":"","large":"","1536x1536":"","2048x2048":"","colormag-highlighted-post":"","colormag-featured-post-medium":"","colormag-featured-post-small":"","colormag-featured-image":"","colormag-default-news":"","colormag-featured-image-large":""},"author_info":{"info":["focas"]},"category_info":"<a href=\"https:\/\/focas.uniso.br\/index.php\/category\/uncategorized\/\" rel=\"category tag\">Uncategorized<\/a>","tag_info":"Uncategorized","comment_count":"0","_links":{"self":[{"href":"https:\/\/focas.uniso.br\/index.php\/wp-json\/wp\/v2\/posts\/122","targetHints":{"allow":["GET"]}}],"collection":[{"href":"https:\/\/focas.uniso.br\/index.php\/wp-json\/wp\/v2\/posts"}],"about":[{"href":"https:\/\/focas.uniso.br\/index.php\/wp-json\/wp\/v2\/types\/post"}],"author":[{"embeddable":true,"href":"https:\/\/focas.uniso.br\/index.php\/wp-json\/wp\/v2\/users\/1"}],"replies":[{"embeddable":true,"href":"https:\/\/focas.uniso.br\/index.php\/wp-json\/wp\/v2\/comments?post=122"}],"version-history":[{"count":0,"href":"https:\/\/focas.uniso.br\/index.php\/wp-json\/wp\/v2\/posts\/122\/revisions"}],"wp:attachment":[{"href":"https:\/\/focas.uniso.br\/index.php\/wp-json\/wp\/v2\/media?parent=122"}],"wp:term":[{"taxonomy":"category","embeddable":true,"href":"https:\/\/focas.uniso.br\/index.php\/wp-json\/wp\/v2\/categories?post=122"},{"taxonomy":"post_tag","embeddable":true,"href":"https:\/\/focas.uniso.br\/index.php\/wp-json\/wp\/v2\/tags?post=122"}],"curies":[{"name":"wp","href":"https:\/\/api.w.org\/{rel}","templated":true}]}}