{"id":123,"date":"2019-04-03T17:10:00","date_gmt":"2019-04-03T17:10:00","guid":{"rendered":"http:\/\/focas.uniso.br\/index.php\/2019\/04\/03\/sorocaba-recebe-a-11-da-caminhada-de-conscientizacao-do-autismo\/"},"modified":"2019-04-03T17:10:00","modified_gmt":"2019-04-03T17:10:00","slug":"sorocaba-recebe-a-11-da-caminhada-de-conscientizacao-do-autismo","status":"publish","type":"post","link":"https:\/\/focas.uniso.br\/index.php\/2019\/04\/03\/sorocaba-recebe-a-11-da-caminhada-de-conscientizacao-do-autismo\/","title":{"rendered":"Sorocaba recebe a 11\u00b0 da Caminhada de Conscientiza\u00e7\u00e3o do Autismo"},"content":{"rendered":"<div style=\"clear: both; text-align: center;\"><a href=\"https:\/\/2.bp.blogspot.com\/-ZJDbCDcop1c\/XKTxMxOTuxI\/AAAAAAAAIG8\/bdw2ZP9y_4MG5Ment04EuiZruO9HOBIfACLcBGAs\/s1600\/Folder%2B11%25C2%25AA%2BCaminhada%2B2019.jpg\" style=\"margin-left: 1em; margin-right: 1em;\"><img loading=\"lazy\" decoding=\"async\" border=\"0\" data-original-height=\"1200\" data-original-width=\"849\" height=\"640\" src=\"https:\/\/2.bp.blogspot.com\/-ZJDbCDcop1c\/XKTxMxOTuxI\/AAAAAAAAIG8\/bdw2ZP9y_4MG5Ment04EuiZruO9HOBIfACLcBGAs\/s640\/Folder%2B11%25C2%25AA%2BCaminhada%2B2019.jpg\" width=\"452\" \/><\/a><\/div>\n<p><\/p>\n<div><span style=\"font-size: 12pt; line-height: 107%;\"><span style=\"font-family: inherit;\">A 11\u00b0 Caminhada da Conscientiza\u00e7\u00e3o do Autismo acontece no pr\u00f3ximo domingo, dia 7, a partir das 08h30, no Parque Campolim, com a apresenta\u00e7\u00e3o de Jurema Nascimento, cover de Rita Lee, al\u00e9m de outras bandas.<o:p><\/o:p><\/span><\/span><\/div>\n<div><span style=\"font-size: 12pt; line-height: 107%;\"><span style=\"font-family: inherit;\"><br \/><\/span><\/span><\/div>\n<div><span style=\"font-size: 12pt; line-height: 107%;\"><span style=\"font-family: inherit;\">O evento, organizado pela Associa\u00e7\u00e3o Amigos dos Autistas de Sorocaba (Amas), marca o Dia Internacional do Autismo, institu\u00eddo em 2 de abril pela Organiza\u00e7\u00e3o das Na\u00e7\u00f5es Unidas (ONU).<o:p><\/o:p><\/span><\/span><\/div>\n<div><span style=\"font-size: 12pt; line-height: 107%;\"><span style=\"font-family: inherit;\"><br \/><\/span><\/span><\/div>\n<div><span style=\"font-size: 12pt; line-height: 107%;\"><span style=\"font-family: inherit;\">A entrada \u00e9 gratuita, por\u00e9m pede-se uma ajuda \u00e0 institui\u00e7\u00e3o, adquirindo camisetas que ser\u00e3o vendidas no espa\u00e7o do evento.<o:p><\/o:p><\/span><\/span><\/div>\n<div><span style=\"font-family: inherit;\"><span style=\"font-size: 12pt; line-height: 107%;\">O Parque Campolim fica localiza da avenida Ant\u00f4nio Carlos Comitre, s\/n\u00b0. Outras informa\u00e7\u00f5es pelo telefone <\/span><a href=\"https:\/\/www.google.com\/search?rlz=1C1PRFC_pt-BRBR828BR828&amp;ei=N8ikXK_4D8Kw5OUPq7OC6AU&amp;q=pela+Associa%C3%A7%C3%A3o+Amigos+dos+Autistas+de+Sorocaba+%28Amas%29&amp;oq=pela+Associa%C3%A7%C3%A3o+Amigos+dos+Autistas+de+Sorocaba+%28Amas%29&amp;gs_l=psy-ab.12...1565.1565..2759...0.0..0.102.102.0j1......0....2j1..gws-wiz.wack_26-o_A\" title=\"Ligar pelo Hangouts\"><span style=\"background: white; color: windowtext; font-size: 12pt; line-height: 107%; text-decoration: none;\">(15) 3222-4646<\/span><\/a><span style=\"font-size: 12.0pt; line-height: 107%;\">.<\/span><span style=\"font-size: 12pt; line-height: 107%;\"><o:p><\/o:p><\/span><\/span><\/div>\n<div><span style=\"font-family: inherit;\"><span style=\"font-size: 12.0pt; line-height: 107%;\"><br \/><\/span><\/span><\/div>\n<div><span style=\"font-family: inherit;\"><span style=\"font-size: 12.0pt; line-height: 107%;\"><br \/><\/span><\/span><\/div>\n<p><b style=\"background-color: white; color: #444444; font-family: arial, helvetica, sans-serif; font-size: 13px;\"><span style=\"font-family: &quot;verdana&quot; , sans-serif;\">PROJETO FOCA SOLID\u00c1RIA<\/span><\/b><br \/><span style=\"background-color: white; color: #444444; font-family: &quot;trebuchet ms&quot; , sans-serif; font-size: xx-small;\"><b>Produ\u00e7\u00e3o: alunos do 1\u00ba per\u00edodo de Jornalismo<\/b><\/span><br \/><span style=\"font-family: &quot;trebuchet ms&quot; , sans-serif;\"><span style=\"font-size: xx-small;\"><b><br style=\"background-color: white; color: #444444;\" \/><\/b><\/span><\/span><span style=\"background-color: white; color: #444444;\"><span style=\"font-family: inherit; font-size: x-small;\">Texto: Richard Santos &#8211;&nbsp;<i>&nbsp;Ag\u00eancia Focs \/ Jornalismo Uniso<\/i><\/span><\/span><\/p>\n","protected":false},"excerpt":{"rendered":"<p>A 11\u00b0 Caminhada da Conscientiza\u00e7\u00e3o do Autismo acontece no pr\u00f3ximo domingo, dia 7, a partir das 08h30, no Parque Campolim,<\/p>\n","protected":false},"author":1,"featured_media":0,"comment_status":"open","ping_status":"open","sticky":false,"template":"","format":"standard","meta":{"colormag_page_container_layout":"default_layout","colormag_page_sidebar_layout":"default_layout","footnotes":""},"categories":[5],"tags":[],"class_list":["post-123","post","type-post","status-publish","format-standard","hentry","category-foca-solidaria"],"featured_image_urls":{"full":"","thumbnail":"","medium":"","medium_large":"","large":"","1536x1536":"","2048x2048":"","colormag-highlighted-post":"","colormag-featured-post-medium":"","colormag-featured-post-small":"","colormag-featured-image":"","colormag-default-news":"","colormag-featured-image-large":""},"author_info":{"info":["focas"]},"category_info":"<a href=\"https:\/\/focas.uniso.br\/index.php\/category\/foca-solidaria\/\" rel=\"category tag\">Foca Solid\u00e1ria<\/a>","tag_info":"Foca Solid\u00e1ria","comment_count":"0","_links":{"self":[{"href":"https:\/\/focas.uniso.br\/index.php\/wp-json\/wp\/v2\/posts\/123","targetHints":{"allow":["GET"]}}],"collection":[{"href":"https:\/\/focas.uniso.br\/index.php\/wp-json\/wp\/v2\/posts"}],"about":[{"href":"https:\/\/focas.uniso.br\/index.php\/wp-json\/wp\/v2\/types\/post"}],"author":[{"embeddable":true,"href":"https:\/\/focas.uniso.br\/index.php\/wp-json\/wp\/v2\/users\/1"}],"replies":[{"embeddable":true,"href":"https:\/\/focas.uniso.br\/index.php\/wp-json\/wp\/v2\/comments?post=123"}],"version-history":[{"count":0,"href":"https:\/\/focas.uniso.br\/index.php\/wp-json\/wp\/v2\/posts\/123\/revisions"}],"wp:attachment":[{"href":"https:\/\/focas.uniso.br\/index.php\/wp-json\/wp\/v2\/media?parent=123"}],"wp:term":[{"taxonomy":"category","embeddable":true,"href":"https:\/\/focas.uniso.br\/index.php\/wp-json\/wp\/v2\/categories?post=123"},{"taxonomy":"post_tag","embeddable":true,"href":"https:\/\/focas.uniso.br\/index.php\/wp-json\/wp\/v2\/tags?post=123"}],"curies":[{"name":"wp","href":"https:\/\/api.w.org\/{rel}","templated":true}]}}