{"id":128,"date":"2019-04-02T12:12:00","date_gmt":"2019-04-02T12:12:00","guid":{"rendered":"http:\/\/focas.uniso.br\/index.php\/2019\/04\/02\/projeto-tia-tuka-recebe-doacoes\/"},"modified":"2019-04-02T12:12:00","modified_gmt":"2019-04-02T12:12:00","slug":"projeto-tia-tuka-recebe-doacoes","status":"publish","type":"post","link":"https:\/\/focas.uniso.br\/index.php\/2019\/04\/02\/projeto-tia-tuka-recebe-doacoes\/","title":{"rendered":"Projeto Tia Tuka recebe doa\u00e7\u00f5es"},"content":{"rendered":"<p><\/p>\n<div style=\"text-align: justify;\">O Projeto Tia Tuka, uma creche que abriga 25 crian\u00e7as de zero a 7 anos, precisa de doa\u00e7\u00f5es de brinquedos, roupas e mantimentos. Segundo Cacilda Rocha, a tia Tuka, o projeto, criado no bairro Paineiras, em Sorocaba, tem por o objetivo atender pais de baixa renda. Atualmente, as crian\u00e7as permanecem no local das 7h \u00e0s 19h, de forma gratuita.<o:p><\/o:p><\/div>\n<div style=\"text-align: justify;\"><\/div>\n<div style=\"text-align: justify;\">Dessa forma, a institui\u00e7\u00e3o se mant\u00e9m atrav\u00e9s de doa\u00e7\u00f5es e a\u00e7\u00f5es beneficentes organizadas por volunt\u00e1rios. Para ajudar a Tia Tuka, basta entrar em contato pelos telefones (15) 99668.7746 e (15) 99776.9120.<o:p><\/o:p><\/div>\n<p><b style=\"background-color: white; color: #444444; font-family: arial, helvetica, sans-serif; font-size: 13px;\"><span style=\"font-family: verdana, sans-serif;\">PROJETO FOCA SOLID\u00c1RIA<\/span><\/b><br style=\"background-color: white; color: #444444; font-family: Arial, Helvetica, sans-serif; font-size: 13px;\" \/><span style=\"background-color: white; color: #444444; font-family: &quot;trebuchet ms&quot;, sans-serif; font-size: xx-small;\"><b>Produ\u00e7\u00e3o: alunos do 1\u00ba per\u00edodo de Jornalismo<\/b><\/span><br \/><span style=\"font-family: inherit; font-size: x-small;\">Texto: Ana Carolina Santos&nbsp;<i style=\"background-color: white;\">&nbsp;&#8211; Ag\u00eancia Focs \/ Jornalismo Uniso<\/i><\/span><\/p>\n","protected":false},"excerpt":{"rendered":"<p>O Projeto Tia Tuka, uma creche que abriga 25 crian\u00e7as de zero a 7 anos, precisa de doa\u00e7\u00f5es de brinquedos,<\/p>\n","protected":false},"author":1,"featured_media":0,"comment_status":"open","ping_status":"open","sticky":false,"template":"","format":"standard","meta":{"colormag_page_container_layout":"default_layout","colormag_page_sidebar_layout":"default_layout","footnotes":""},"categories":[5],"tags":[],"class_list":["post-128","post","type-post","status-publish","format-standard","hentry","category-foca-solidaria"],"featured_image_urls":{"full":"","thumbnail":"","medium":"","medium_large":"","large":"","1536x1536":"","2048x2048":"","colormag-highlighted-post":"","colormag-featured-post-medium":"","colormag-featured-post-small":"","colormag-featured-image":"","colormag-default-news":"","colormag-featured-image-large":""},"author_info":{"info":["focas"]},"category_info":"<a href=\"https:\/\/focas.uniso.br\/index.php\/category\/foca-solidaria\/\" rel=\"category tag\">Foca Solid\u00e1ria<\/a>","tag_info":"Foca Solid\u00e1ria","comment_count":"0","_links":{"self":[{"href":"https:\/\/focas.uniso.br\/index.php\/wp-json\/wp\/v2\/posts\/128","targetHints":{"allow":["GET"]}}],"collection":[{"href":"https:\/\/focas.uniso.br\/index.php\/wp-json\/wp\/v2\/posts"}],"about":[{"href":"https:\/\/focas.uniso.br\/index.php\/wp-json\/wp\/v2\/types\/post"}],"author":[{"embeddable":true,"href":"https:\/\/focas.uniso.br\/index.php\/wp-json\/wp\/v2\/users\/1"}],"replies":[{"embeddable":true,"href":"https:\/\/focas.uniso.br\/index.php\/wp-json\/wp\/v2\/comments?post=128"}],"version-history":[{"count":0,"href":"https:\/\/focas.uniso.br\/index.php\/wp-json\/wp\/v2\/posts\/128\/revisions"}],"wp:attachment":[{"href":"https:\/\/focas.uniso.br\/index.php\/wp-json\/wp\/v2\/media?parent=128"}],"wp:term":[{"taxonomy":"category","embeddable":true,"href":"https:\/\/focas.uniso.br\/index.php\/wp-json\/wp\/v2\/categories?post=128"},{"taxonomy":"post_tag","embeddable":true,"href":"https:\/\/focas.uniso.br\/index.php\/wp-json\/wp\/v2\/tags?post=128"}],"curies":[{"name":"wp","href":"https:\/\/api.w.org\/{rel}","templated":true}]}}