{"id":129,"date":"2019-04-02T12:10:00","date_gmt":"2019-04-02T12:10:00","guid":{"rendered":"http:\/\/focas.uniso.br\/index.php\/2019\/04\/02\/mapas-feitos-a-mao-estao-em-exposicao-no-ihggs\/"},"modified":"2019-04-02T12:10:00","modified_gmt":"2019-04-02T12:10:00","slug":"mapas-feitos-a-mao-estao-em-exposicao-no-ihggs","status":"publish","type":"post","link":"https:\/\/focas.uniso.br\/index.php\/2019\/04\/02\/mapas-feitos-a-mao-estao-em-exposicao-no-ihggs\/","title":{"rendered":"Mapas Feitos \u00e0 M\u00e3o est\u00e3o em exposi\u00e7\u00e3o no IHGGS"},"content":{"rendered":"<div style=\"clear: both; text-align: center;\"><a href=\"https:\/\/2.bp.blogspot.com\/-OKU_fVcY8Ks\/XKNP_0KlBtI\/AAAAAAAAIGQ\/7-GXdUyGasgTzQVDuunaduY32peV4R5EQCLcBGAs\/s1600\/5.jpg\" style=\"clear: left; float: left; margin-bottom: 1em; margin-right: 1em;\"><img loading=\"lazy\" decoding=\"async\" border=\"0\" data-original-height=\"1067\" data-original-width=\"1600\" height=\"426\" src=\"https:\/\/2.bp.blogspot.com\/-OKU_fVcY8Ks\/XKNP_0KlBtI\/AAAAAAAAIGQ\/7-GXdUyGasgTzQVDuunaduY32peV4R5EQCLcBGAs\/s640\/5.jpg\" width=\"640\" \/><\/a><\/div>\n<p><\/p>\n<div style=\"text-align: justify;\"><span style=\"font-size: 12pt;\">Mapas feitos \u00e0 m\u00e3o s\u00e3o raros atualmente. Resgatando essa arte antiga, o artista pl\u00e1stico Francisco Stein, 56 anos, promove a exposi\u00e7\u00e3o \u201cA Arte Milenar dos Mapas Feitos \u00e0 M\u00e3o\u201d, com 18 mapas selecionados de seu arquivo pessoal, no Instituto Hist\u00f3rico, Geogr\u00e1fico e Geneal\u00f3gico de Sorocaba (IHGGS). A exibi\u00e7\u00e3o conta com mapas tem\u00e1ticos, hist\u00f3ricos, atuais e antigos. A globaliza\u00e7\u00e3o atrav\u00e9s do u\u00edsque e a lamenta\u00e7\u00e3o de J\u00f3 s\u00e3o temas presentes. Alguns s\u00e3o de autoria pr\u00f3pria e outros s\u00e3o reprodu\u00e7\u00f5es.&nbsp;<\/span><\/div>\n<div style=\"text-align: justify;\"><span style=\"font-size: 12pt;\"><br \/><\/span><\/div>\n<div style=\"text-align: justify;\"><span style=\"font-size: 12.0pt; line-height: 115%;\">Francisco \u00e9 sorocabano, e com 4 anos j\u00e1 era apaixonado por Hist\u00f3ria, Geografia e mapas: \u201cAlguns colecionavam moedas, outros colecionavam selos. Eu colecionava mapas\u201d, conta o artista. \u201cEsses mapas antigos, dos s\u00e9culos XV, XVI e XVII, t\u00eam v\u00e1rios detalhes e s\u00e3o verdadeiras obras de arte. Aqueles navios, aqueles monstros, toda aquela firula&#8230; Eram obras que acabaram sendo escurecidas pelos grandes pintores. Ningu\u00e9m nunca teve muito interesse em mapas\u201d. <span style=\"mso-spacerun: yes;\">&nbsp;<\/span>Ele trabalhou como projetista mec\u00e2nico, cargo que fez com que aprendesse a usar tinta nanquim, prancheta e papel poli\u00e9ster, materiais posteriormente fundamentais para a elabora\u00e7\u00e3o de seus mapas. <o:p><\/o:p><\/span><\/div>\n<div style=\"text-align: justify;\"><span style=\"font-size: 12.0pt; line-height: 115%;\"><br \/><\/span><\/div>\n<div style=\"text-align: justify;\"><span style=\"font-size: 12.0pt; line-height: 115%;\">\u201cComecei a pintar com giz de cera. Depois fui evoluindo e acabei no giz pastel. Hoje trabalho com tinta soft pastel. Uso pincel tamb\u00e9m com tinta \u00f3leo, que parece que tem vida pr\u00f3pria. Mas sempre desenho primeiro com tinta nanquim\u201d, fala Stein sobre o processo de elabora\u00e7\u00e3o de seus mapas. Cada um deles leva cerca de 300 horas para ser feito. S\u00e3o todos no papel poli\u00e9ster que parece o vegetal, j\u00e1 que \u00e9 bem resistente: se enterrado, levaria pelo menos 400 anos para o in\u00edcio da decomposi\u00e7\u00e3o. E para finalizar, um verniz protetor. Os mapas ainda ficam armazenados num sandu\u00edche de vidro. <o:p><\/o:p><\/span><\/div>\n<div style=\"text-align: justify;\"><span style=\"font-size: 12.0pt; line-height: 115%;\"><br \/><\/span><\/p>\n<div style=\"text-align: left;\"><\/div>\n<div style=\"clear: both; text-align: center;\"><\/div>\n<p><span style=\"font-size: 12pt;\">O desenhista j\u00e1 iniciou estudos na \u00e1rea de Hist\u00f3ria, mas foi obrigado a parar para trabalhar na \u00e1rea comercial. Francisco, no entanto, teve a oportunidade de lecionar em uma escola na Vila Serra, em S\u00e3o Paulo, durante 3 anos. L\u00e1, desenhava mapas na lousa. Depois come\u00e7ou a levar mapas em papel vegetal para a sala de aula.<\/span><\/div>\n<div style=\"text-align: justify;\"><span style=\"font-size: 12pt;\"><br \/><\/span><\/div>\n<div style=\"text-align: justify;\"><span style=\"font-size: 12pt;\">Hoje, o artista faz mapas por encomenda e tenta se sustentar financeiramente com isso: \u201cV\u00e1rias vezes deixei a \u00e1rea comercial para tentar os mapas. Acabei desistindo e voltando. Isso aconteceu muitas vezes. Este ano, estou fazendo uma \u00faltima tentativa para ver se a coisa dos desenhos decola\u201d, conta Francisco.<\/span><\/div>\n<div style=\"text-align: justify;\"><span style=\"font-size: 12pt;\"><br \/><\/span><\/div>\n<div style=\"text-align: justify;\"><span style=\"font-size: 12.0pt; line-height: 115%;\">Os mapas est\u00e3o expostos no Instituto Hist\u00f3rico, Geogr\u00e1fico e Geneal\u00f3gico, na Rua Ruy Barbosa, 84., at\u00e9 o pr\u00f3ximo dia 5, de segunda a sexta, das 9h \u00e0s 12h e das 14h \u00e0s 17h. Acompanhe o trabalho de Francisco Stein no Instagram e no Facebook: <i style=\"mso-bidi-font-style: normal;\">steinmapas <\/i>e em <\/span><a href=\"http:\/\/www.steinmapas.com\/\"><i style=\"mso-bidi-font-style: normal;\"><span style=\"font-size: 12.0pt; line-height: 115%;\">www.steinmapas.com<\/span><\/i><\/a><span style=\"font-size: 12.0pt; line-height: 115%;\">. P<\/span>ara mais informa\u00e7\u00f5es e contato:&nbsp; +55 15 99727-8377 ou <a href=\"mailto:contato@steinmapas.com\">contato@steinmapas.com<\/a>&nbsp;&nbsp;<\/div>\n<div><o:p><\/o:p><\/div>\n<div style=\"text-align: justify;\"><span style=\"font-family: inherit; font-size: x-small;\"><i style=\"background-color: white;\"><br \/><\/i><\/span><\/p>\n<div style=\"clear: both; text-align: center;\"><a href=\"https:\/\/1.bp.blogspot.com\/-sDgbifUQ-cs\/XKNQdKAfNBI\/AAAAAAAAIGY\/-izItFR69RwJSUP1YvNG-rwjUX_NbF3MwCLcBGAs\/s1600\/4.jpg\" style=\"margin-left: 1em; margin-right: 1em;\"><img loading=\"lazy\" decoding=\"async\" border=\"0\" data-original-height=\"1067\" data-original-width=\"1600\" height=\"266\" src=\"https:\/\/1.bp.blogspot.com\/-sDgbifUQ-cs\/XKNQdKAfNBI\/AAAAAAAAIGY\/-izItFR69RwJSUP1YvNG-rwjUX_NbF3MwCLcBGAs\/s400\/4.jpg\" width=\"400\" \/><\/a><\/div>\n<div style=\"clear: both; text-align: center;\"><span style=\"font-size: x-small;\"><i>THE HIGH CHAPARRAL \u2013 Mapa desenvolvido a pedido de um grande f\u00e3 da s\u00e9rie<\/i><\/span><\/div>\n<div style=\"clear: both; text-align: center;\"><span style=\"font-size: x-small;\"><i>de TV Sr. Mario Massaglia.<\/i><\/span><\/div>\n<p><span style=\"font-size: x-small;\">Texto e imagens: Giovanna Abbate&nbsp;&#8211;&nbsp;<\/span><i style=\"background-color: white; font-size: small;\">&nbsp;Ag\u00eancia Focs \/ Jornalismo Uniso<\/i><\/div>\n","protected":false},"excerpt":{"rendered":"<p>Mapas feitos \u00e0 m\u00e3o s\u00e3o raros atualmente. Resgatando essa arte antiga, o artista pl\u00e1stico Francisco Stein, 56 anos, promove a<\/p>\n","protected":false},"author":1,"featured_media":0,"comment_status":"open","ping_status":"open","sticky":false,"template":"","format":"standard","meta":{"colormag_page_container_layout":"default_layout","colormag_page_sidebar_layout":"default_layout","footnotes":""},"categories":[1],"tags":[],"class_list":["post-129","post","type-post","status-publish","format-standard","hentry","category-uncategorized"],"featured_image_urls":{"full":"","thumbnail":"","medium":"","medium_large":"","large":"","1536x1536":"","2048x2048":"","colormag-highlighted-post":"","colormag-featured-post-medium":"","colormag-featured-post-small":"","colormag-featured-image":"","colormag-default-news":"","colormag-featured-image-large":""},"author_info":{"info":["focas"]},"category_info":"<a href=\"https:\/\/focas.uniso.br\/index.php\/category\/uncategorized\/\" rel=\"category tag\">Uncategorized<\/a>","tag_info":"Uncategorized","comment_count":"0","_links":{"self":[{"href":"https:\/\/focas.uniso.br\/index.php\/wp-json\/wp\/v2\/posts\/129","targetHints":{"allow":["GET"]}}],"collection":[{"href":"https:\/\/focas.uniso.br\/index.php\/wp-json\/wp\/v2\/posts"}],"about":[{"href":"https:\/\/focas.uniso.br\/index.php\/wp-json\/wp\/v2\/types\/post"}],"author":[{"embeddable":true,"href":"https:\/\/focas.uniso.br\/index.php\/wp-json\/wp\/v2\/users\/1"}],"replies":[{"embeddable":true,"href":"https:\/\/focas.uniso.br\/index.php\/wp-json\/wp\/v2\/comments?post=129"}],"version-history":[{"count":0,"href":"https:\/\/focas.uniso.br\/index.php\/wp-json\/wp\/v2\/posts\/129\/revisions"}],"wp:attachment":[{"href":"https:\/\/focas.uniso.br\/index.php\/wp-json\/wp\/v2\/media?parent=129"}],"wp:term":[{"taxonomy":"category","embeddable":true,"href":"https:\/\/focas.uniso.br\/index.php\/wp-json\/wp\/v2\/categories?post=129"},{"taxonomy":"post_tag","embeddable":true,"href":"https:\/\/focas.uniso.br\/index.php\/wp-json\/wp\/v2\/tags?post=129"}],"curies":[{"name":"wp","href":"https:\/\/api.w.org\/{rel}","templated":true}]}}