{"id":13,"date":"2020-05-08T13:56:00","date_gmt":"2020-05-08T13:56:00","guid":{"rendered":""},"modified":"2020-06-08T21:25:27","modified_gmt":"2020-06-08T21:25:27","slug":"tempos-de-inovar-o-uso-da-imaginacao-e-da-tecnologia-para-educar-e-entreter-as-criancas-na-pandemia-de-covid-19","status":"publish","type":"post","link":"https:\/\/focas.uniso.br\/index.php\/2020\/05\/08\/tempos-de-inovar-o-uso-da-imaginacao-e-da-tecnologia-para-educar-e-entreter-as-criancas-na-pandemia-de-covid-19\/","title":{"rendered":"Tempos de inovar: o uso da imagina\u00e7\u00e3o e da tecnologia para educar e entreter as crian\u00e7as na pandemia de COVID-19"},"content":{"rendered":"<div style=\"margin-bottom: .0001pt; margin-bottom: 0cm; margin-left: 117.7pt; margin-right: 25.5pt; margin-top: 1.1pt; text-indent: -110.7pt;\"><i><span lang=\"PT\" style=\"font-family: &quot;times new roman&quot; , &quot;serif&quot;; font-size: 12.0pt;\"><b>Objetivo \u00e9 unir entretenimento e educa\u00e7\u00e3o para que os pequenos fa\u00e7am melhor proveito do tempo ocioso em casa<\/b><o:p><\/o:p><\/span><\/i><\/div>\n<div><i style=\"mso-bidi-font-style: normal;\"><span lang=\"PT\" style=\"font-family: &quot;times new roman&quot; , serif;\"><br \/><\/span><\/i><\/div>\n<table align=\"center\" cellpadding=\"0\" cellspacing=\"0\" style=\"margin-left: auto; margin-right: auto; text-align: center;\">\n<tbody>\n<tr>\n<td style=\"text-align: center;\"><a href=\"https:\/\/focas.uniso.br\/wp-content\/uploads\/2020\/05\/FOTO-2B1-2B-2528JAQUELINE-2BRODRIGUES-2529.jpeg\" style=\"margin-left: auto; margin-right: auto;\"><img loading=\"lazy\" decoding=\"async\" border=\"0\" data-original-height=\"375\" data-original-width=\"667\" height=\"358\" src=\"https:\/\/focas.uniso.br\/wp-content\/uploads\/2020\/05\/FOTO-2B1-2B-2528JAQUELINE-2BRODRIGUES-2529-300x169.jpeg\" width=\"640\" \/><\/a><\/td>\n<\/tr>\n<tr>\n<td style=\"text-align: center;\"><span lang=\"PT\" style=\"font-family: &quot;times new roman&quot; , serif;\"><span style=\"font-size: small;\">Jaqueline (\u00e0 esquerda) faz conta\u00e7\u00e3o de hist\u00f3rias online, mantendo v\u00ednculo afetivo com as crian\u00e7as&nbsp;<\/span><\/span><\/td>\n<\/tr>\n<\/tbody>\n<\/table>\n<div style=\"text-align: center;\"><\/div>\n<div style=\"text-align: center;\"><\/div>\n<div style=\"text-align: justify;\">\n<div style=\"line-height: 150%; margin-bottom: .0001pt; margin-bottom: 0cm; margin-left: 7.0pt; margin-right: 25.5pt; margin-top: 1.1pt; text-indent: 36.0pt;\"><span lang=\"PT\" style=\"font-family: &quot;times new roman&quot; , &quot;serif&quot;;\"><span style=\"font-size: large;\">Como medida preventiva, o governo de S\u00e3o Paulo decretou isolamento social desde o dia 17 de mar\u00e7o. Inicialmente, o tempo recomendado para a perman\u00eancia das pessoas em casa era de 14 dias. Por\u00e9m, em 17 de abril, o governador Jo\u00e3o Doria (PSDB) informou a extens\u00e3o da medida para at\u00e9 10 de maio. <o:p><\/o:p><\/span><\/span><\/div>\n<div style=\"line-height: 150%; margin-bottom: .0001pt; margin-bottom: 0cm; margin-left: 7.0pt; margin-right: 25.5pt; margin-top: 1.1pt; text-indent: 36.0pt;\"><span lang=\"PT\" style=\"font-family: &quot;times new roman&quot; , &quot;serif&quot;;\"><span style=\"font-size: large;\"><br \/><\/span><\/span><\/div>\n<div style=\"line-height: 150%; margin-bottom: .0001pt; margin-bottom: 0cm; margin-left: 7.0pt; margin-right: 25.5pt; margin-top: 1.1pt; text-indent: 36.0pt;\"><span lang=\"PT\" style=\"font-family: &quot;times new roman&quot; , &quot;serif&quot;;\"><span style=\"font-size: large;\">Para atender \u00e0s recomenda\u00e7\u00f5es do Minist\u00e9rio da Sa\u00fade, institui\u00e7\u00f5es de ensino de todos os estados do Brasil tiveram suas aulas suspensas. De acordo com dados divulgados pela Organiza\u00e7\u00e3o Mundial da Sa\u00fade para a Educa\u00e7\u00e3o, a Ci\u00eancia e a Cultura (Unesco), o fechamento de escolas e universidades afetou 1,4 bilh\u00e3o de estudantes. Mas como entreter e educar as crian\u00e7as em casa, durante todos esses dias em quarentena? O desafio \u00e9 grande e quem ganha espa\u00e7o nesse momento delicado s\u00e3o os contadores de hist\u00f3ria.<o:p><\/o:p><\/span><\/span><\/div>\n<div style=\"line-height: 150%; margin-bottom: .0001pt; margin-bottom: 0cm; margin-left: 7.0pt; margin-right: 25.5pt; margin-top: 1.1pt; text-indent: 36.0pt;\"><span lang=\"PT\" style=\"font-family: &quot;times new roman&quot; , &quot;serif&quot;;\"><span style=\"font-size: large;\"><br \/><\/span><\/span><\/div>\n<div style=\"line-height: 150%; margin-bottom: .0001pt; margin-bottom: 0cm; margin-left: 0cm; margin-right: 25.5pt; margin-top: 1.1pt; text-indent: 36.0pt;\"><span lang=\"PT\" style=\"font-family: &quot;times new roman&quot; , &quot;serif&quot;;\"><span style=\"font-size: large;\">A sorocabana Jaqueline de Meira Rodrigues, 26, \u00e9 contadora de hist\u00f3rias desde 2014. Formada em Arte Educa\u00e7\u00e3o e Pedagogia, a professora conta o que tem feito para manter contato com as crian\u00e7as, mesmo de<span style=\"mso-spacerun: yes;\">&nbsp; <\/span>longe. \u201cA<span style=\"mso-spacerun: yes;\">&nbsp;&nbsp; <\/span>internet<span style=\"letter-spacing: -.8pt;\"> <\/span>tem sido uma grande aliada, visto que as crian\u00e7as s\u00e3o<span style=\"mso-spacerun: yes;\">&nbsp; <\/span>bem<span style=\"mso-spacerun: yes;\">&nbsp; <\/span>familiarizadas<span style=\"mso-spacerun: yes;\">&nbsp; <\/span>com<span style=\"mso-spacerun: yes;\">&nbsp; <\/span>esse<span style=\"mso-spacerun: yes;\">&nbsp; <\/span><span style=\"letter-spacing: .5pt;\"><span style=\"mso-spacerun: yes;\">&nbsp;<\/span><\/span>recurso. Tive bons retornos das fam\u00edlias, que filmaram os pequenos bem animados ao ver em v\u00eddeo, a professora conhecida por eles\u201d.<o:p><\/o:p><\/span><\/span><\/div>\n<div style=\"line-height: 150%; margin-bottom: .0001pt; margin-bottom: 0cm; margin-left: 0cm; margin-right: 25.5pt; margin-top: 1.1pt; text-indent: 36.0pt;\"><span lang=\"PT\" style=\"font-family: &quot;times new roman&quot; , &quot;serif&quot;;\"><span style=\"font-size: large;\"><br \/><\/span><\/span><\/div>\n<div style=\"line-height: 150%; margin-bottom: .0001pt; margin-bottom: 0cm; margin-left: 0cm; margin-right: 25.5pt; margin-top: 1.1pt; text-indent: 36.0pt;\"><span lang=\"PT\" style=\"font-family: &quot;times new roman&quot; , &quot;serif&quot;;\"><span style=\"font-size: large;\">A criatividade \u00e9 um dos elementos fundamentais para um contador de hist\u00f3rias. Em tempos de pandemia, \u00e9 preciso inovar ao narrar f\u00e1bulas por meio do olhar, tom de voz e movimentos corporais. \u201cBusco sempre utilizar na narra\u00e7\u00e3o poucos elementos em cena, \u00e9 um estilo minimalista de contar hist\u00f3rias. Utilizo apenas um cen\u00e1rio simples, e bem poucos apetrechos. A imagina\u00e7\u00e3o fica por conta dos gestos e da fala\u201d, revela Jaqueline.<o:p><\/o:p><\/span><\/span><\/div>\n<div style=\"line-height: 150%; margin-bottom: .0001pt; margin-bottom: 0cm; margin-left: 0cm; margin-right: 25.5pt; margin-top: 1.1pt; text-indent: 36.0pt;\"><span lang=\"PT\" style=\"font-family: &quot;times new roman&quot; , &quot;serif&quot;;\"><span style=\"font-size: large;\"><br \/><\/span><\/span><\/div>\n<div style=\"line-height: 148%; margin-bottom: .0001pt; margin-bottom: 0cm; margin-left: 7.0pt; margin-right: 25.5pt; margin-top: 1.1pt; text-indent: 36.0pt;\"><span lang=\"PT\" style=\"font-family: &quot;times new roman&quot; , &quot;serif&quot;;\"><span style=\"font-size: large;\">A pr\u00e1tica em contar hist\u00f3rias se faz muito presente tamb\u00e9m na vida de Beatriz Martins, 22, estudante do 7\u00ba semestre do curso de Pedagogia. Em seu perfil das redes sociais, Beatriz costuma expor seus trabalhos elaborados na universidade e na escola em que trabalha como pedagoga auxiliar. \u201cAcho importante mostrar esse tipo de conte\u00fado para que o que eu fa\u00e7o possa ser uma inspira\u00e7\u00e3o para os meus colegas e tamb\u00e9m para os pais das crian\u00e7as, que podem aplicar as atividades com seus filhos em<span style=\"letter-spacing: -.05pt;\"> <\/span>casa\u201d.<o:p><\/o:p><\/span><\/span><\/div>\n<div style=\"line-height: 148%; margin-bottom: .0001pt; margin-bottom: 0cm; margin-left: 7.0pt; margin-right: 25.5pt; margin-top: 1.1pt; text-indent: 36.0pt;\"><\/div>\n<div style=\"line-height: 148%; margin-bottom: .0001pt; margin-bottom: 0cm; margin-left: 7.0pt; margin-right: 25.5pt; margin-top: 1.1pt; text-indent: 36.0pt;\"><\/div>\n<table align=\"center\" cellpadding=\"0\" cellspacing=\"0\" style=\"margin-left: auto; margin-right: auto; text-align: center;\">\n<tbody>\n<tr>\n<td style=\"text-align: center;\"><a href=\"https:\/\/focas.uniso.br\/wp-content\/uploads\/2020\/05\/FOTO-2B1-2B-2528BEATRIZ-2BMARTINS-2529.jpeg\" style=\"margin-left: auto; margin-right: auto;\"><img loading=\"lazy\" decoding=\"async\" border=\"0\" data-original-height=\"1280\" data-original-width=\"1275\" height=\"400\" src=\"https:\/\/focas.uniso.br\/wp-content\/uploads\/2020\/05\/FOTO-2B1-2B-2528BEATRIZ-2BMARTINS-2529-300x300.jpeg\" width=\"398\" \/><\/a><\/td>\n<\/tr>\n<tr>\n<td style=\"text-align: center;\"><span lang=\"PT\" style=\"font-family: &quot;times new roman&quot; , &quot;serif&quot;; font-size: 11.0pt;\">Atividade de matem\u00e1tica criada pela estudante Beatriz Martins&nbsp;<\/span><\/td>\n<\/tr>\n<\/tbody>\n<\/table>\n<div style=\"line-height: 148%; margin-bottom: .0001pt; margin-bottom: 0cm; margin-left: 7.0pt; margin-right: 25.5pt; margin-top: 1.1pt; text-indent: 36.0pt;\"><span lang=\"PT\" style=\"font-family: &quot;times new roman&quot; , &quot;serif&quot;;\"><span style=\"font-size: large;\"><br \/><\/span><\/span><\/div>\n<div style=\"line-height: 148%; margin-bottom: .0001pt; margin-bottom: 0cm; margin-left: 7.0pt; margin-right: 25.5pt; margin-top: 1.1pt; text-indent: 36.0pt;\"><span lang=\"PT\" style=\"font-family: &quot;times new roman&quot; , &quot;serif&quot;;\"><span style=\"font-size: large;\">Atualmente, apesar de n\u00e3o estar atuando no ambiente escolar com as professoras da escola em que trabalha, Beatriz est\u00e1 por dentro das atividades desenvolvidas pelas educadoras no espa\u00e7o digital. \u201cEssas novas metodologias exigem muita criatividade e habilidade. N\u00f3s, que somos mais jovens, conseguimos perceber, por exemplo, a diferen\u00e7a que uma boa edi\u00e7\u00e3o de v\u00eddeo faz nesses momentos. \u00c9 preciso intera\u00e7\u00e3o, mesmo que de longe!\u201d. A estudante revela ainda que, em seu tempo em casa, aproveita para criar projetos e atividades para seu p\u00fablico. \u201cEstou buscando dicas, sugest\u00f5es de atividades que englobem a situa\u00e7\u00e3o do que estamos vivendo hoje, para que num futuro pr\u00f3ximo, eu possa falar sobre esse tema com os alunos. Uma atividade diferente, bem elaborada, leva tempo. Mas vale a pena! Posso usar esses projetos que venho desenvolvendo daqui a muitos anos, quando j\u00e1 estiver formada e integrada ao mercado\u201d, diz Beatriz.<o:p><\/o:p><\/span><\/span><\/div>\n<div style=\"line-height: 148%; margin-bottom: .0001pt; margin-bottom: 0cm; margin-left: 7.0pt; margin-right: 25.5pt; margin-top: 1.1pt; text-indent: 36.0pt;\"><span lang=\"PT\" style=\"font-family: &quot;times new roman&quot; , &quot;serif&quot;;\"><span style=\"font-size: large;\"><br \/><\/span><\/span><\/div>\n<div style=\"line-height: 150%; margin-bottom: .0001pt; margin-bottom: 0cm; margin-left: 7.0pt; margin-right: 25.5pt; margin-top: 1.1pt; text-indent: 36.0pt;\"><span lang=\"PT\" style=\"font-family: &quot;times new roman&quot; , &quot;serif&quot;;\"><span style=\"font-size: large;\">E se em tempos de pandemia se habituar a novos m\u00e9todos j\u00e1 n\u00e3o \u00e9 f\u00e1cil, gerenciar uma equipe de professores e auxiliares a como ocupar da melhor forma esse per\u00edodo das crian\u00e7as em casa, \u00e9 desafiador. \u00c9 o que faz N\u00edvia Fernanda Ferreira, 37, formada em Pedagogia e cursando p\u00f3s-gradua\u00e7\u00e3o em Gest\u00e3o Escolar. \u201cO principal objetivo \u00e9 apresentar atividades simples utilizando materiais que qualquer pessoa tem em casa, assim poder\u00e3o ser facilmente desenvolvidos pelas fam\u00edlias que, hoje, nos representam dentro de seus lares\u201d, comenta a pedagoga.<o:p><\/o:p><\/span><\/span><\/div>\n<div style=\"line-height: 150%; margin-bottom: .0001pt; margin-bottom: 0cm; margin-left: 7.0pt; margin-right: 25.5pt; margin-top: 1.1pt; text-indent: 36.0pt;\"><span lang=\"PT\" style=\"font-family: &quot;times new roman&quot; , &quot;serif&quot;;\"><span style=\"font-size: large;\"><br \/><\/span><\/span><\/div>\n<div style=\"border-bottom: solid windowtext 1.0pt; border: none; margin-left: 7.0pt; margin-right: 25.5pt; mso-border-bottom-alt: solid windowtext .75pt; mso-element: para-border-div; padding: 0cm 0cm 1.0pt 0cm;\">\n<div style=\"border: none; line-height: 150%; margin-bottom: .0001pt; margin-bottom: 0cm; margin-left: 0cm; margin-right: 0cm; margin-top: 1.1pt; mso-border-bottom-alt: solid windowtext .75pt; mso-padding-alt: 0cm 0cm 1.0pt 0cm; padding: 0cm; text-indent: 36.0pt;\"><span lang=\"PT\" style=\"font-family: &quot;times new roman&quot; , &quot;serif&quot;;\"><span style=\"font-size: large;\">Al\u00e9m de coordenadora pedag\u00f3gica, N\u00edvia tamb\u00e9m \u00e9 m\u00e3e de duas crian\u00e7as \u2013 de 6 e 11 anos de idade. Segundo a educadora, \u00e9 preciso cumprir dois papeis dentro de casa ao mesmo tempo: o de m\u00e3e e professora. \u201cEles n\u00e3o est\u00e3o acostumados a utilizar esse meio (internet) para estudar, mas sim para lazer. Por isso, estou sempre acompanhando esse momento para tornar mais f\u00e1cil sua compreens\u00e3o\u201d, explica. N\u00edvia revela ainda como tem usado a criatividade para manter seus filhos menos ociosos em casa: \u201ctemos aproveitado esse per\u00edodo para ficarmos juntos de fato. Assistimos a diversos conte\u00fados, fazemos brincadeiras, jogos, \u2018cinema em casa\u2019 e cozinhamos em fam\u00edlia\u201d. E mais uma vez, a internet n\u00e3o fica de fora. \u201cTamb\u00e9m temos realizado videochamadas com os nossos familiares e com a vov\u00f3 para matarmos um pouco da saudade!\u201d, conta a educadora.<\/span><o:p><\/o:p><\/span><\/div>\n<div style=\"clear: both; text-align: center;\"><\/div>\n<div style=\"border: none; line-height: 150%; margin-bottom: .0001pt; margin-bottom: 0cm; margin-left: 0cm; margin-right: 0cm; margin-top: 1.1pt; mso-border-bottom-alt: solid windowtext .75pt; mso-padding-alt: 0cm 0cm 1.0pt 0cm; padding: 0cm; text-indent: 36.0pt;\"><span lang=\"PT\" style=\"font-family: &quot;times new roman&quot; , &quot;serif&quot;;\"><br \/><\/span><\/div>\n<\/div>\n<\/div>\n<div style=\"text-align: justify;\"><span style=\"font-size: large;\">Texto:&nbsp;<span style=\"font-family: &quot;times new roman&quot; , serif; text-indent: 36pt;\">Brenda Thomaz (Ag\u00eancia Focas \u2013 Jornalismo Uniso)<\/span><\/span><\/div>\n<div style=\"text-align: justify;\"><span style=\"font-family: &quot;times new roman&quot; , serif; text-indent: 36pt;\"><span style=\"font-size: large;\">Fotos: reprodu\u00e7\u00e3o Instagram<\/span><\/span><\/div>\n<div style=\"line-height: 150%; margin-bottom: .0001pt; margin-bottom: 0cm; margin-left: 7.0pt; margin-right: 25.4pt; margin-top: .1pt; text-indent: 36.0pt;\"><span lang=\"PT\" style=\"font-family: &quot;times new roman&quot; , &quot;serif&quot;;\"><o:p><\/o:p><\/span><\/div>\n","protected":false},"excerpt":{"rendered":"<p>Objetivo \u00e9 unir entretenimento e educa\u00e7\u00e3o para que os pequenos fa\u00e7am melhor proveito do tempo ocioso em casa Jaqueline (\u00e0<\/p>\n","protected":false},"author":1,"featured_media":791,"comment_status":"open","ping_status":"open","sticky":false,"template":"","format":"standard","meta":{"colormag_page_container_layout":"default_layout","colormag_page_sidebar_layout":"default_layout","footnotes":""},"categories":[1],"tags":[],"class_list":["post-13","post","type-post","status-publish","format-standard","has-post-thumbnail","hentry","category-uncategorized"],"featured_image_urls":{"full":["https:\/\/focas.uniso.br\/wp-content\/uploads\/2020\/05\/FOTO-2B1-2B-2528JAQUELINE-2BRODRIGUES-2529.jpeg",667,375,false],"thumbnail":["https:\/\/focas.uniso.br\/wp-content\/uploads\/2020\/05\/FOTO-2B1-2B-2528JAQUELINE-2BRODRIGUES-2529-150x150.jpeg",150,150,true],"medium":["https:\/\/focas.uniso.br\/wp-content\/uploads\/2020\/05\/FOTO-2B1-2B-2528JAQUELINE-2BRODRIGUES-2529-300x169.jpeg",300,169,true],"medium_large":["https:\/\/focas.uniso.br\/wp-content\/uploads\/2020\/05\/FOTO-2B1-2B-2528JAQUELINE-2BRODRIGUES-2529.jpeg",667,375,false],"large":["https:\/\/focas.uniso.br\/wp-content\/uploads\/2020\/05\/FOTO-2B1-2B-2528JAQUELINE-2BRODRIGUES-2529.jpeg",667,375,false],"1536x1536":["https:\/\/focas.uniso.br\/wp-content\/uploads\/2020\/05\/FOTO-2B1-2B-2528JAQUELINE-2BRODRIGUES-2529.jpeg",667,375,false],"2048x2048":["https:\/\/focas.uniso.br\/wp-content\/uploads\/2020\/05\/FOTO-2B1-2B-2528JAQUELINE-2BRODRIGUES-2529.jpeg",667,375,false],"colormag-highlighted-post":["https:\/\/focas.uniso.br\/wp-content\/uploads\/2020\/05\/FOTO-2B1-2B-2528JAQUELINE-2BRODRIGUES-2529.jpeg",392,220,false],"colormag-featured-post-medium":["https:\/\/focas.uniso.br\/wp-content\/uploads\/2020\/05\/FOTO-2B1-2B-2528JAQUELINE-2BRODRIGUES-2529.jpeg",365,205,false],"colormag-featured-post-small":["https:\/\/focas.uniso.br\/wp-content\/uploads\/2020\/05\/FOTO-2B1-2B-2528JAQUELINE-2BRODRIGUES-2529.jpeg",130,73,false],"colormag-featured-image":["https:\/\/focas.uniso.br\/wp-content\/uploads\/2020\/05\/FOTO-2B1-2B-2528JAQUELINE-2BRODRIGUES-2529.jpeg",667,375,false],"colormag-default-news":["https:\/\/focas.uniso.br\/wp-content\/uploads\/2020\/05\/FOTO-2B1-2B-2528JAQUELINE-2BRODRIGUES-2529.jpeg",150,84,false],"colormag-featured-image-large":["https:\/\/focas.uniso.br\/wp-content\/uploads\/2020\/05\/FOTO-2B1-2B-2528JAQUELINE-2BRODRIGUES-2529.jpeg",667,375,false]},"author_info":{"info":["focas"]},"category_info":"<a href=\"https:\/\/focas.uniso.br\/index.php\/category\/uncategorized\/\" rel=\"category tag\">Uncategorized<\/a>","tag_info":"Uncategorized","comment_count":"0","_links":{"self":[{"href":"https:\/\/focas.uniso.br\/index.php\/wp-json\/wp\/v2\/posts\/13","targetHints":{"allow":["GET"]}}],"collection":[{"href":"https:\/\/focas.uniso.br\/index.php\/wp-json\/wp\/v2\/posts"}],"about":[{"href":"https:\/\/focas.uniso.br\/index.php\/wp-json\/wp\/v2\/types\/post"}],"author":[{"embeddable":true,"href":"https:\/\/focas.uniso.br\/index.php\/wp-json\/wp\/v2\/users\/1"}],"replies":[{"embeddable":true,"href":"https:\/\/focas.uniso.br\/index.php\/wp-json\/wp\/v2\/comments?post=13"}],"version-history":[{"count":2,"href":"https:\/\/focas.uniso.br\/index.php\/wp-json\/wp\/v2\/posts\/13\/revisions"}],"predecessor-version":[{"id":870,"href":"https:\/\/focas.uniso.br\/index.php\/wp-json\/wp\/v2\/posts\/13\/revisions\/870"}],"wp:featuredmedia":[{"embeddable":true,"href":"https:\/\/focas.uniso.br\/index.php\/wp-json\/wp\/v2\/media\/791"}],"wp:attachment":[{"href":"https:\/\/focas.uniso.br\/index.php\/wp-json\/wp\/v2\/media?parent=13"}],"wp:term":[{"taxonomy":"category","embeddable":true,"href":"https:\/\/focas.uniso.br\/index.php\/wp-json\/wp\/v2\/categories?post=13"},{"taxonomy":"post_tag","embeddable":true,"href":"https:\/\/focas.uniso.br\/index.php\/wp-json\/wp\/v2\/tags?post=13"}],"curies":[{"name":"wp","href":"https:\/\/api.w.org\/{rel}","templated":true}]}}