{"id":130,"date":"2019-04-02T12:03:00","date_gmt":"2019-04-02T12:03:00","guid":{"rendered":"http:\/\/focas.uniso.br\/index.php\/2019\/04\/02\/invasao-caneca-na-prainha-do-patio-ciane-shopping\/"},"modified":"2019-04-02T12:03:00","modified_gmt":"2019-04-02T12:03:00","slug":"invasao-caneca-na-prainha-do-patio-ciane-shopping","status":"publish","type":"post","link":"https:\/\/focas.uniso.br\/index.php\/2019\/04\/02\/invasao-caneca-na-prainha-do-patio-ciane-shopping\/","title":{"rendered":"Invas\u00e3o Caneca na Prainha do P\u00e1tio Cian\u00ea Shopping"},"content":{"rendered":"<div style=\"clear: both; text-align: center;\"><a href=\"https:\/\/1.bp.blogspot.com\/-OmCJhwLZZt0\/XKNPKq_VVXI\/AAAAAAAAIGI\/S9vMIVm2V0okvon7uoa1jukGknjJcAD2wCLcBGAs\/s1600\/3.CR2\" style=\"clear: left; float: left; margin-bottom: 1em; margin-right: 1em;\"><img loading=\"lazy\" decoding=\"async\" border=\"0\" data-original-height=\"1067\" data-original-width=\"1600\" height=\"426\" src=\"https:\/\/1.bp.blogspot.com\/-OmCJhwLZZt0\/XKNPKq_VVXI\/AAAAAAAAIGI\/S9vMIVm2V0okvon7uoa1jukGknjJcAD2wCLcBGAs\/s640\/3.CR2\" width=\"640\" \/><\/a><\/div>\n<p><\/p>\n<div style=\"text-align: justify;\"><span style=\"font-family: &quot;arial&quot; , sans-serif; font-size: 12.0pt; line-height: 115%;\">A prainha do P\u00e1tio Cian\u00ea Shopping foi invadida pelo Coletivo Caneca, um coletivo de diversidade sexual, em<span style=\"mso-spacerun: yes;\">&nbsp; <\/span>23 de mar\u00e7o. Uma praia falsa, isto \u00e9, uma \u00e1rea com areia, cadeiras de praia, guarda-s\u00f3is e barraquinhas est\u00e1 montada desde o dia 23 de fevereiro no estacionamento do shopping. O evento contou com discotecagem com a Luana Salum e um pocket show da drag queen Dandara. Pela primeira vez, um shopping em Sorocaba abre espa\u00e7o para o p\u00fablico LGBT (l\u00e9sbicas, gays, bissexuais e o guarda-chuva trans). <o:p><\/o:p><\/span><\/div>\n<div style=\"text-align: justify;\"><span style=\"font-family: &quot;arial&quot; , sans-serif; font-size: 12.0pt; line-height: 115%;\"><br \/><\/span><\/div>\n<div style=\"text-align: justify;\"><span style=\"font-family: &quot;arial&quot; , sans-serif; font-size: 12.0pt; line-height: 115%;\">A necessidade dessa abertura \u00e9 ressaltada por Rodrigo Honorato, 21 anos, assessor do Caneca: \u201cO shopping atende a uma grande massa, ainda mais um shopping ao lado do terminal de \u00f4nibus e com acesso a esse. Eu acredito que isso seja um marco para a comunidade LGBT. Sempre tivemos repress\u00e3o de diversas maneiras, sempre procuramos espa\u00e7o de fala e procuramos levar informa\u00e7\u00f5es ao publico LGBT e ao n\u00e3o LGBT\u201d. O shopping tinha interesse em fazer uma pareceria com o coletivo h\u00e1 um tempo e manifestado o desejo de fazer alguns eventos.<o:p><\/o:p><\/span><\/div>\n<div style=\"text-align: justify;\"><span style=\"font-family: &quot;arial&quot; , sans-serif; font-size: 12.0pt; line-height: 115%;\"><br \/><\/span><\/div>\n<div style=\"text-align: justify;\"><span style=\"font-family: &quot;arial&quot; , sans-serif; font-size: 12.0pt; line-height: 115%;\">Caio Ara\u00fajo, 21 anos, que faz parte do time de marketing do P\u00e1tio Cian\u00ea Shopping, diz que o local pretende fazer n\u00e3o s\u00f3 mais eventos voltados a esse p\u00fablico, mas dar mais espa\u00e7o de voz e a\u00e7\u00f5es a essas pessoas. \u201cQueremos mostrar que todos s\u00e3o bem-vindos e n\u00e3o dizer isso apenas da boca para fora\u201d, diz o profissional de marketing. <o:p><\/o:p><\/span><\/div>\n<div style=\"text-align: justify;\"><span style=\"font-family: &quot;arial&quot; , sans-serif; font-size: 12.0pt; line-height: 115%;\"><br \/><\/span><\/div>\n<div style=\"text-align: justify;\"><span style=\"font-family: &quot;arial&quot; , sans-serif; font-size: 12.0pt; line-height: 115%;\">O evento foi encerrado com um pocket show de covers cantados pela drag queen (personagem criada por artistas perform\u00e1ticos que se vestem e se maquiam de forma art\u00edstica e extravagante) Dandara. \u201c\u00c9 uma grande responsabilidade estar como linha de frente dessa comunidade aqui no shopping\u201d, declara Dandara, 22 anos. Ela est\u00e1 fazendo parte do projeto <i style=\"mso-bidi-font-style: normal;\">Desmonte<\/i>, que acontece dentro do coletivo, dirigido por Larissa Gomes (22 anos, \u00e1rea audiovisual do coletivo) e por Victor Guimar\u00e3es (22 anos, gestor de audiovisual do caneca). Se trata de um longa-metragem que conta a hist\u00f3ria de 10 drag queens da regi\u00e3o de Sorocaba. Elas s\u00e3o levadas em eventos do Caneca. O trabalho de Dandara pode ser acompanhado nas redes sociais em <i style=\"mso-bidi-font-style: normal;\">@queendandara<\/i> ou no canal do YouTube <i style=\"mso-bidi-font-style: normal;\">\u00c9 Verdade<\/i>.<o:p><\/o:p><\/span><\/div>\n<div style=\"text-align: justify;\"><span style=\"font-family: &quot;arial&quot; , sans-serif; font-size: 12.0pt; line-height: 115%;\"><br \/><\/span><\/div>\n<div style=\"text-align: justify;\"><span style=\"font-family: &quot;arial&quot; , sans-serif; font-size: 12.0pt; line-height: 115%;\"><span style=\"mso-spacerun: yes;\">&nbsp;<\/span>O Coletivo Caneca est\u00e1 desde 2017 trazendo eventos e conte\u00fado para o p\u00fablico LGBT. A organiza\u00e7\u00e3o surgiu da necessidade de espa\u00e7o para essa comunidade na cidade. O 1\u00b0 evento realizado pelo Caneca foi o bloco de carnaval \u201cSem Grana mas com Glitter\u201d, no mesmo ano em que deu in\u00edcio \u00e0s atividades. Foi o primeiro bloco voltado para esse p\u00fablico em Sorocaba. Em 2019, teve sua terceira edi\u00e7\u00e3o. O coletivo fez eventos em casas noturnas da regi\u00e3o como <i style=\"mso-bidi-font-style: normal;\">Asteroid Entretenimento<\/i>, <i style=\"mso-bidi-font-style: normal;\">Mavs PUB<\/i> e <i style=\"mso-bidi-font-style: normal;\">N\u00e1rnia Club<\/i>, e em espa\u00e7os abertos a sua parte social e cultural como o <i style=\"mso-bidi-font-style: normal;\">Maloca Centro Criativo<\/i> e o <i style=\"mso-bidi-font-style: normal;\">PUPA Eventos Criativos.<\/i> A divulga\u00e7\u00e3o de eventos e conte\u00fado pode ser acompanhada pelas redes sociais em <i style=\"mso-bidi-font-style: normal;\">@coletivocaneca<\/i> e no site <i style=\"mso-bidi-font-style: normal;\">www.coletivocaneca.com.br.<\/i><o:p><\/o:p><\/span><\/div>\n<div style=\"text-align: justify;\"><span style=\"font-family: &quot;arial&quot; , sans-serif; font-size: 12.0pt; line-height: 115%;\"><span style=\"mso-spacerun: yes;\">&nbsp;&nbsp; <\/span><o:p><\/o:p><\/span><\/div>\n<div style=\"text-align: justify;\"><span style=\"font-family: &quot;arial&quot; , sans-serif; font-size: 12.0pt; line-height: 115%;\"><span style=\"mso-spacerun: yes;\">&nbsp;&nbsp; <\/span><o:p><\/o:p><\/span><\/div>\n<div style=\"text-align: justify;\"><span style=\"font-family: &quot;arial&quot; , sans-serif; font-size: 12.0pt; line-height: 115%;\"><span style=\"mso-spacerun: yes;\">&nbsp;&nbsp; <\/span><o:p><\/o:p><\/span><\/div>\n<div style=\"text-align: justify;\"><span style=\"font-family: inherit; font-size: x-small;\">Texto: Giovanna Abbate &#8211;&nbsp;<i style=\"background-color: white;\">&nbsp;Ag\u00eancia Focs \/ Jornalismo Uniso<\/i><\/span><br \/><span style=\"font-family: inherit; font-size: x-small;\"><span style=\"font-family: inherit;\"><i style=\"background-color: white;\">Imagem:&nbsp;<\/i><\/span><span style=\"background-color: white; color: #222222;\">Bruno Gabriel, Giovanna Abbate e Laura Souza&nbsp;<\/span><\/span><span style=\"font-size: x-small;\">&#8211;&nbsp;<\/span><i style=\"background-color: white; font-size: small;\">&nbsp;Ag\u00eancia Focs \/ Jornalismo Uniso<\/i><\/div>\n","protected":false},"excerpt":{"rendered":"<p>A prainha do P\u00e1tio Cian\u00ea Shopping foi invadida pelo Coletivo Caneca, um coletivo de diversidade sexual, em&nbsp; 23 de mar\u00e7o.<\/p>\n","protected":false},"author":1,"featured_media":0,"comment_status":"open","ping_status":"open","sticky":false,"template":"","format":"standard","meta":{"colormag_page_container_layout":"default_layout","colormag_page_sidebar_layout":"default_layout","footnotes":""},"categories":[1],"tags":[],"class_list":["post-130","post","type-post","status-publish","format-standard","hentry","category-uncategorized"],"featured_image_urls":{"full":"","thumbnail":"","medium":"","medium_large":"","large":"","1536x1536":"","2048x2048":"","colormag-highlighted-post":"","colormag-featured-post-medium":"","colormag-featured-post-small":"","colormag-featured-image":"","colormag-default-news":"","colormag-featured-image-large":""},"author_info":{"info":["focas"]},"category_info":"<a href=\"https:\/\/focas.uniso.br\/index.php\/category\/uncategorized\/\" rel=\"category tag\">Uncategorized<\/a>","tag_info":"Uncategorized","comment_count":"0","_links":{"self":[{"href":"https:\/\/focas.uniso.br\/index.php\/wp-json\/wp\/v2\/posts\/130","targetHints":{"allow":["GET"]}}],"collection":[{"href":"https:\/\/focas.uniso.br\/index.php\/wp-json\/wp\/v2\/posts"}],"about":[{"href":"https:\/\/focas.uniso.br\/index.php\/wp-json\/wp\/v2\/types\/post"}],"author":[{"embeddable":true,"href":"https:\/\/focas.uniso.br\/index.php\/wp-json\/wp\/v2\/users\/1"}],"replies":[{"embeddable":true,"href":"https:\/\/focas.uniso.br\/index.php\/wp-json\/wp\/v2\/comments?post=130"}],"version-history":[{"count":0,"href":"https:\/\/focas.uniso.br\/index.php\/wp-json\/wp\/v2\/posts\/130\/revisions"}],"wp:attachment":[{"href":"https:\/\/focas.uniso.br\/index.php\/wp-json\/wp\/v2\/media?parent=130"}],"wp:term":[{"taxonomy":"category","embeddable":true,"href":"https:\/\/focas.uniso.br\/index.php\/wp-json\/wp\/v2\/categories?post=130"},{"taxonomy":"post_tag","embeddable":true,"href":"https:\/\/focas.uniso.br\/index.php\/wp-json\/wp\/v2\/tags?post=130"}],"curies":[{"name":"wp","href":"https:\/\/api.w.org\/{rel}","templated":true}]}}