{"id":131,"date":"2019-04-02T11:57:00","date_gmt":"2019-04-02T11:57:00","guid":{"rendered":"http:\/\/focas.uniso.br\/index.php\/2019\/04\/02\/o-futuro-da-fotografia-foi-tema-de-workshop\/"},"modified":"2019-04-02T11:57:00","modified_gmt":"2019-04-02T11:57:00","slug":"o-futuro-da-fotografia-foi-tema-de-workshop","status":"publish","type":"post","link":"https:\/\/focas.uniso.br\/index.php\/2019\/04\/02\/o-futuro-da-fotografia-foi-tema-de-workshop\/","title":{"rendered":"\u201cO futuro da fotografia\u201d foi tema de workshop"},"content":{"rendered":"<div style=\"clear: both; text-align: center;\"><a href=\"https:\/\/4.bp.blogspot.com\/-g-fSC7biQmk\/XKNNwrfBqKI\/AAAAAAAAIF8\/koIqtE-ieCwl61jwyuPYunFoVh8MLSr_wCLcBGAs\/s1600\/1ac73376-4902-4c72-9807-9378a42ae8c5.jpg\" style=\"clear: left; float: left; margin-bottom: 1em; margin-right: 1em;\"><img loading=\"lazy\" decoding=\"async\" border=\"0\" data-original-height=\"851\" data-original-width=\"1280\" height=\"424\" src=\"https:\/\/4.bp.blogspot.com\/-g-fSC7biQmk\/XKNNwrfBqKI\/AAAAAAAAIF8\/koIqtE-ieCwl61jwyuPYunFoVh8MLSr_wCLcBGAs\/s640\/1ac73376-4902-4c72-9807-9378a42ae8c5.jpg\" width=\"640\" \/><\/a><\/div>\n<p><\/p>\n<div style=\"line-height: 150%; text-align: justify;\"><span style=\"font-family: &quot;times new roman&quot; , serif; font-size: 12.0pt; line-height: 150%;\">Reunindo um grupo de apaixonados pelo assunto, o workshop \u201cO futuro da fotografia\u201d, promovido pelo Centro de Educa\u00e7\u00e3o Continuada e Aperfei\u00e7oamento Profissional (Cecap), ligado \u00e0 Funda\u00e7\u00e3o Ubaldino do Amaral (FUA), no \u00faltimo dia 15, abordou as dificuldades enfrentadas por profissionais que vivem da fotografia, as mudan\u00e7as geradas pela tecnologia, al\u00e9m de dicas para quem pensa em abrir o seu pr\u00f3prio neg\u00f3cio. <o:p><\/o:p><\/span><\/div>\n<div style=\"line-height: 150%; text-align: justify;\"><span style=\"font-family: &quot;times new roman&quot; , serif; font-size: 12.0pt; line-height: 150%;\"><br \/><\/span><\/div>\n<div style=\"line-height: 150%; text-align: justify;\"><span style=\"font-family: &quot;times new roman&quot; , serif; font-size: 12.0pt; line-height: 150%;\">\u201cO futuro da fotografia somos n\u00f3s que decidimos o caminho que vamos dar para o nosso trabalho\u201d, afirma F\u00e1bio Rog\u00e9rio, fot\u00f3grafo respons\u00e1vel pelo encontro, mostrando aos presentes as principais diferen\u00e7as entre um clique de um fot\u00f3grafo profissional com de um amador. No come\u00e7o do workshop, Rog\u00e9rio fez a seguinte pergunta, \u201cquem \u00e9 amador e quem se considera profissional? \u201d, querendo ouvir e descobrir o que cada um pensa sobre suas pr\u00f3prias fotos.<o:p><\/o:p><\/span><\/div>\n<div style=\"line-height: 150%; text-align: justify;\"><span style=\"font-family: &quot;times new roman&quot; , serif; font-size: 12.0pt; line-height: 150%;\"><br \/><\/span><\/div>\n<div style=\"line-height: 150%; text-align: justify;\"><span style=\"font-family: &quot;times new roman&quot; , serif; font-size: 12.0pt; line-height: 150%;\">F\u00e1bio atua no jornal Cruzeiro do Sul h\u00e1 13 anos. O profissional conta sobre as dificuldades que encontrou para atuar como fot\u00f3grafo. \u201cAntes era complicado aprender sobre fotografia, em Sorocaba n\u00e3o tinha palestras e workshop. Hoje existem muitos cursos que proporcionam essa ajuda, mas tive que aprender sozinho\u201d, relata. <span style=\"mso-spacerun: yes;\">&nbsp;<\/span><\/span><\/div>\n<div style=\"line-height: 150%; text-align: justify;\"><span style=\"font-family: &quot;times new roman&quot; , serif; font-size: 12.0pt; line-height: 150%;\"><span style=\"mso-spacerun: yes;\"><br \/><\/span><\/span><\/div>\n<div style=\"line-height: 150%; text-align: justify;\"><span style=\"font-family: &quot;times new roman&quot; , serif; font-size: 12.0pt; line-height: 150%;\">O fot\u00f3grafo \u00e9 conhecido por toda regi\u00e3o e sempre inspira quem est\u00e1 na \u00e1rea da comunica\u00e7\u00e3o, como os jovens que acompanham seu trabalho de fotojornalismo pelo Instagram, onde costuma postar suas fotos junto com seu portf\u00f3lio. <span style=\"mso-spacerun: yes;\">&nbsp;<\/span><o:p><\/o:p><\/span><\/div>\n<div style=\"line-height: 150%; text-align: justify;\"><span style=\"font-family: &quot;times new roman&quot; , serif; font-size: 12.0pt; line-height: 150%;\"><span style=\"mso-spacerun: yes;\"><br \/><\/span><\/span><\/div>\n<div style=\"line-height: 150%; text-align: justify;\"><span style=\"font-family: &quot;times new roman&quot; , serif; font-size: 12.0pt; line-height: 150%;\">\u00c9 o caso do aluno do terceiro per\u00edodo do curso de Jornalismo da Universidade de Sorocaba, Gabriel Lara, 23 anos, que n\u00e3o trabalha como fot\u00f3grafo, mas diz que costuma buscar novos olhares em outras profiss\u00f5es, \u201cO \u00fanico contato que tive com a fotografia foi no primeiro per\u00edodo, mas deu para ter uma vis\u00e3o do que posso fazer depois de terminar o curso. Com a fotografia posso trabalhar com ag\u00eancias especializadas ou at\u00e9 com publicidade. L\u00f3gico que n\u00e3o ser\u00e1 minha profiss\u00e3o e n\u00e3o serei t\u00e3o bom nisso, mas \u00e9 sobre fotografia\u201d, comenta Lara.<o:p><\/o:p><\/span><\/div>\n<div style=\"line-height: 150%; text-align: justify;\"><span style=\"font-family: &quot;times new roman&quot; , serif; font-size: 12.0pt; line-height: 150%;\"><br \/><\/span><\/div>\n<div style=\"line-height: 150%; text-align: justify;\"><span style=\"font-family: &quot;times new roman&quot; , serif; font-size: 12.0pt; line-height: 150%;\">Para Juliano Vieira Pinto, 41, funcion\u00e1rio p\u00fablico, morador de Tatu\u00ed, o workshop foi uma oportunidade para conhecer mais sobre a \u00e1rea. \u201cN\u00e3o sou profissional, mas gosto de fotografar por hobby, fiz curso b\u00e1sico em fotografia no Senac, em Sorocaba, e sempre tenho acompanhado os eventos da cidade. Mesmo que seja apenas por hobby, quem sabe futuramente me torno um profissional\u201d, conclui. <span style=\"mso-spacerun: yes;\">&nbsp;<\/span><o:p><\/o:p><\/span><\/div>\n<p><span style=\"font-family: inherit; font-size: x-small;\">Texto e imagens:&nbsp;<span style=\"text-align: justify;\"><span style=\"line-height: 150%;\">Larissa Camargo &#8211;&nbsp;<\/span><\/span><i style=\"background-color: white;\">&nbsp;Ag\u00eancia Focs \/ Jornalismo Uniso<\/i><\/span><\/p>\n","protected":false},"excerpt":{"rendered":"<p>Reunindo um grupo de apaixonados pelo assunto, o workshop \u201cO futuro da fotografia\u201d, promovido pelo Centro de Educa\u00e7\u00e3o Continuada e<\/p>\n","protected":false},"author":1,"featured_media":0,"comment_status":"open","ping_status":"open","sticky":false,"template":"","format":"standard","meta":{"colormag_page_container_layout":"default_layout","colormag_page_sidebar_layout":"default_layout","footnotes":""},"categories":[1],"tags":[],"class_list":["post-131","post","type-post","status-publish","format-standard","hentry","category-uncategorized"],"featured_image_urls":{"full":"","thumbnail":"","medium":"","medium_large":"","large":"","1536x1536":"","2048x2048":"","colormag-highlighted-post":"","colormag-featured-post-medium":"","colormag-featured-post-small":"","colormag-featured-image":"","colormag-default-news":"","colormag-featured-image-large":""},"author_info":{"info":["focas"]},"category_info":"<a href=\"https:\/\/focas.uniso.br\/index.php\/category\/uncategorized\/\" rel=\"category tag\">Uncategorized<\/a>","tag_info":"Uncategorized","comment_count":"0","_links":{"self":[{"href":"https:\/\/focas.uniso.br\/index.php\/wp-json\/wp\/v2\/posts\/131","targetHints":{"allow":["GET"]}}],"collection":[{"href":"https:\/\/focas.uniso.br\/index.php\/wp-json\/wp\/v2\/posts"}],"about":[{"href":"https:\/\/focas.uniso.br\/index.php\/wp-json\/wp\/v2\/types\/post"}],"author":[{"embeddable":true,"href":"https:\/\/focas.uniso.br\/index.php\/wp-json\/wp\/v2\/users\/1"}],"replies":[{"embeddable":true,"href":"https:\/\/focas.uniso.br\/index.php\/wp-json\/wp\/v2\/comments?post=131"}],"version-history":[{"count":0,"href":"https:\/\/focas.uniso.br\/index.php\/wp-json\/wp\/v2\/posts\/131\/revisions"}],"wp:attachment":[{"href":"https:\/\/focas.uniso.br\/index.php\/wp-json\/wp\/v2\/media?parent=131"}],"wp:term":[{"taxonomy":"category","embeddable":true,"href":"https:\/\/focas.uniso.br\/index.php\/wp-json\/wp\/v2\/categories?post=131"},{"taxonomy":"post_tag","embeddable":true,"href":"https:\/\/focas.uniso.br\/index.php\/wp-json\/wp\/v2\/tags?post=131"}],"curies":[{"name":"wp","href":"https:\/\/api.w.org\/{rel}","templated":true}]}}