{"id":132,"date":"2019-04-02T11:52:00","date_gmt":"2019-04-02T11:52:00","guid":{"rendered":"http:\/\/focas.uniso.br\/index.php\/2019\/04\/02\/inscricoes-abertas-para-o-curso-modos-de-viver-sustentaveis\/"},"modified":"2019-04-02T11:52:00","modified_gmt":"2019-04-02T11:52:00","slug":"inscricoes-abertas-para-o-curso-modos-de-viver-sustentaveis","status":"publish","type":"post","link":"https:\/\/focas.uniso.br\/index.php\/2019\/04\/02\/inscricoes-abertas-para-o-curso-modos-de-viver-sustentaveis\/","title":{"rendered":"Inscri\u00e7\u00f5es abertas para o curso \u201cModos de Viver Sustent\u00e1veis\u201d"},"content":{"rendered":"<p><\/p>\n<div>As inscri\u00e7\u00f5es para o curso de forma\u00e7\u00e3o \u201cModos de Viver Sustent\u00e1veis\u201d j\u00e1 est\u00e3o abertas. Com a tem\u00e1tica \u201csustentabilidade\u201d, a atividade \u00e9 promovida pelo Coletivo \u201cRitmos de Pensamento\u201d da Universidade de Sorocaba, em parceria com o projeto \u201cEduca\u00e7\u00e3o pelo Envolvimento\u201d do SESC \u2013 Sorocaba.<o:p><\/o:p><\/div>\n<div><\/div>\n<div>O curso contar\u00e1 com a presen\u00e7a de artistas e pesquisadores convidados da \u00e1rea. A tem\u00e1tica visa a discuss\u00f5es sobre novas formas de fazer e olhar alguns aspectos da vida, como cultura, arte e educa\u00e7\u00e3o, e como estes segmentos podem afetar e influenciar na viv\u00eancia de todos. <o:p><\/o:p><\/div>\n<div><\/div>\n<div>O curso, em cinco m\u00f3dulos, ser\u00e1 ministrado pela professora doutora Alda Romaguera, do Programa de P\u00f3s-Gradua\u00e7\u00e3o em Educa\u00e7\u00e3o (PPGE) da Uniso. Os encontros ser\u00e3o na sede do <span style=\"mso-spacerun: yes;\">&nbsp;<\/span>Sesc Sorocaba, de 05 de abril a 15 de junho, nas sextas-feiras, das 13h \u00e0s 16h, e aos s\u00e1bados, das 10h \u00e0s 13h. O encerramento, em 18 de junho, das 19h \u00e0s 21h, contar\u00e1 com as presen\u00e7as de Rubens Matuck e do professor doutor Marcos Reigota, do PPGE-Uniso.<o:p><\/o:p><\/div>\n<div><\/div>\n<div>As inscri\u00e7\u00f5es podem ser feitas pela p\u00e1gina online do <a href=\"https:\/\/www.sescsp.org.br\/unidades\/39_SOROCABA\/#\/uaba=programacao\" target=\"_blank\" rel=\"noopener noreferrer\">SESC<\/a> ou presencialmente na unidade.<o:p><\/o:p><\/div>\n<div><\/div>\n<div>O SESC est\u00e1 situado na Rua Bar\u00e3o de Piratininga, 555, Jardim Faculdade.<o:p><\/o:p><\/div>\n<div>Mais informa\u00e7\u00f5es atrav\u00e9s do site ou pelo telefone <span style=\"background: white; mso-highlight: white;\">(15) 3332-9933.<\/span><o:p><\/o:p><\/div>\n<p><span style=\"font-family: inherit; font-size: x-small;\"><br \/><\/span><span style=\"font-family: inherit; font-size: x-small;\">Texto: J\u00e9ssica Meira &#8211;<i style=\"background-color: white;\">&nbsp;Ag\u00eancia Focs \/ Jornalismo Uniso<\/i><\/span><\/p>\n","protected":false},"excerpt":{"rendered":"<p>As inscri\u00e7\u00f5es para o curso de forma\u00e7\u00e3o \u201cModos de Viver Sustent\u00e1veis\u201d j\u00e1 est\u00e3o abertas. Com a tem\u00e1tica \u201csustentabilidade\u201d, a atividade<\/p>\n","protected":false},"author":1,"featured_media":0,"comment_status":"open","ping_status":"open","sticky":false,"template":"","format":"standard","meta":{"colormag_page_container_layout":"default_layout","colormag_page_sidebar_layout":"default_layout","footnotes":""},"categories":[1],"tags":[],"class_list":["post-132","post","type-post","status-publish","format-standard","hentry","category-uncategorized"],"featured_image_urls":{"full":"","thumbnail":"","medium":"","medium_large":"","large":"","1536x1536":"","2048x2048":"","colormag-highlighted-post":"","colormag-featured-post-medium":"","colormag-featured-post-small":"","colormag-featured-image":"","colormag-default-news":"","colormag-featured-image-large":""},"author_info":{"info":["focas"]},"category_info":"<a href=\"https:\/\/focas.uniso.br\/index.php\/category\/uncategorized\/\" rel=\"category tag\">Uncategorized<\/a>","tag_info":"Uncategorized","comment_count":"0","_links":{"self":[{"href":"https:\/\/focas.uniso.br\/index.php\/wp-json\/wp\/v2\/posts\/132","targetHints":{"allow":["GET"]}}],"collection":[{"href":"https:\/\/focas.uniso.br\/index.php\/wp-json\/wp\/v2\/posts"}],"about":[{"href":"https:\/\/focas.uniso.br\/index.php\/wp-json\/wp\/v2\/types\/post"}],"author":[{"embeddable":true,"href":"https:\/\/focas.uniso.br\/index.php\/wp-json\/wp\/v2\/users\/1"}],"replies":[{"embeddable":true,"href":"https:\/\/focas.uniso.br\/index.php\/wp-json\/wp\/v2\/comments?post=132"}],"version-history":[{"count":0,"href":"https:\/\/focas.uniso.br\/index.php\/wp-json\/wp\/v2\/posts\/132\/revisions"}],"wp:attachment":[{"href":"https:\/\/focas.uniso.br\/index.php\/wp-json\/wp\/v2\/media?parent=132"}],"wp:term":[{"taxonomy":"category","embeddable":true,"href":"https:\/\/focas.uniso.br\/index.php\/wp-json\/wp\/v2\/categories?post=132"},{"taxonomy":"post_tag","embeddable":true,"href":"https:\/\/focas.uniso.br\/index.php\/wp-json\/wp\/v2\/tags?post=132"}],"curies":[{"name":"wp","href":"https:\/\/api.w.org\/{rel}","templated":true}]}}