{"id":134,"date":"2019-03-27T18:12:00","date_gmt":"2019-03-27T18:12:00","guid":{"rendered":"http:\/\/focas.uniso.br\/index.php\/2019\/03\/27\/arrecadacao-de-chocolate-vai-se-transformar-em-ovos-de-pascoa\/"},"modified":"2019-03-27T18:12:00","modified_gmt":"2019-03-27T18:12:00","slug":"arrecadacao-de-chocolate-vai-se-transformar-em-ovos-de-pascoa","status":"publish","type":"post","link":"https:\/\/focas.uniso.br\/index.php\/2019\/03\/27\/arrecadacao-de-chocolate-vai-se-transformar-em-ovos-de-pascoa\/","title":{"rendered":"Arrecada\u00e7\u00e3o de chocolate vai se transformar em ovos de p\u00e1scoa"},"content":{"rendered":"<p><\/p>\n<div style=\"clear: both; text-align: center;\"><a href=\"https:\/\/1.bp.blogspot.com\/-UYLUJwVpKOk\/XJU4EGHJktI\/AAAAAAAAIFQ\/IFXu43yxopkwZW65URbC-9iVTT2Yms2BwCLcBGAs\/s1600\/SSA.jpg\" style=\"margin-left: 1em; margin-right: 1em;\"><img loading=\"lazy\" decoding=\"async\" border=\"0\" data-original-height=\"496\" data-original-width=\"496\" height=\"640\" src=\"https:\/\/1.bp.blogspot.com\/-UYLUJwVpKOk\/XJU4EGHJktI\/AAAAAAAAIFQ\/IFXu43yxopkwZW65URbC-9iVTT2Yms2BwCLcBGAs\/s640\/SSA.jpg\" width=\"640\" \/><\/a><\/div>\n<div style=\"line-height: 150%; text-align: justify;\"><span style=\"font-family: &quot;calibri light&quot; , sans-serif; mso-ascii-theme-font: major-latin; mso-bidi-theme-font: major-latin; mso-hansi-theme-font: major-latin;\"><br \/><\/span><\/div>\n<div style=\"line-height: 150%; text-align: justify;\"><span style=\"font-family: &quot;calibri light&quot; , sans-serif; mso-ascii-theme-font: major-latin; mso-bidi-theme-font: major-latin; mso-hansi-theme-font: major-latin;\"><br \/><\/span><\/div>\n<div style=\"line-height: 150%; text-align: justify;\"><span style=\"font-family: &quot;calibri light&quot; , sans-serif; mso-ascii-theme-font: major-latin; mso-bidi-theme-font: major-latin; mso-hansi-theme-font: major-latin;\">A P\u00e1scoa \u00e9 sempre uma \u00e9poca de alegria e solidariedade, por isso a Casa Do Amparo Maria de Nazar\u00e9 est\u00e1 promovendo uma campanha de arrecada\u00e7\u00e3o de barras de chocolate (Garoto) para confec\u00e7\u00e3o de ovos que ser\u00e3o doados \u00e0s crian\u00e7as assistidas pela entidade. <o:p><\/o:p><\/span><\/div>\n<div style=\"line-height: 150%; text-align: justify;\"><span style=\"font-family: &quot;calibri light&quot; , sans-serif; mso-ascii-theme-font: major-latin; mso-bidi-theme-font: major-latin; mso-hansi-theme-font: major-latin;\"><br \/><\/span><\/div>\n<div style=\"line-height: 150%; text-align: justify;\"><span style=\"font-family: &quot;calibri light&quot; , sans-serif; mso-ascii-theme-font: major-latin; mso-bidi-theme-font: major-latin; mso-hansi-theme-font: major-latin;\">As barras podem ser entregues no endere\u00e7o Rua Ministro Salgado Filho, n\u00ba 430, Vila Fiori, Sorocaba, a qualquer hor\u00e1rio, <b>at\u00e9 o dia 1\u00ba de abril<\/b>. <o:p><\/o:p><\/span><br \/><span style=\"font-family: &quot;calibri light&quot; , sans-serif; mso-ascii-theme-font: major-latin; mso-bidi-theme-font: major-latin; mso-hansi-theme-font: major-latin;\"><br \/><\/span><\/div>\n<p><b style=\"color: #444444; font-family: arial, helvetica, sans-serif; font-size: 13px;\"><span style=\"font-family: &quot;verdana&quot; , sans-serif;\">PROJETO FOCA SOLID\u00c1RIA<\/span><\/b><br \/><span style=\"color: #444444; font-family: &quot;trebuchet ms&quot; , sans-serif; font-size: xx-small;\"><b>Produ\u00e7\u00e3o: alunos do 1\u00ba per\u00edodo de Jornalismo<\/b><\/span><\/p>\n<p><span style=\"font-family: inherit; font-size: x-small;\"><i>Texto: Murilo Oliveira<span style=\"background-color: white; text-align: justify;\"><span style=\"background-attachment: initial; background-clip: initial; background-image: initial; background-origin: initial; background-position: initial; background-repeat: initial; background-size: initial;\">&nbsp;<\/span><span style=\"background-attachment: initial; background-clip: initial; background-image: initial; background-origin: initial; background-position: initial; background-repeat: initial; background-size: initial;\"><o:p><\/o:p><\/span>&#8211;&nbsp;<\/span><span style=\"background-color: white; text-align: justify;\">Ag\u00eancia Focs \/ Jornalismo Uniso<\/span><\/i><\/span><br \/><span style=\"font-family: inherit; font-size: x-small;\"><i>Imagem: Divulga\u00e7\u00e3o<\/i><\/span><\/p>\n","protected":false},"excerpt":{"rendered":"<p>A P\u00e1scoa \u00e9 sempre uma \u00e9poca de alegria e solidariedade, por isso a Casa Do Amparo Maria de Nazar\u00e9 est\u00e1<\/p>\n","protected":false},"author":1,"featured_media":0,"comment_status":"open","ping_status":"open","sticky":false,"template":"","format":"standard","meta":{"colormag_page_container_layout":"default_layout","colormag_page_sidebar_layout":"default_layout","footnotes":""},"categories":[5],"tags":[],"class_list":["post-134","post","type-post","status-publish","format-standard","hentry","category-foca-solidaria"],"featured_image_urls":{"full":"","thumbnail":"","medium":"","medium_large":"","large":"","1536x1536":"","2048x2048":"","colormag-highlighted-post":"","colormag-featured-post-medium":"","colormag-featured-post-small":"","colormag-featured-image":"","colormag-default-news":"","colormag-featured-image-large":""},"author_info":{"info":["focas"]},"category_info":"<a href=\"https:\/\/focas.uniso.br\/index.php\/category\/foca-solidaria\/\" rel=\"category tag\">Foca Solid\u00e1ria<\/a>","tag_info":"Foca Solid\u00e1ria","comment_count":"0","_links":{"self":[{"href":"https:\/\/focas.uniso.br\/index.php\/wp-json\/wp\/v2\/posts\/134","targetHints":{"allow":["GET"]}}],"collection":[{"href":"https:\/\/focas.uniso.br\/index.php\/wp-json\/wp\/v2\/posts"}],"about":[{"href":"https:\/\/focas.uniso.br\/index.php\/wp-json\/wp\/v2\/types\/post"}],"author":[{"embeddable":true,"href":"https:\/\/focas.uniso.br\/index.php\/wp-json\/wp\/v2\/users\/1"}],"replies":[{"embeddable":true,"href":"https:\/\/focas.uniso.br\/index.php\/wp-json\/wp\/v2\/comments?post=134"}],"version-history":[{"count":0,"href":"https:\/\/focas.uniso.br\/index.php\/wp-json\/wp\/v2\/posts\/134\/revisions"}],"wp:attachment":[{"href":"https:\/\/focas.uniso.br\/index.php\/wp-json\/wp\/v2\/media?parent=134"}],"wp:term":[{"taxonomy":"category","embeddable":true,"href":"https:\/\/focas.uniso.br\/index.php\/wp-json\/wp\/v2\/categories?post=134"},{"taxonomy":"post_tag","embeddable":true,"href":"https:\/\/focas.uniso.br\/index.php\/wp-json\/wp\/v2\/tags?post=134"}],"curies":[{"name":"wp","href":"https:\/\/api.w.org\/{rel}","templated":true}]}}