{"id":135,"date":"2019-03-23T15:06:00","date_gmt":"2019-03-23T15:06:00","guid":{"rendered":"http:\/\/focas.uniso.br\/index.php\/2019\/03\/23\/29o-encontro-de-classicos-acontece-neste-domingo-24-no-extra-hipermercado\/"},"modified":"2019-03-23T15:06:00","modified_gmt":"2019-03-23T15:06:00","slug":"29o-encontro-de-classicos-acontece-neste-domingo-24-no-extra-hipermercado","status":"publish","type":"post","link":"https:\/\/focas.uniso.br\/index.php\/2019\/03\/23\/29o-encontro-de-classicos-acontece-neste-domingo-24-no-extra-hipermercado\/","title":{"rendered":"29\u00ba Encontro de Cl\u00e1ssicos acontece neste domingo (24), no Extra Hipermercado"},"content":{"rendered":"<p><\/p>\n<div style=\"clear: both; text-align: center;\"><a href=\"https:\/\/4.bp.blogspot.com\/-4MZZd7oSUNk\/XJZLakvorXI\/AAAAAAAAIFc\/AWhMvcyAqcczr3TP2Qq20MJnw5jw5-WPgCLcBGAs\/s1600\/WhatsApp%2BImage%2B2019-03-23%2Bat%2B11.16.06.jpeg\" style=\"clear: left; float: left; margin-bottom: 1em; margin-right: 1em;\"><img loading=\"lazy\" decoding=\"async\" border=\"0\" data-original-height=\"720\" data-original-width=\"1024\" height=\"450\" src=\"https:\/\/4.bp.blogspot.com\/-4MZZd7oSUNk\/XJZLakvorXI\/AAAAAAAAIFc\/AWhMvcyAqcczr3TP2Qq20MJnw5jw5-WPgCLcBGAs\/s640\/WhatsApp%2BImage%2B2019-03-23%2Bat%2B11.16.06.jpeg\" width=\"640\" \/><\/a><\/div>\n<div style=\"text-align: justify; text-justify: inter-ideograph;\"><span style=\"font-family: &quot;arial&quot; , sans-serif; font-size: 12.0pt; line-height: 107%;\"><br \/><\/span><\/div>\n<div style=\"text-align: justify; text-justify: inter-ideograph;\"><span style=\"font-family: &quot;arial&quot; , sans-serif; font-size: 12.0pt; line-height: 107%;\"><br \/><\/span><\/div>\n<div style=\"text-align: justify; text-justify: inter-ideograph;\"><span style=\"font-family: &quot;arial&quot; , sans-serif; font-size: 12.0pt; line-height: 107%;\">O tradicional encontro Cl\u00e1ssicos das ruas acontece neste domingo (24), no Extra Hipermercado do Santa Ros\u00e1lia, que este ano chega a sua 29\u00aa edi\u00e7\u00e3o. O evento, organizado pelo Opala Clube, ser\u00e1 realizado das 10h \u00e0s 16h e ter\u00e1 a apresenta\u00e7\u00e3o da banda Shock Dogs, al\u00e9m de contribuir para a Afissore (Associa\u00e7\u00e3o Fissurados L\u00e1bios Palatais de Sorocaba e Regi\u00e3o), a partir de uma entrada solid\u00e1ria. Para participar, basta levar um pacote de copos descart\u00e1veis de 100ml e\/ou a\u00e7\u00facar.<o:p><\/o:p><\/span><\/div>\n<div style=\"text-align: justify; text-justify: inter-ideograph;\"><span style=\"font-family: &quot;arial&quot; , sans-serif; font-size: 12.0pt; line-height: 107%;\"><br \/>O Extra Hipermercado fica localizado na Rua Maria Cinto de Biaggi, 144, Jd. <span style=\"mso-spacerun: yes;\">&nbsp;<\/span>Santa Ros\u00e1lia.<o:p><\/o:p><\/span><\/div>\n<p><b style=\"color: #444444; font-family: Arial, Helvetica, sans-serif; font-size: 13px;\"><span style=\"font-family: &quot;verdana&quot; , sans-serif;\">PROJETO FOCA SOLID\u00c1RIA<\/span><\/b><br \/><span style=\"color: #444444; font-family: &quot;trebuchet ms&quot; , sans-serif; font-size: xx-small;\"><b>Produ\u00e7\u00e3o: alunos do 1\u00ba per\u00edodo de Jornalismo<\/b><\/span><\/p>\n<p><span style=\"font-family: inherit; font-size: x-small;\"><i>Texto: Richard Santos&nbsp;<span style=\"background-color: white; text-align: justify;\"><span style=\"background-attachment: initial; background-clip: initial; background-image: initial; background-origin: initial; background-position: initial; background-repeat: initial; background-size: initial;\">&nbsp;<\/span><span style=\"background-attachment: initial; background-clip: initial; background-image: initial; background-origin: initial; background-position: initial; background-repeat: initial; background-size: initial;\"><o:p><\/o:p><\/span>&#8211;&nbsp;<\/span><span style=\"background-color: white; text-align: justify;\">Ag\u00eancia Focs \/ Jornalismo Uniso<\/span><\/i><\/span><br \/><span style=\"font-family: inherit; font-size: x-small;\"><i>Imagem: Divulga\u00e7\u00e3o<\/i><\/span><\/p>\n","protected":false},"excerpt":{"rendered":"<p>O tradicional encontro Cl\u00e1ssicos das ruas acontece neste domingo (24), no Extra Hipermercado do Santa Ros\u00e1lia, que este ano chega<\/p>\n","protected":false},"author":1,"featured_media":0,"comment_status":"open","ping_status":"open","sticky":false,"template":"","format":"standard","meta":{"colormag_page_container_layout":"default_layout","colormag_page_sidebar_layout":"default_layout","footnotes":""},"categories":[5],"tags":[],"class_list":["post-135","post","type-post","status-publish","format-standard","hentry","category-foca-solidaria"],"featured_image_urls":{"full":"","thumbnail":"","medium":"","medium_large":"","large":"","1536x1536":"","2048x2048":"","colormag-highlighted-post":"","colormag-featured-post-medium":"","colormag-featured-post-small":"","colormag-featured-image":"","colormag-default-news":"","colormag-featured-image-large":""},"author_info":{"info":["focas"]},"category_info":"<a href=\"https:\/\/focas.uniso.br\/index.php\/category\/foca-solidaria\/\" rel=\"category tag\">Foca Solid\u00e1ria<\/a>","tag_info":"Foca Solid\u00e1ria","comment_count":"0","_links":{"self":[{"href":"https:\/\/focas.uniso.br\/index.php\/wp-json\/wp\/v2\/posts\/135","targetHints":{"allow":["GET"]}}],"collection":[{"href":"https:\/\/focas.uniso.br\/index.php\/wp-json\/wp\/v2\/posts"}],"about":[{"href":"https:\/\/focas.uniso.br\/index.php\/wp-json\/wp\/v2\/types\/post"}],"author":[{"embeddable":true,"href":"https:\/\/focas.uniso.br\/index.php\/wp-json\/wp\/v2\/users\/1"}],"replies":[{"embeddable":true,"href":"https:\/\/focas.uniso.br\/index.php\/wp-json\/wp\/v2\/comments?post=135"}],"version-history":[{"count":0,"href":"https:\/\/focas.uniso.br\/index.php\/wp-json\/wp\/v2\/posts\/135\/revisions"}],"wp:attachment":[{"href":"https:\/\/focas.uniso.br\/index.php\/wp-json\/wp\/v2\/media?parent=135"}],"wp:term":[{"taxonomy":"category","embeddable":true,"href":"https:\/\/focas.uniso.br\/index.php\/wp-json\/wp\/v2\/categories?post=135"},{"taxonomy":"post_tag","embeddable":true,"href":"https:\/\/focas.uniso.br\/index.php\/wp-json\/wp\/v2\/tags?post=135"}],"curies":[{"name":"wp","href":"https:\/\/api.w.org\/{rel}","templated":true}]}}