{"id":136,"date":"2019-03-22T19:28:00","date_gmt":"2019-03-22T19:28:00","guid":{"rendered":"http:\/\/focas.uniso.br\/index.php\/2019\/03\/22\/feira-de-adocao-de-animais-acontece-neste-sabado-no-shopping-granja-olga\/"},"modified":"2019-03-22T19:28:00","modified_gmt":"2019-03-22T19:28:00","slug":"feira-de-adocao-de-animais-acontece-neste-sabado-no-shopping-granja-olga","status":"publish","type":"post","link":"https:\/\/focas.uniso.br\/index.php\/2019\/03\/22\/feira-de-adocao-de-animais-acontece-neste-sabado-no-shopping-granja-olga\/","title":{"rendered":"Feira de ado\u00e7\u00e3o de animais acontece neste s\u00e1bado no Shopping Granja Olga"},"content":{"rendered":"<div style=\"clear: both; text-align: center;\"><a href=\"https:\/\/1.bp.blogspot.com\/-CelMKqhUWMg\/XJU3VwJk0AI\/AAAAAAAAIFI\/Z2-jk8CZOIkXbKG_rvD1QMK8rN-Ta3XNACLcBGAs\/s1600\/Feira%2Bde%2Bado%25C3%25A7%25C3%25A3o%2Bde%2Banimais%2B23%2Bde%2Bmar.jpg\" style=\"clear: left; float: left; margin-bottom: 1em; margin-right: 1em;\"><img loading=\"lazy\" decoding=\"async\" border=\"0\" data-original-height=\"262\" data-original-width=\"500\" height=\"334\" src=\"https:\/\/1.bp.blogspot.com\/-CelMKqhUWMg\/XJU3VwJk0AI\/AAAAAAAAIFI\/Z2-jk8CZOIkXbKG_rvD1QMK8rN-Ta3XNACLcBGAs\/s640\/Feira%2Bde%2Bado%25C3%25A7%25C3%25A3o%2Bde%2Banimais%2B23%2Bde%2Bmar.jpg\" width=\"640\" \/><\/a><\/div>\n<p><\/p>\n<div style=\"line-height: normal; margin-bottom: .0001pt; margin-bottom: 0cm; text-align: justify;\"><span style=\"color: black; font-family: &quot;arial&quot; , sans-serif; mso-fareast-font-family: &quot;Times New Roman&quot;; mso-fareast-language: PT-BR;\"><br \/><\/span><\/div>\n<div style=\"line-height: normal; margin-bottom: .0001pt; margin-bottom: 0cm; text-align: justify;\"><span style=\"color: black; font-family: &quot;arial&quot; , sans-serif; mso-fareast-font-family: &quot;Times New Roman&quot;; mso-fareast-language: PT-BR;\">Interessados em ter um animal de estima\u00e7\u00e3o podem comparecer ao Shopping Granja Olga, no pr\u00f3ximo s\u00e1bado (23), para uma Feira de Ado\u00e7\u00e3o de C\u00e3es e Gatos (filhotes e adultos). O evento \u00e9 da Associa\u00e7\u00e3o Abrigo Tempor\u00e1rio de Animais Necessitados (Aatan) e ser\u00e1 das 9h \u00e0s 13h. <\/span><span style=\"background: white; color: #222222; font-family: &quot;arial&quot; , sans-serif; font-size: 12.0pt;\"><o:p><\/o:p><\/span><\/div>\n<div style=\"line-height: normal; margin-bottom: .0001pt; margin-bottom: 0cm;\"><\/div>\n<div style=\"line-height: normal; margin-bottom: .0001pt; margin-bottom: 0cm; text-align: justify;\"><span style=\"background: white; color: black; font-family: &quot;arial&quot; , sans-serif;\">A institui\u00e7\u00e3o aceita, tamb\u00e9m, doa\u00e7\u00f5es de jornais, papel\u00e3o, ra\u00e7\u00e3o para cachorros e gatos, toalhas, medicamentos e material de limpeza.<\/span><span style=\"background: white; color: #222222; font-family: &quot;arial&quot; , sans-serif; font-size: 12.0pt;\"><o:p><\/o:p><\/span><\/div>\n<div style=\"line-height: normal; margin-bottom: .0001pt; margin-bottom: 0cm;\"><\/div>\n<div style=\"line-height: normal; margin-bottom: .0001pt; margin-bottom: 0cm; text-align: justify;\"><span style=\"background: white; color: black; font-family: &quot;arial&quot; , sans-serif;\">Para mais informa\u00e7\u00f5es acesse a p\u00e1gina no <a href=\"https:\/\/www.facebook.com\/aatansorocaba\/\" target=\"_blank\" rel=\"noopener noreferrer\">Facebook<\/a><\/span><span style=\"background: white; color: black; font-family: &quot;arial&quot; , sans-serif;\">. <\/span><span style=\"background: white; color: #222222; font-family: &quot;arial&quot; , sans-serif; font-size: 12.0pt;\"><o:p><\/o:p><\/span><\/div>\n<div style=\"line-height: normal; margin-bottom: .0001pt; margin-bottom: 0cm;\"><\/div>\n<div style=\"line-height: normal; margin-bottom: .0001pt; margin-bottom: 0cm; text-align: justify;\"><span style=\"background: white; color: black; font-family: &quot;arial&quot; , sans-serif;\">O Shopping Granja Olga fica na Avenida S\u00e3o Paulo, n\u00ba 4525, Jardim Bandeirantes, Zona Leste de Sorocaba. <\/span><span style=\"background: white; color: #222222; font-family: &quot;arial&quot; , sans-serif; font-size: 12.0pt;\"><o:p><\/o:p><\/span><\/div>\n<div style=\"line-height: normal; margin-bottom: 12.0pt;\"><span style=\"background: white; color: #222222; font-family: &quot;arial&quot; , sans-serif; font-size: 12.0pt;\"><br \/><\/span><\/div>\n<div style=\"line-height: normal; margin-bottom: 12.0pt;\"><span style=\"background: white; color: #222222; font-family: &quot;arial&quot; , sans-serif; font-size: 12.0pt;\"><br \/><\/span><\/div>\n<div style=\"line-height: normal; margin-bottom: 12.0pt;\"><span style=\"background: white; color: #222222; font-family: &quot;arial&quot; , sans-serif; font-size: 12.0pt;\"><br style=\"mso-special-character: line-break;\" \/><!--[if !supportLineBreakNewLine]--><b style=\"color: #444444; font-family: Arial, Helvetica, sans-serif; font-size: 13px;\"><span style=\"font-family: &quot;verdana&quot; , sans-serif;\">PROJETO FOCA SOLID\u00c1RIA<\/span><\/b><br style=\"color: #444444; font-family: Arial, Helvetica, sans-serif; font-size: 13px;\" \/><span style=\"color: #444444; font-family: &quot;trebuchet ms&quot; , sans-serif; font-size: xx-small;\"><b>Produ\u00e7\u00e3o: alunos do 1\u00ba per\u00edodo de Jornalismo<\/b><\/span><!--[endif]--><o:p><\/o:p><\/span><\/div>\n<div style=\"line-height: normal; margin-bottom: .0001pt; margin-bottom: 0cm; text-align: justify;\"><span style=\"font-family: inherit; font-size: x-small;\"><i><span style=\"background: white;\">Texto: Monique Nunes&nbsp;<\/span><span style=\"background: white;\"><o:p><\/o:p><\/span>&#8211; <\/i><i>Ag\u00eancia Focs \/ Jornalismo Uniso<\/i><\/span><\/div>\n<div style=\"background: white; line-height: normal; margin-bottom: .0001pt; margin-bottom: 0cm;\"><\/div>\n<p><\/p>\n","protected":false},"excerpt":{"rendered":"<p>Interessados em ter um animal de estima\u00e7\u00e3o podem comparecer ao Shopping Granja Olga, no pr\u00f3ximo s\u00e1bado (23), para uma Feira<\/p>\n","protected":false},"author":1,"featured_media":0,"comment_status":"open","ping_status":"open","sticky":false,"template":"","format":"standard","meta":{"colormag_page_container_layout":"default_layout","colormag_page_sidebar_layout":"default_layout","footnotes":""},"categories":[5],"tags":[],"class_list":["post-136","post","type-post","status-publish","format-standard","hentry","category-foca-solidaria"],"featured_image_urls":{"full":"","thumbnail":"","medium":"","medium_large":"","large":"","1536x1536":"","2048x2048":"","colormag-highlighted-post":"","colormag-featured-post-medium":"","colormag-featured-post-small":"","colormag-featured-image":"","colormag-default-news":"","colormag-featured-image-large":""},"author_info":{"info":["focas"]},"category_info":"<a href=\"https:\/\/focas.uniso.br\/index.php\/category\/foca-solidaria\/\" rel=\"category tag\">Foca Solid\u00e1ria<\/a>","tag_info":"Foca Solid\u00e1ria","comment_count":"0","_links":{"self":[{"href":"https:\/\/focas.uniso.br\/index.php\/wp-json\/wp\/v2\/posts\/136","targetHints":{"allow":["GET"]}}],"collection":[{"href":"https:\/\/focas.uniso.br\/index.php\/wp-json\/wp\/v2\/posts"}],"about":[{"href":"https:\/\/focas.uniso.br\/index.php\/wp-json\/wp\/v2\/types\/post"}],"author":[{"embeddable":true,"href":"https:\/\/focas.uniso.br\/index.php\/wp-json\/wp\/v2\/users\/1"}],"replies":[{"embeddable":true,"href":"https:\/\/focas.uniso.br\/index.php\/wp-json\/wp\/v2\/comments?post=136"}],"version-history":[{"count":0,"href":"https:\/\/focas.uniso.br\/index.php\/wp-json\/wp\/v2\/posts\/136\/revisions"}],"wp:attachment":[{"href":"https:\/\/focas.uniso.br\/index.php\/wp-json\/wp\/v2\/media?parent=136"}],"wp:term":[{"taxonomy":"category","embeddable":true,"href":"https:\/\/focas.uniso.br\/index.php\/wp-json\/wp\/v2\/categories?post=136"},{"taxonomy":"post_tag","embeddable":true,"href":"https:\/\/focas.uniso.br\/index.php\/wp-json\/wp\/v2\/tags?post=136"}],"curies":[{"name":"wp","href":"https:\/\/api.w.org\/{rel}","templated":true}]}}