{"id":138,"date":"2019-03-20T21:15:00","date_gmt":"2019-03-20T21:15:00","guid":{"rendered":"http:\/\/focas.uniso.br\/index.php\/2019\/03\/20\/pastoral-do-menor-recebe-doacoes-para-pascoa-solidaria\/"},"modified":"2019-03-20T21:15:00","modified_gmt":"2019-03-20T21:15:00","slug":"pastoral-do-menor-recebe-doacoes-para-pascoa-solidaria","status":"publish","type":"post","link":"https:\/\/focas.uniso.br\/index.php\/2019\/03\/20\/pastoral-do-menor-recebe-doacoes-para-pascoa-solidaria\/","title":{"rendered":"Pastoral do Menor recebe doa\u00e7\u00f5es para P\u00e1scoa solid\u00e1ria"},"content":{"rendered":"<p><\/p>\n<div style=\"clear: both; text-align: center;\"><a href=\"https:\/\/4.bp.blogspot.com\/-cno8hheUShU\/XJKsT825iOI\/AAAAAAAAIEY\/JKha_s-FCt0uM5-pJrrw5LL8F0veysiDACLcBGAs\/s1600\/17862604_668971986642817_8559518684850367285_n.jpg\" style=\"clear: left; float: left; margin-bottom: 1em; margin-right: 1em;\"><img loading=\"lazy\" decoding=\"async\" border=\"0\" data-original-height=\"576\" data-original-width=\"960\" height=\"384\" src=\"https:\/\/4.bp.blogspot.com\/-cno8hheUShU\/XJKsT825iOI\/AAAAAAAAIEY\/JKha_s-FCt0uM5-pJrrw5LL8F0veysiDACLcBGAs\/s640\/17862604_668971986642817_8559518684850367285_n.jpg\" width=\"640\" \/><\/a><\/div>\n<div style=\"line-height: 115%; text-align: justify; text-justify: inter-ideograph;\"><span style=\"font-family: &quot;times new roman&quot; , serif; font-size: 12.0pt; line-height: 115%;\"><br \/><\/span><\/div>\n<div style=\"line-height: 115%; text-align: justify; text-justify: inter-ideograph;\"><span style=\"font-family: &quot;times new roman&quot; , serif; font-size: 12.0pt; line-height: 115%;\"><br \/><\/span><\/div>\n<div style=\"line-height: 115%; text-align: justify; text-justify: inter-ideograph;\"><span style=\"font-family: &quot;times new roman&quot; , serif; font-size: 12.0pt; line-height: 115%;\">A Amizadaria Solid\u00e1ria, um grupo formado por volunt\u00e1rios de Sorocaba, promove arrecada\u00e7\u00e3o de chocolates neste per\u00edodo de Quaresma. A meta \u00e9 conseguir 400 caixas de bombons para celebrar a P\u00e1scoa com as crian\u00e7as atendidas pela Pastoral do Menor do Conjunto Habitacional Ana Paula Eleut\u00e9rio, conhecido como Habiteto. <o:p><\/o:p><\/span><\/div>\n<div style=\"line-height: 115%; text-align: justify; text-justify: inter-ideograph;\"><span style=\"font-family: &quot;times new roman&quot; , serif; font-size: 12.0pt; line-height: 115%;\"><br \/><\/span><\/div>\n<div style=\"line-height: 115%; text-align: justify; text-justify: inter-ideograph;\"><span style=\"font-family: &quot;times new roman&quot; , serif; font-size: 12.0pt; line-height: 115%;\">Al\u00e9m da entrega dos doces, haver\u00e1 festa para a crian\u00e7ada no dia 13 de abril. As doa\u00e7\u00f5es podem ser entregues, das 8h30 \u00e0s 18h, para a volunt\u00e1ria respons\u00e1vel pelo evento, Renata Mariano, na R\u00e1dio Antena 1. A r\u00e1dio se localiza a 400 metros do Supermercado Tauste do Campolim, na Av. Eug\u00eanio Bernardi 534, Parque Bela Vista de Votorantim. <o:p><\/o:p><\/span><\/div>\n<div style=\"line-height: 115%; text-align: justify; text-justify: inter-ideograph;\"><span style=\"font-family: &quot;times new roman&quot; , serif; font-size: 12.0pt; line-height: 115%;\"><br \/><\/span><\/div>\n<div style=\"line-height: 115%; text-align: justify; text-justify: inter-ideograph;\"><span style=\"font-family: &quot;times new roman&quot; , serif; font-size: 12.0pt; line-height: 115%;\">Desde sua cria\u00e7\u00e3o em 2016, a Amizadaria Solid\u00e1ria trabalha diariamente para ajudar entidades beneficentes e moradores de rua. Portanto, durante todo o ano, pedem arrecada\u00e7\u00f5es de roupas, mantimentos, brinquedos, entre outros. \u201cA inten\u00e7\u00e3o da Amizadaria Solid\u00e1ria \u00e9 dar acalento aos moradores de rua e \u00e0s crian\u00e7as\u201d, afirma Renata. \u201cFazer o bem, sem olhar a quem\u201d \u00e9 o lema do grupo.<o:p><\/o:p><\/span><\/div>\n<div style=\"line-height: 115%; margin-bottom: .0001pt; margin-bottom: 0cm; text-align: justify; text-justify: inter-ideograph;\"><span style=\"font-family: &quot;times new roman&quot; , serif; font-size: 12.0pt; line-height: 115%;\">Para mais informa\u00e7\u00f5es, entrar em contato pelos seguintes canais:&nbsp;<\/span><span style=\"font-family: &quot;times new roman&quot; , serif; font-size: 12pt;\">E-mail: renatinhamariano@yahoo.com.br<\/span><\/div>\n<div style=\"line-height: 115%; margin-bottom: .0001pt; margin-bottom: 0cm; text-align: justify; text-justify: inter-ideograph;\"><span style=\"font-family: &quot;times new roman&quot; , serif; font-size: 12.0pt; line-height: 115%;\">Telefone: (15)97403-6461<o:p><\/o:p><\/span><\/div>\n<div style=\"line-height: 115%; margin-bottom: .0001pt; margin-bottom: 0cm; text-align: justify; text-justify: inter-ideograph;\"><span style=\"font-family: &quot;times new roman&quot; , serif; font-size: 12.0pt; line-height: 115%;\">Facebook : @amizadariasolidaria<o:p><\/o:p><\/span><\/div>\n<p><b><span style=\"font-family: Verdana, sans-serif;\">PROJETO FOCA SOLID\u00c1RIA<\/span><\/b><br \/><span style=\"font-family: Trebuchet MS, sans-serif; font-size: x-small;\"><b>Produ\u00e7\u00e3o: alunos do 1\u00ba per\u00edodo de Jornalismo<\/b><\/span><br \/><span style=\"font-family: inherit; font-size: x-small;\"><i>Texto:&nbsp;Celinne Nishimura&nbsp;<\/i><i>&#8211; Ag\u00eancia Focs \/ Jornalismo Uniso<\/i><\/span><\/p>\n<div style=\"background-color: white; line-height: 1.6em; margin: 0px 0px 0.75em;\">\n<div style=\"-webkit-font-smoothing: antialiased;\"><i><span style=\"font-family: inherit; font-size: x-small;\">Imagem: Arquivos Pessoais | Facebook da Amizadaria Solid\u00e1ria<\/span><\/i><\/div>\n<\/div>\n<div><span style=\"font-family: &quot;times new roman&quot; , serif; font-size: 14.0pt; line-height: 107%;\"><o:p><\/o:p><\/span><\/div>\n<div><\/div>\n","protected":false},"excerpt":{"rendered":"<p>A Amizadaria Solid\u00e1ria, um grupo formado por volunt\u00e1rios de Sorocaba, promove arrecada\u00e7\u00e3o de chocolates neste per\u00edodo de Quaresma. A meta<\/p>\n","protected":false},"author":1,"featured_media":0,"comment_status":"open","ping_status":"open","sticky":false,"template":"","format":"standard","meta":{"colormag_page_container_layout":"default_layout","colormag_page_sidebar_layout":"default_layout","footnotes":""},"categories":[5],"tags":[],"class_list":["post-138","post","type-post","status-publish","format-standard","hentry","category-foca-solidaria"],"featured_image_urls":{"full":"","thumbnail":"","medium":"","medium_large":"","large":"","1536x1536":"","2048x2048":"","colormag-highlighted-post":"","colormag-featured-post-medium":"","colormag-featured-post-small":"","colormag-featured-image":"","colormag-default-news":"","colormag-featured-image-large":""},"author_info":{"info":["focas"]},"category_info":"<a href=\"https:\/\/focas.uniso.br\/index.php\/category\/foca-solidaria\/\" rel=\"category tag\">Foca Solid\u00e1ria<\/a>","tag_info":"Foca Solid\u00e1ria","comment_count":"0","_links":{"self":[{"href":"https:\/\/focas.uniso.br\/index.php\/wp-json\/wp\/v2\/posts\/138","targetHints":{"allow":["GET"]}}],"collection":[{"href":"https:\/\/focas.uniso.br\/index.php\/wp-json\/wp\/v2\/posts"}],"about":[{"href":"https:\/\/focas.uniso.br\/index.php\/wp-json\/wp\/v2\/types\/post"}],"author":[{"embeddable":true,"href":"https:\/\/focas.uniso.br\/index.php\/wp-json\/wp\/v2\/users\/1"}],"replies":[{"embeddable":true,"href":"https:\/\/focas.uniso.br\/index.php\/wp-json\/wp\/v2\/comments?post=138"}],"version-history":[{"count":0,"href":"https:\/\/focas.uniso.br\/index.php\/wp-json\/wp\/v2\/posts\/138\/revisions"}],"wp:attachment":[{"href":"https:\/\/focas.uniso.br\/index.php\/wp-json\/wp\/v2\/media?parent=138"}],"wp:term":[{"taxonomy":"category","embeddable":true,"href":"https:\/\/focas.uniso.br\/index.php\/wp-json\/wp\/v2\/categories?post=138"},{"taxonomy":"post_tag","embeddable":true,"href":"https:\/\/focas.uniso.br\/index.php\/wp-json\/wp\/v2\/tags?post=138"}],"curies":[{"name":"wp","href":"https:\/\/api.w.org\/{rel}","templated":true}]}}