{"id":1489,"date":"2023-07-20T15:31:34","date_gmt":"2023-07-20T18:31:34","guid":{"rendered":"https:\/\/focas.uniso.br\/?p=1489"},"modified":"2023-07-20T15:31:35","modified_gmt":"2023-07-20T18:31:35","slug":"uniso-oferece-cursos-para-a-terceira-idade","status":"publish","type":"post","link":"https:\/\/focas.uniso.br\/index.php\/2023\/07\/20\/uniso-oferece-cursos-para-a-terceira-idade\/","title":{"rendered":"Uniso oferece cursos para a Terceira Idade"},"content":{"rendered":"\n<p>Rafael Filho (Ag\u00eancia Focs \/ Jornalismo Uniso) &#8211; Edi\u00e7\u00e3o por Assessoria de Comunica\u00e7\u00e3o da Uniso<\/p>\n\n\n\n<p>Com aulas que v\u00e3o de temas como dan\u00e7a e medita\u00e7\u00e3o at\u00e9 idiomas e tecnologia, os cursos s\u00e3o semestrais, voltados para pessoas com mais de 50 anos. A Terceira Idade tamb\u00e9m promove eventos como palestras, oficinas e encontros.<\/p>\n\n\n\n<figure class=\"wp-block-image size-full\"><img loading=\"lazy\" decoding=\"async\" width=\"740\" height=\"493\" src=\"https:\/\/focas.uniso.br\/wp-content\/uploads\/2023\/07\/image-1.png\" alt=\"\" class=\"wp-image-1490\" srcset=\"https:\/\/focas.uniso.br\/wp-content\/uploads\/2023\/07\/image-1.png 740w, https:\/\/focas.uniso.br\/wp-content\/uploads\/2023\/07\/image-1-300x200.png 300w\" sizes=\"auto, (max-width: 740px) 100vw, 740px\" \/><figcaption class=\"wp-element-caption\">(Freepik)<\/figcaption><\/figure>\n\n\n\n<p><br>As atividades deste segundo semestre de 2023, com in\u00edcio a partir de 16 de agosto, ser\u00e3o presenciais, mas as inscri\u00e7\u00f5es acontecem de maneira online. Para saber os procedimento e as op\u00e7\u00f5es de cursos, que possuem per\u00edodos de inscri\u00e7\u00e3o e in\u00edcio diferentes, basta acessar o site\u00a0<a rel=\"noreferrer noopener\" href=\"https:\/\/uniso.br\/home\/terceiraidade\" target=\"_blank\">https:\/\/uniso.br\/home\/terceiraidade<\/a>\u00a0e consultar o menu \u201cCursos\u201d. Os cursos possuem valores diferentes de acordo com sua carga hor\u00e1ria: 10 horas (2x $104,00); 20 horas (4x $104,00); 30 horas (5x $104,00).<br>Para esclarecimento de d\u00favidas, o hor\u00e1rio de atendimento da secretaria \u00e9 de segunda a sexta, das 8h \u00e0s 17h, pelos telefones (15) 2101.4061 \/ (15) 98105.0588 (WhatsApp) ou e-mail: 3idade@uniso.br.<\/p>\n\n\n\n<p><\/p>\n\n\n\n<p><strong>Terceira Idade da Uniso<\/strong><br>Com o intuito de promover uma rela\u00e7\u00e3o transformadora entre Universidade e Sociedade, estabelecendo a troca de saberes, a Terceira Idade da Uniso come\u00e7ou a realizar as suas primeiras atividades voltadas a este p\u00fablico em 1994. Seu objetivo \u00e9 a educa\u00e7\u00e3o ao longo da vida, dirigida a pessoas de 50 anos ou mais, interessadas em atualizar seus conhecimentos, redimensionar seus projetos de vida e ampliar sua rede de rela\u00e7\u00f5es sociais.<br>A Universidade considera que pessoas com mais de 50 anos t\u00eam condi\u00e7\u00f5es de manter uma s\u00e9rie de atividades profissionais, educacionais e sociais importantes, podendo exercer plenamente sua cidadania, redimensionando o seu lugar social. Com base nisso \u00e9 que vem oferecendo h\u00e1 quase 20 anos cursos nas \u00e1reas de Educa\u00e7\u00e3o, Sa\u00fade, Comunica\u00e7\u00e3o, Cultura e Tecnologia, al\u00e9m de promover eventos como palestras, oficinas e encontros.<br><br><strong>Cursos \u2013 2\u00ba semestre 2023<\/strong><br>Aprecia\u00e7\u00e3o Musical<br>Canto e Coral<br>Dan\u00e7a e Alongamento<br>Cultura Italiana<br>Est\u00e9tica Barroca<br>Filosofia e Esclarecimento: a teoria cr\u00edtica da Escola de Frankfurt<br>Ingl\u00eas B\u00e1sico<br>Ingl\u00eas Intermedi\u00e1rio<br>Ingl\u00eas Avan\u00e7ado<br>Italiano B\u00e1sico<br>L\u00edngua Brasileira de Sinais<br>Nutri\u00e7\u00e3o e Qualidade de Vida<br>Oficina de Mem\u00f3ria<br>Tai Chi Chuan: A Medita\u00e7\u00e3o em Movimento<br>Teatro<br>Tecnologia, Celular e Internet<\/p>\n\n\n\n<p><strong>Quer saber mais?<\/strong><br>Universidade da Terceira Idade da Uniso<br>Whatsapp: (15) 98105.0588<br>Telefone: (15) 2101.4061<br>E-mail: 3idade@uniso.br<br>Site:\u00a0<a rel=\"noreferrer noopener\" href=\"https:\/\/uniso.br\/home\/terceiraidade\" target=\"_blank\">https:\/\/uniso.br\/home\/terceiraidade<\/a><br>Facebook:\u00a0<a rel=\"noreferrer noopener\" href=\"https:\/\/www.facebook.com\/TerceiraIdadeUniso\" target=\"_blank\">Universidade da Terceira Idade \u2013 Uniso<\/a><br>Endere\u00e7o: Av. Dr. Eug\u00eanio Salerno, n. 50\/60 \u2013 Centro de Sorocaba<br>Fundos do Estacionamento: Mitra \u2013 salas 22 e 23<br><br><\/p>\n","protected":false},"excerpt":{"rendered":"<p>Rafael Filho (Ag\u00eancia Focs \/ Jornalismo Uniso) &#8211; Edi\u00e7\u00e3o por Assessoria de Comunica\u00e7\u00e3o da Uniso Com aulas que v\u00e3o de<\/p>\n","protected":false},"author":1,"featured_media":0,"comment_status":"open","ping_status":"open","sticky":false,"template":"","format":"standard","meta":{"colormag_page_container_layout":"default_layout","colormag_page_sidebar_layout":"default_layout","footnotes":""},"categories":[15,20,14],"tags":[],"class_list":["post-1489","post","type-post","status-publish","format-standard","hentry","category-jornalismo","category-noticias","category-uniso"],"featured_image_urls":{"full":"","thumbnail":"","medium":"","medium_large":"","large":"","1536x1536":"","2048x2048":"","colormag-highlighted-post":"","colormag-featured-post-medium":"","colormag-featured-post-small":"","colormag-featured-image":"","colormag-default-news":"","colormag-featured-image-large":""},"author_info":{"info":["focas"]},"category_info":"<a href=\"https:\/\/focas.uniso.br\/index.php\/category\/jornalismo\/\" rel=\"category tag\">Jornalismo<\/a> <a href=\"https:\/\/focas.uniso.br\/index.php\/category\/noticias\/\" rel=\"category tag\">Not\u00edcias<\/a> <a href=\"https:\/\/focas.uniso.br\/index.php\/category\/uniso\/\" rel=\"category tag\">Uniso<\/a>","tag_info":"Uniso","comment_count":"0","_links":{"self":[{"href":"https:\/\/focas.uniso.br\/index.php\/wp-json\/wp\/v2\/posts\/1489","targetHints":{"allow":["GET"]}}],"collection":[{"href":"https:\/\/focas.uniso.br\/index.php\/wp-json\/wp\/v2\/posts"}],"about":[{"href":"https:\/\/focas.uniso.br\/index.php\/wp-json\/wp\/v2\/types\/post"}],"author":[{"embeddable":true,"href":"https:\/\/focas.uniso.br\/index.php\/wp-json\/wp\/v2\/users\/1"}],"replies":[{"embeddable":true,"href":"https:\/\/focas.uniso.br\/index.php\/wp-json\/wp\/v2\/comments?post=1489"}],"version-history":[{"count":2,"href":"https:\/\/focas.uniso.br\/index.php\/wp-json\/wp\/v2\/posts\/1489\/revisions"}],"predecessor-version":[{"id":1492,"href":"https:\/\/focas.uniso.br\/index.php\/wp-json\/wp\/v2\/posts\/1489\/revisions\/1492"}],"wp:attachment":[{"href":"https:\/\/focas.uniso.br\/index.php\/wp-json\/wp\/v2\/media?parent=1489"}],"wp:term":[{"taxonomy":"category","embeddable":true,"href":"https:\/\/focas.uniso.br\/index.php\/wp-json\/wp\/v2\/categories?post=1489"},{"taxonomy":"post_tag","embeddable":true,"href":"https:\/\/focas.uniso.br\/index.php\/wp-json\/wp\/v2\/tags?post=1489"}],"curies":[{"name":"wp","href":"https:\/\/api.w.org\/{rel}","templated":true}]}}