{"id":1494,"date":"2023-07-20T15:45:32","date_gmt":"2023-07-20T18:45:32","guid":{"rendered":"https:\/\/focas.uniso.br\/?p=1494"},"modified":"2023-07-20T15:45:32","modified_gmt":"2023-07-20T18:45:32","slug":"letras-inscreve-para-o-42o-concurso-literario","status":"publish","type":"post","link":"https:\/\/focas.uniso.br\/index.php\/2023\/07\/20\/letras-inscreve-para-o-42o-concurso-literario\/","title":{"rendered":"Letras inscreve para o 42\u00ba Concurso Liter\u00e1rio"},"content":{"rendered":"\n<p>Rafael Filho (Ag\u00eancia Focs \/ Jornalismo Uniso) &#8211; Edi\u00e7\u00e3o por Assessoria de Comunica\u00e7\u00e3o da Uniso<\/p>\n\n\n\n<figure class=\"wp-block-image size-full\"><img loading=\"lazy\" decoding=\"async\" width=\"740\" height=\"494\" src=\"https:\/\/focas.uniso.br\/wp-content\/uploads\/2023\/07\/image-2.png\" alt=\"\" class=\"wp-image-1495\" srcset=\"https:\/\/focas.uniso.br\/wp-content\/uploads\/2023\/07\/image-2.png 740w, https:\/\/focas.uniso.br\/wp-content\/uploads\/2023\/07\/image-2-300x200.png 300w\" sizes=\"auto, (max-width: 740px) 100vw, 740px\" \/><figcaption class=\"wp-element-caption\">(Freepik)<\/figcaption><\/figure>\n\n\n\n<p>O curso de Letras abriu as inscri\u00e7\u00f5es para o seu 42\u00ba Concurso Liter\u00e1rio. Nesta edi\u00e7\u00e3o, a modalidade ser\u00e1 Ap\u00f3logo, sob tema livre. A participa\u00e7\u00e3o est\u00e1 aberta a pessoas do Brasil e do exterior, com apresenta\u00e7\u00e3o dos textos em l\u00edngua portuguesa, que podem j\u00e1 ter sido publicados.<br>Sobre o tema escolhido, o site Mundo Educa\u00e7\u00e3o da plataforma UOL (<a rel=\"noreferrer noopener\" href=\"https:\/\/mundoeducacao.uol.com.br\/redacao\/apologo.htm\" target=\"_blank\">https:\/\/mundoeducacao.uol.com.br\/redacao\/apologo.htm<\/a>), que \u00e9 indicado pela organiza\u00e7\u00e3o do concurso, explica que ap\u00f3logo \u00e9 \u201cum texto liter\u00e1rio aleg\u00f3rico e moral com seres inanimados que falam ou assumem posturas que s\u00e3o inerentes aos seres humanos, como a nobreza de car\u00e1ter. Sendo um g\u00eanero liter\u00e1rio geralmente escrito em prosa e com uma narrativa contendo eventos similares aos da vida real. \u201d<br>Com rela\u00e7\u00e3o \u00e0 premia\u00e7\u00e3o, os autores selecionados receber\u00e3o premia\u00e7\u00e3o honor\u00edfica, por meio de certificado de participa\u00e7\u00e3o. As obras classificadas ser\u00e3o devidamente creditadas e disponibilizadas no site da Uniso, divulgadas nas m\u00eddias de comunica\u00e7\u00e3o da Uniso e nas redes sociais do curso de Letras.<br>As inscri\u00e7\u00f5es devem ser feitas pelo site da Uniso, em Eventos, ou diretamente pelo link:\u00a0<a rel=\"noreferrer noopener\" href=\"http:\/\/uniso.br\/evento\/42-CONCURSOLITERARIO-2023\" target=\"_blank\">http:\/\/uniso.br\/evento\/42-CONCURSOLITERARIO-2023<\/a>, que tamb\u00e9m disponibiliza o Edital.<\/p>\n\n\n\n<p>As datas dos resultados s\u00e3o:<\/p>\n\n\n\n<p><strong>1\u00aa fase:<\/strong>&nbsp;2 de outubro, com divulga\u00e7\u00e3o dos 5 melhores ap\u00f3logos na p\u00e1gina do concurso.<\/p>\n\n\n\n<p><strong>2\u00aa fase:<\/strong>&nbsp;19 de outubro, \u00e0s 19h30, na Cidade Universit\u00e1ria, com o evento final de classifica\u00e7\u00e3o do 1\u00ba ao 3\u00ba lugar, no Audit\u00f3rio do Bloco D \u2013 Cidade Universit\u00e1ria, em cerim\u00f4nia aberta ao p\u00fablico, com apresenta\u00e7\u00e3o dos ap\u00f3logos classificados.<\/p>\n\n\n\n<p><em><strong>Texto: Rafael Filho (Ag\u00eancia Focs \/ Jornalismo Uniso)<br>Edi\u00e7\u00e3o: Assessoria de Comunica\u00e7\u00e3o da Uniso<\/strong><\/em><\/p>\n","protected":false},"excerpt":{"rendered":"<p>Rafael Filho (Ag\u00eancia Focs \/ Jornalismo Uniso) &#8211; Edi\u00e7\u00e3o por Assessoria de Comunica\u00e7\u00e3o da Uniso O curso de Letras abriu<\/p>\n","protected":false},"author":1,"featured_media":0,"comment_status":"open","ping_status":"open","sticky":false,"template":"","format":"standard","meta":{"colormag_page_container_layout":"default_layout","colormag_page_sidebar_layout":"default_layout","footnotes":""},"categories":[15,20,14],"tags":[],"class_list":["post-1494","post","type-post","status-publish","format-standard","hentry","category-jornalismo","category-noticias","category-uniso"],"featured_image_urls":{"full":"","thumbnail":"","medium":"","medium_large":"","large":"","1536x1536":"","2048x2048":"","colormag-highlighted-post":"","colormag-featured-post-medium":"","colormag-featured-post-small":"","colormag-featured-image":"","colormag-default-news":"","colormag-featured-image-large":""},"author_info":{"info":["focas"]},"category_info":"<a href=\"https:\/\/focas.uniso.br\/index.php\/category\/jornalismo\/\" rel=\"category tag\">Jornalismo<\/a> <a href=\"https:\/\/focas.uniso.br\/index.php\/category\/noticias\/\" rel=\"category tag\">Not\u00edcias<\/a> <a href=\"https:\/\/focas.uniso.br\/index.php\/category\/uniso\/\" rel=\"category tag\">Uniso<\/a>","tag_info":"Uniso","comment_count":"0","_links":{"self":[{"href":"https:\/\/focas.uniso.br\/index.php\/wp-json\/wp\/v2\/posts\/1494","targetHints":{"allow":["GET"]}}],"collection":[{"href":"https:\/\/focas.uniso.br\/index.php\/wp-json\/wp\/v2\/posts"}],"about":[{"href":"https:\/\/focas.uniso.br\/index.php\/wp-json\/wp\/v2\/types\/post"}],"author":[{"embeddable":true,"href":"https:\/\/focas.uniso.br\/index.php\/wp-json\/wp\/v2\/users\/1"}],"replies":[{"embeddable":true,"href":"https:\/\/focas.uniso.br\/index.php\/wp-json\/wp\/v2\/comments?post=1494"}],"version-history":[{"count":1,"href":"https:\/\/focas.uniso.br\/index.php\/wp-json\/wp\/v2\/posts\/1494\/revisions"}],"predecessor-version":[{"id":1496,"href":"https:\/\/focas.uniso.br\/index.php\/wp-json\/wp\/v2\/posts\/1494\/revisions\/1496"}],"wp:attachment":[{"href":"https:\/\/focas.uniso.br\/index.php\/wp-json\/wp\/v2\/media?parent=1494"}],"wp:term":[{"taxonomy":"category","embeddable":true,"href":"https:\/\/focas.uniso.br\/index.php\/wp-json\/wp\/v2\/categories?post=1494"},{"taxonomy":"post_tag","embeddable":true,"href":"https:\/\/focas.uniso.br\/index.php\/wp-json\/wp\/v2\/tags?post=1494"}],"curies":[{"name":"wp","href":"https:\/\/api.w.org\/{rel}","templated":true}]}}