{"id":1572,"date":"2023-09-26T16:16:46","date_gmt":"2023-09-26T19:16:46","guid":{"rendered":"https:\/\/focas.uniso.br\/?p=1572"},"modified":"2023-09-26T16:19:04","modified_gmt":"2023-09-26T19:19:04","slug":"27a-semana-da-comunicacao-comeca-nesta-terca-26-as-19h-e-segue-ate-sexta-29","status":"publish","type":"post","link":"https:\/\/focas.uniso.br\/index.php\/2023\/09\/26\/27a-semana-da-comunicacao-comeca-nesta-terca-26-as-19h-e-segue-ate-sexta-29\/","title":{"rendered":"25\u00aa Semana da Comunica\u00e7\u00e3o come\u00e7a nesta ter\u00e7a (26), \u00e0s 19h, e segue at\u00e9 sexta (29)"},"content":{"rendered":"\n<p>Por Ag\u00eancia Focs \u2013 Jornalismo Uniso (@focasnarede)<\/p>\n\n\n\n<figure class=\"wp-block-image size-large is-resized\"><img loading=\"lazy\" decoding=\"async\" src=\"https:\/\/focas.uniso.br\/wp-content\/uploads\/2023\/09\/MeetComm-2023-1024x576.png\" alt=\"\" class=\"wp-image-1573\" style=\"width:953px;height:482px\" width=\"953\" height=\"482\"\/><figcaption class=\"wp-element-caption\">MeetComm \u00e9 realizado em conjunto com os tr\u00eas cursos de Comunica\u00e7\u00e3o da Uniso: Jornalismo, Publicidade e Propaganda e Rela\u00e7\u00f5es P\u00fablicas <strong>(Foto: Divulga\u00e7\u00e3o)<\/strong><\/figcaption><\/figure>\n\n\n\n<p>Jornalismo, Publicidade e Propaganda e Rela\u00e7\u00f5es P\u00fablicas s\u00e3o \u00e1reas cada vez mais integradas e em constante transforma\u00e7\u00e3o no mercado de trabalho diante de tantas mudan\u00e7as e novas demandas em diversos segmentos da comunica\u00e7\u00e3o. Para abordar justamente esse posicionamento dos profissionais e inspira\u00e7\u00f5es para carreira, especialmente considerando o contexto regional, a Universidade de Sorocaba realiza a partir desta ter\u00e7a-feira, dia 26 de setembro, a MeetComm \u2013 25\u00aa Semana da Comunica\u00e7\u00e3o.<\/p>\n\n\n\n<p>O evento tem programa\u00e7\u00e3o nos turnos da manh\u00e3 e da noite e \u00e9 aberto a profissionais e demais interessados. A abertura ser\u00e1 sobre os cen\u00e1rios midi\u00e1ticos regionais e tem como convidados os jornalistas Thiago Ariosi e Carla de Campos, da TV Tem. Ariosi, que \u00e9 apresentador titular do Tem Not\u00edcias 1\u00aa edi\u00e7\u00e3o, vai abordar a Experi\u00eancia das Caravanas de 20 anos, que levou o telejornal para as pra\u00e7as de diversas cidades da \u00e1rea de abrang\u00eancia da emissora no primeiro semestre deste ano.&nbsp; J\u00e1 Carla de Campos, que \u00e9 formada pela Uniso e atua na produ\u00e7\u00e3o da emissora para conte\u00fados locais e nacionais, falar\u00e1 das caravanas e tamb\u00e9m da rotina de produ\u00e7\u00e3o, relembrando pautas desde a primeira informa\u00e7\u00e3o recebida at\u00e9 a repercuss\u00e3o.<\/p>\n\n\n\n<p>Para encerrar a noite de abertura, os presentes acompanhar\u00e3o a premia\u00e7\u00e3o de mais uma edi\u00e7\u00e3o do Festival Publicit\u00e1rio Universit\u00e1rio da Uniso (Fest PUP) com o an\u00fancio dos melhores trabalhos inscritos pelos estudantes de PP. A programa\u00e7\u00e3o segue com palestras e oficinas nos turnos da manh\u00e3 e da noite. O encerramento ser\u00e1 cultural, na sexta-feira, dia 29, com a presen\u00e7a do m\u00fasico e produtor cultural Carlos Madia, que tamb\u00e9m \u00e9 formado em Rela\u00e7\u00f5es P\u00fablicas e preparou uma oficina para finalizar a semana integrando os tr\u00eas cursos.<\/p>\n\n\n\n<p><strong>Confira a programa\u00e7\u00e3o completa da MeetComm 2023:<\/strong><\/p>\n\n\n\n<p><strong>26\/09 \u2013 ter\u00e7a-feira<\/strong> \u2013 Audit\u00f3rio F<\/p>\n\n\n\n<p><strong>NOITE<\/strong><\/p>\n\n\n\n<p>19h &#8211; Thiago Ariosi e Carla de Campos \u2013 TV Tem<\/p>\n\n\n\n<p>\u2013 Cen\u00e1rios Midi\u00e1ticos Regionais \u201cA experi\u00eancia das caravanas de 20 anos\u201d<\/p>\n\n\n\n<p>&#8211; Premia\u00e7\u00e3o Fest PUP<\/p>\n\n\n\n<p><strong>27\/09 \u2013 quarta-feira &#8211; Audit\u00f3rio F<\/strong><\/p>\n\n\n\n<p><strong>MANH\u00c3<\/strong><\/p>\n\n\n\n<p>8h &#8211; Guilherme Maia &#8211; Narrador esportivo via streaming e s\u00f3cio da Live BR.<br>&#8211; Novos neg\u00f3cios e produ\u00e7\u00f5es de conte\u00fado nas plataformas digitais<\/p>\n\n\n\n<p>9h &#8211; Bernardo Caixeta &#8211; Gerente de Marketing da Penalty<br><br><\/p>\n\n\n\n<p><strong>NOITE<\/strong><\/p>\n\n\n\n<p>19h30 &#8211; Camila Andrade \u2013 Eduzz &#8211; Copywritter e estrategista de marketing digital<br>&#8211; O profissional de comunica\u00e7\u00e3o nos bastidores do marketing digital<\/p>\n\n\n\n<p>20h30 \u2013 Andr\u00e9 Leotta \u2013 CDR<\/p>\n\n\n\n<p><strong>28\/09 \u2013 quinta-feira<\/strong><\/p>\n\n\n\n<p><strong>MANH\u00c3<\/strong><\/p>\n\n\n\n<p>8h \u2013 Oficina PP com Ivam Grambek &#8211; professor e fot\u00f3grafo de alimentos<br>&#8211; Produ\u00e7\u00e3o e fotografia publicit\u00e1ria de alimentos<br>Local: Est\u00fadio de Foto<\/p>\n\n\n\n<p>8h \u2013 Oficina JOR com escritores e editoras sobre o mercado liter\u00e1rio<\/p>\n\n\n\n<p>&#8211; J\u00e1 pensou em escrever um livro? A gente te conta como fazer.<\/p>\n\n\n\n<p>Convidados: Isa Feij\u00f3 e Antony Isidoro (Editora Cal\u00edope), Josy Sousa (Editora C\u00f3dice)<\/p>\n\n\n\n<p>Local: Espa\u00e7o 4HUB \u2013 t\u00e9rreo do Bloco B<\/p>\n\n\n\n<p>9h40 \u2013 Oficina para comunicadores RP \u2013 Prof\u00aa Dr\u00aa Iara Narece<\/p>\n\n\n\n<p>&#8211; Domine sua voz<\/p>\n\n\n\n<p>Local: Sala 103 do Bloco B<\/p>\n\n\n\n<p>10h &#8211; Live JOR com Oleg Dm\u00edtriev &#8211; R\u00e1dio Sputinik<\/p>\n\n\n\n<p>&#8211; Podcast e r\u00e1dio no s\u00e9culo 21 \u2013 live direto da R\u00fassia<\/p>\n\n\n\n<p><strong>NOITE<\/strong><\/p>\n\n\n\n<p>19h \u2013 Oficina para comunicadores com Guilherme Maia &#8211; Narrador esportivo via streaming (Live BR)<\/p>\n\n\n\n<p>&#8211; Novos neg\u00f3cios e produ\u00e7\u00f5es de conte\u00fado nas plataformas digitais<\/p>\n\n\n\n<p>Local \u2013 Sala 101 B \u2013 Bloco B<\/p>\n\n\n\n<p>19h30 \u2013 Dr\u00aa Carolina Terra \u2013 RP e docente da C\u00e1sper L\u00edbero<\/p>\n\n\n\n<p>\u201cInflu\u00eancia digital nas organiza\u00e7\u00f5es e creator economy\u201d<\/p>\n\n\n\n<p>Local: Stadium da Biblioteca<\/p>\n\n\n\n<p>20h &#8211; Oficina JOR com escritores e editoras sobre o mercado liter\u00e1rio<\/p>\n\n\n\n<p>&#8211; J\u00e1 pensou em escrever um livro? A gente te conta como fazer.<\/p>\n\n\n\n<p>Convidados: Isa Feij\u00f3, escritora e Antony Isidoro (Editora Cal\u00edope), Josy Sousa, escritora (Editora C\u00f3dice), Nicole Annunciato, escritora (autora de as Damas de San Barci)<\/p>\n\n\n\n<p>20h \u2013 Oficina PP com Ivam Grambek &#8211; professor e fot\u00f3grafo de alimentos<br>&#8211; Produ\u00e7\u00e3o e fotografia publicit\u00e1ria de alimentos<br>Local: Est\u00fadio de Foto<\/p>\n\n\n\n<p><strong>29\/09 \u2013 Sexta-feira \u2013 Audit\u00f3rio F<\/strong><\/p>\n\n\n\n<p><strong>MANH\u00c3 e NOITE<\/strong><\/p>\n\n\n\n<p>8h e 19h30 \u2013 Encerramento<\/p>\n\n\n\n<p>Carlos Madia \u2013 m\u00fasico, produtor cultural e RP<\/p>\n","protected":false},"excerpt":{"rendered":"<p>Por Ag\u00eancia Focs \u2013 Jornalismo Uniso (@focasnarede) Jornalismo, Publicidade e Propaganda e Rela\u00e7\u00f5es P\u00fablicas s\u00e3o \u00e1reas cada vez mais integradas<\/p>\n","protected":false},"author":1,"featured_media":0,"comment_status":"open","ping_status":"open","sticky":false,"template":"","format":"standard","meta":{"colormag_page_container_layout":"default_layout","colormag_page_sidebar_layout":"default_layout","footnotes":""},"categories":[15,35,20,14],"tags":[30,29,34,28],"class_list":["post-1572","post","type-post","status-publish","format-standard","hentry","category-jornalismo","category-meetcomm-na-uniso","category-noticias","category-uniso","tag-focas","tag-jornalismo","tag-meetcomm-na-uniso","tag-uniso"],"featured_image_urls":{"full":"","thumbnail":"","medium":"","medium_large":"","large":"","1536x1536":"","2048x2048":"","colormag-highlighted-post":"","colormag-featured-post-medium":"","colormag-featured-post-small":"","colormag-featured-image":"","colormag-default-news":"","colormag-featured-image-large":""},"author_info":{"info":["focas"]},"category_info":"<a href=\"https:\/\/focas.uniso.br\/index.php\/category\/jornalismo\/\" rel=\"category tag\">Jornalismo<\/a> <a href=\"https:\/\/focas.uniso.br\/index.php\/category\/meetcomm-na-uniso\/\" rel=\"category tag\">MeetComm na Uniso<\/a> <a href=\"https:\/\/focas.uniso.br\/index.php\/category\/noticias\/\" rel=\"category tag\">Not\u00edcias<\/a> <a href=\"https:\/\/focas.uniso.br\/index.php\/category\/uniso\/\" rel=\"category tag\">Uniso<\/a>","tag_info":"Uniso","comment_count":"0","_links":{"self":[{"href":"https:\/\/focas.uniso.br\/index.php\/wp-json\/wp\/v2\/posts\/1572","targetHints":{"allow":["GET"]}}],"collection":[{"href":"https:\/\/focas.uniso.br\/index.php\/wp-json\/wp\/v2\/posts"}],"about":[{"href":"https:\/\/focas.uniso.br\/index.php\/wp-json\/wp\/v2\/types\/post"}],"author":[{"embeddable":true,"href":"https:\/\/focas.uniso.br\/index.php\/wp-json\/wp\/v2\/users\/1"}],"replies":[{"embeddable":true,"href":"https:\/\/focas.uniso.br\/index.php\/wp-json\/wp\/v2\/comments?post=1572"}],"version-history":[{"count":3,"href":"https:\/\/focas.uniso.br\/index.php\/wp-json\/wp\/v2\/posts\/1572\/revisions"}],"predecessor-version":[{"id":1576,"href":"https:\/\/focas.uniso.br\/index.php\/wp-json\/wp\/v2\/posts\/1572\/revisions\/1576"}],"wp:attachment":[{"href":"https:\/\/focas.uniso.br\/index.php\/wp-json\/wp\/v2\/media?parent=1572"}],"wp:term":[{"taxonomy":"category","embeddable":true,"href":"https:\/\/focas.uniso.br\/index.php\/wp-json\/wp\/v2\/categories?post=1572"},{"taxonomy":"post_tag","embeddable":true,"href":"https:\/\/focas.uniso.br\/index.php\/wp-json\/wp\/v2\/tags?post=1572"}],"curies":[{"name":"wp","href":"https:\/\/api.w.org\/{rel}","templated":true}]}}