{"id":170,"date":"2018-10-07T18:19:00","date_gmt":"2018-10-07T18:19:00","guid":{"rendered":"http:\/\/focas.uniso.br\/index.php\/2018\/10\/07\/conheca-os-candidatos-ao-senado-pelo-estado-de-sao-paulo\/"},"modified":"2018-10-07T18:19:00","modified_gmt":"2018-10-07T18:19:00","slug":"conheca-os-candidatos-ao-senado-pelo-estado-de-sao-paulo","status":"publish","type":"post","link":"https:\/\/focas.uniso.br\/index.php\/2018\/10\/07\/conheca-os-candidatos-ao-senado-pelo-estado-de-sao-paulo\/","title":{"rendered":"Conhe\u00e7a os candidatos ao Senado pelo Estado de S\u00e3o Paulo"},"content":{"rendered":"<p><\/p>\n<div style=\"clear: both; text-align: center;\"><a href=\"https:\/\/1.bp.blogspot.com\/-XER45GvDzhY\/W7pOGowiLTI\/AAAAAAAAHxY\/tBl8zOhpNeMgbq9incVtKOx-W_wRF-xpwCLcBGAs\/s1600\/logo%2Belei%25C3%25A7%25C3%25A3o.png\" style=\"margin-left: 1em; margin-right: 1em;\"><img loading=\"lazy\" decoding=\"async\" border=\"0\" data-original-height=\"539\" data-original-width=\"812\" height=\"212\" src=\"https:\/\/1.bp.blogspot.com\/-XER45GvDzhY\/W7pOGowiLTI\/AAAAAAAAHxY\/tBl8zOhpNeMgbq9incVtKOx-W_wRF-xpwCLcBGAs\/s320\/logo%2Belei%25C3%25A7%25C3%25A3o.png\" width=\"320\" \/><\/a><\/div>\n<div style=\"line-height: 150%; text-align: justify;\"><span style=\"font-family: inherit;\"><br \/><\/span><\/div>\n<div style=\"line-height: 150%; text-align: justify;\"><span style=\"font-family: inherit;\">O Senado Federal, juntamente com a C\u00e2mara dos Deputados, comp\u00f5e o Congresso Nacional. Atualmente, o Senado conta com 81 representantes, sendo tr\u00eas de cada estado do pa\u00eds, incluindo o Distrito Federal. O Senado est\u00e1 dividido em 70 homens e 11 mulheres.<o:p><\/o:p><\/span><\/div>\n<div style=\"line-height: 150%; text-align: justify;\"><\/div>\n<div style=\"line-height: 150%; text-align: justify;\"><span style=\"font-family: inherit;\">Entre as principais fun\u00e7\u00f5es do Senado est\u00e3o: propor e votar leis, normas e altera\u00e7\u00f5es na Constitui\u00e7\u00e3o; julgar e processar o presidente e o vice-presidente, os ministros de Estado, os ministros do Supremo Tribunal Federal, os membros do Conselho Nacional de Justi\u00e7a e do Conselho Nacional do Minist\u00e9rio P\u00fablico, o procurador-geral da Republica, o advogado-geral da Uni\u00e3o e os comandantes da Marinha, Ex\u00e9rcito e Aeron\u00e1utica; e autorizar transa\u00e7\u00f5es de cr\u00e9dito e aprova\u00e7\u00f5es de contas p\u00fablicas.<o:p><\/o:p><\/span><\/div>\n<div style=\"line-height: 150%; text-align: justify;\"><\/div>\n<div style=\"line-height: 150%; text-align: justify;\"><span style=\"font-family: inherit;\">Diferente dos outros cargos, os senadores se elegem por oito anos. Por\u00e9m, para evitar a mesma configura\u00e7\u00e3o durante oito anos, acontece a renova\u00e7\u00e3o parcial do Senado a cada quatro anos. Em 2014, 27 senadores foram eleitos e, para 2018, 54 senadores dever\u00e3o ser escolhidos nestas elei\u00e7\u00f5es. Neste ano, 358 representantes dos eleitores se candidataram ao Senado Federal, sendo 32 em busca da reelei\u00e7\u00e3o.<o:p><\/o:p><\/span><\/div>\n<div style=\"line-height: 150%; text-align: justify;\"><\/div>\n<div style=\"line-height: 150%; text-align: justify;\"><span style=\"font-family: inherit;\">Conhe\u00e7a os 20 candidatos ao Senado Federal pelo Estado de S\u00e3o Paulo:<o:p><\/o:p><\/span><\/div>\n<div style=\"line-height: 150%; text-align: center;\"><\/div>\n<div style=\"line-height: 150%; text-align: justify;\"><span style=\"font-family: inherit;\"><b style=\"mso-bidi-font-weight: normal;\">ANTONIO NETO (PDT) \u2013 N\u00ba 123 \u2013 <\/b>Analista de Sistema, 65 anos, atualmente, \u00e9 presidente da Central dos Sindicatos Brasileiros (CSB) e do Sindicato dos Trabalhadores em Processamento de Dados e Tecnologia da Informa\u00e7\u00e3o do Estado de S\u00e3o Paulo (Sindpd). J\u00e1 presidiu a Federa\u00e7\u00e3o Sindical Mundial (FSM) e foi membro do Conselho de Desenvolvimento Econ\u00f4mico e Social (CDES). <b style=\"mso-bidi-font-weight: normal;\"><o:p><\/o:p><\/b><\/span><\/div>\n<div style=\"line-height: 150%; text-align: justify;\"><\/div>\n<div style=\"line-height: 150%; text-align: justify;\"><span style=\"font-family: inherit;\"><b style=\"mso-bidi-font-weight: normal;\">CIDINHA (MDB) \u2013 N\u00ba 155 \u2013 <\/b>Psic\u00f3loga e especialista em Hist\u00f3ria da \u00c1frica e do negro no Brasil, 61 anos, atualmente, preside o MDB Afro de S\u00e3o Paulo. Em 2014, foi candidata ao cargo de deputada estadual, obtendo 352 votos.<o:p><\/o:p><\/span><\/div>\n<div style=\"line-height: 150%; text-align: justify;\"><\/div>\n<div style=\"line-height: 150%; text-align: justify;\"><span style=\"font-family: inherit;\"><b style=\"mso-bidi-font-weight: normal;\">DIOGO DA LUZ (NOVO) \u2013 N\u00b0 300 \u2013 <\/b>Empreendedor e piloto de linha a\u00e9rea, 61 anos, foi candidato a Vereador por S\u00e3o Paulo em 2014, ficando na posi\u00e7\u00e3o de suplente.<o:p><\/o:p><\/span><\/div>\n<div style=\"line-height: 150%; text-align: justify;\"><\/div>\n<div style=\"line-height: 150%; text-align: justify;\"><span style=\"font-family: inherit;\"><b style=\"mso-bidi-font-weight: normal;\">DRA. ELIANA FERREIRA (PSTU) \u2013 N\u00b0 161 \u2013 <\/b>Advogada, 50 anos, trabalhou para a Associa\u00e7\u00e3o dos Professores de Osasco (AP\u00d3S). J\u00e1 disputou duas elei\u00e7\u00f5es para a prefeitura e uma para ser vereadora em S\u00e3o Bernardo do Campo.<o:p><\/o:p><\/span><\/div>\n<div style=\"line-height: 150%; text-align: justify;\"><\/div>\n<div style=\"line-height: 150%; text-align: justify;\"><span style=\"font-family: inherit;\"><b style=\"mso-bidi-font-weight: normal;\">EDUARDO SUPLICY (PT) \u2013 N\u00b0 131 \u2013 <\/b>Administrador com mestrado em Economia, 77 anos, atualmente, ocupa o cargo de vereador de S\u00e3o Paulo. J\u00e1 atuou como deputado estadual e federal, vereador e senador, al\u00e9m de ser um dos fundadores do PT.<o:p><\/o:p><\/span><\/div>\n<div style=\"line-height: 150%; text-align: center;\"><\/div>\n<div style=\"line-height: 150%; text-align: justify;\"><span style=\"font-family: inherit;\"><b style=\"mso-bidi-font-weight: normal;\">EDUCADOR DANIEL CARA (PSOL) \u2013 N\u00b0 505 \u2013 <\/b>Formado em Ci\u00eancias Sociais, com mestrado em Ci\u00eancia Pol\u00edtica, 40 anos, \u00e9 coordenador geral da Campanha Nacional pelo Direito \u00e0 Educa\u00e7\u00e3o (CNDE) e membro titular do F\u00f3rum Nacional da Educa\u00e7\u00e3o (FNE).<o:p><\/o:p><\/span><\/div>\n<div style=\"line-height: 150%; text-align: justify;\"><\/div>\n<div style=\"line-height: 150%; text-align: justify;\"><span style=\"font-family: inherit;\"><b style=\"mso-bidi-font-weight: normal;\">JAIR ANDREONI (PRTB) \u2013 N\u00ba 281<\/b> <b style=\"mso-bidi-font-weight: normal;\">\u2013<\/b> Advogado e corretor de im\u00f3veis, 68 anos. J\u00e1 foi deputado estadual e concorreu aos cargos de prefeito e vice-prefeito em Itanha\u00e9m.<o:p><\/o:p><\/span><\/div>\n<div style=\"line-height: 150%; text-align: justify;\"><\/div>\n<div style=\"line-height: 150%; text-align: justify;\"><span style=\"font-family: inherit;\"><b style=\"mso-bidi-font-weight: normal;\">JILMAR TATTO (PT) \u2013 N\u00b0 132 \u2013 <\/b>Formado em Hist\u00f3ria, 53 anos, foi deputado federal por dois mandatos consecutivos, al\u00e9m de deputado estadual por S\u00e3o Paulo e Secret\u00e1rio de Transportes.<o:p><\/o:p><\/span><\/div>\n<div style=\"line-height: 150%; text-align: justify;\"><\/div>\n<div style=\"line-height: 150%; text-align: justify;\"><span style=\"font-family: inherit;\"><b style=\"mso-bidi-font-weight: normal;\">KALED <span style=\"mso-spacerun: yes;\">&nbsp;<\/span>(DC) \u2013 N\u00ba 277<\/b><span style=\"background: white; font-size: 13pt; line-height: 150%;\"> <\/span><b style=\"mso-bidi-font-weight: normal;\">\u2013 <\/b><span style=\"background: white; font-size: 13pt; line-height: 150%;\">Bacharel em Direito, p\u00f3s-graduado em Gest\u00e3o P\u00fablica, mestre em Direito do Estado, e atualmente est\u00e1 fazendo doutorado em Direito do Estado, <\/span>42 anos<span style=\"background: white; font-size: 13pt; line-height: 150%;\">. J\u00e1 foi candidato a vereador <span style=\"mso-spacerun: yes;\">&nbsp;<\/span>em 2008, e disputou a prefeitura do munic\u00edpio de Bertioga em 2012 e 2016. Diretor do Sindicato dos Funcion\u00e1rios P\u00fablicos do Munic\u00edpio de Bertioga e delegado sindical.<o:p><\/o:p><\/span><\/span><\/div>\n<div style=\"line-height: 150%; text-align: justify;\"><\/div>\n<div style=\"line-height: 150%; text-align: justify;\"><span style=\"font-family: inherit;\"><b style=\"mso-bidi-font-weight: normal;\">MAJOR OLIMPIO (PSL) \u2013 N\u00b0 177 \u2013 <\/b>Formado em Direito e Sociologia, 56 anos, \u00e9 policial militar desde 1978, al\u00e9m de ter sido deputado estadual reeleito no per\u00edodo de 2006 a 2014, ocupando o cargo at\u00e9 hoje.<o:p><\/o:p><\/span><\/div>\n<div style=\"line-height: 150%; text-align: center;\"><\/div>\n<div style=\"line-height: 150%; text-align: justify;\"><span style=\"font-family: inherit;\"><b style=\"mso-bidi-font-weight: normal;\">MANCHA (PSTU) \u2013 N\u00b0 160 \u2013 <\/b>Metal\u00fargico, 62 anos, foi presidente do Sindicato dos Metal\u00fargicos de S\u00e3o Jos\u00e9 dos Campos\/SP por dois mandatos e, atualmente, \u00e9 dirigente nacional da Central Sindical e Popular (CSP- Conlutas). J\u00e1 disputou os cargos de prefeito (S\u00e3o Jos\u00e9 dos Campos), vereador, deputado estadual, senador e governador. <o:p><\/o:p><\/span><\/div>\n<div style=\"line-height: 150%; text-align: justify;\"><\/div>\n<div style=\"line-height: 150%; text-align: justify;\"><span style=\"font-family: inherit;\"><b style=\"mso-bidi-font-weight: normal;\">MARA GABRILLI (PSDB) \u2013 N\u00b0 457 \u2013 <\/b>Publicit\u00e1ria, psic\u00f3loga e deputada federal, 51 anos, j\u00e1 foi secret\u00e1ria da Pessoa com Defici\u00eancia e vereadora. Fundadora do Instituto Mara Gabrilli, que atende pessoas com defici\u00eancia, assim como a candidata, que \u00e9 tetrapl\u00e9gica. Atualmente, est\u00e1 em seu segundo mandato de deputada federal por S\u00e3o Paulo.<b style=\"mso-bidi-font-weight: normal;\"><o:p><\/o:p><\/b><\/span><\/div>\n<div style=\"line-height: 150%; text-align: justify;\"><\/div>\n<div style=\"line-height: 150%; text-align: justify;\"><span style=\"font-family: inherit;\"><b style=\"mso-bidi-font-weight: normal;\">MARCELO BARBIERI (MDB) \u2013 N\u00b0 151 \u2013 <\/b>Administrador, 61 anos, j\u00e1 foi deputado federal por S\u00e3o Paulo e prefeito reeleito em Araraquara. No governo Temer, foi secret\u00e1rio de Rela\u00e7\u00f5es Institucionais e subchefe de Assuntos Federativos da Secretaria de Governo.<b style=\"mso-bidi-font-weight: normal;\"><o:p><\/o:p><\/b><\/span><\/div>\n<div style=\"line-height: 150%; text-align: justify;\"><\/div>\n<div style=\"line-height: 150%; text-align: justify;\"><span style=\"font-family: inherit;\"><b style=\"mso-bidi-font-weight: normal;\">M\u00c1RIO COVAS NETO (PODE) \u2013 N\u00b0 191 \u2013 <\/b>Formado em Direito, 59 anos, j\u00e1 foi coordenador de campanhas, secret\u00e1rio de governo e ex-governador de S\u00e3o Paulo, antes de assumir a presid\u00eancia do PSDB. Atualmente, \u00e9 vereador reeleito. <o:p><\/o:p><\/span><\/div>\n<div style=\"line-height: 150%; text-align: justify;\"><\/div>\n<div style=\"line-height: 150%; text-align: justify;\"><span style=\"font-family: inherit;\"><b style=\"mso-bidi-font-weight: normal;\">MAURREN MAGGI (PSB) \u2013 N\u00b0 400 \u2013 <\/b>Ex-atleta profissional, 42 anos, foi medalha de ouro em salto nos Jogos Ol\u00edmpicos de Pequim, em 2008. <b style=\"mso-bidi-font-weight: normal;\"><o:p><\/o:p><\/b><\/span><\/div>\n<div style=\"line-height: 150%; text-align: center;\"><\/div>\n<div style=\"line-height: 150%; text-align: justify;\"><span style=\"font-family: inherit;\"><b style=\"mso-bidi-font-weight: normal;\">MOIRA L\u00c1ZARO MANDATO COLETIVO (REDE) \u2013 N\u00b0 180 \u2013 <\/b>Formada em Hist\u00f3ria, 38 anos, \u00e9 professora no ensino fundamental.<span style=\"background: white; color: black; font-size: 9.5pt; line-height: 150%;\"> <\/span><span style=\"background: white;\">Atuou no movimento estudantil e atualmente comp\u00f5e a executiva estadual do Partido Rede Sustentabilidade<\/span><b style=\"mso-bidi-font-weight: normal;\"><o:p><\/o:p><\/b><\/span><\/div>\n<div style=\"line-height: 150%; text-align: justify;\"><\/div>\n<div style=\"line-height: 150%; text-align: justify;\"><span style=\"font-family: inherit;\"><b style=\"mso-bidi-font-weight: normal;\">NIVALDO ORLANDI (PCO) \u2013 N\u00ba 290<\/b> <b style=\"mso-bidi-font-weight: normal;\">\u2013<\/b> Contador, 63 anos, <span style=\"background: white;\">j\u00e1 concorreu aos cargos de vereador e prefeito de Embu das Artes.<\/span><b style=\"mso-bidi-font-weight: normal;\"><o:p><\/o:p><\/b><\/span><\/div>\n<div style=\"line-height: 150%; text-align: justify;\"><\/div>\n<div style=\"line-height: 150%; text-align: justify;\"><span style=\"font-family: inherit;\"><b style=\"mso-bidi-font-weight: normal;\">PEDRO HENRIQUE DE CRISTO (REDE) \u2013 N\u00b0 188 \u2013 <\/b>Arquiteto, 35 anos, \u00e9 mestre em Pol\u00edticas P\u00fablicas pela Universidade de Harvard, nos Estados Unidos. Atualmente, \u00e9 professor na Educa\u00e7\u00e3o Superior.<o:p><\/o:p><\/span><\/div>\n<div style=\"line-height: 150%; text-align: justify;\"><\/div>\n<div style=\"line-height: 150%; text-align: justify;\"><span style=\"font-family: inherit;\"><b style=\"mso-bidi-font-weight: normal;\">PROFESSORA S\u00cdLVIA FERRARO (PSOL) \u2013 N\u00b0 500 \u2013 <\/b>Formada em Hist\u00f3ria, 49 anos, \u00e9 professora da rede municipal de S\u00e3o Paulo. J\u00e1 concorreu ao cargo de prefeita de Campinas.<b style=\"mso-bidi-font-weight: normal;\"><o:p><\/o:p><\/b><\/span><\/div>\n<div style=\"line-height: 150%; text-align: justify;\"><span style=\"font-family: inherit;\">Outras informa\u00e7\u00f5es:<span style=\"mso-ansi-language: PT-BR;\"> <\/span>https:\/\/www.facebook.com\/silviaferraropsol<o:p><\/o:p><\/span><\/div>\n<div style=\"line-height: 150%; text-align: center;\"><\/div>\n<div style=\"line-height: 150%; text-align: justify;\"><span style=\"font-family: inherit;\"><b style=\"mso-bidi-font-weight: normal;\">TRIPOLI (PSDB) \u2013 N\u00b0 450 \u2013 <\/b>Advogado e ambientalista, 66 anos, iniciou na pol\u00edtica em 1980. J\u00e1 foi eleito deputado quatro vezes e chegou a presidir a Assembleia Legislativa de S\u00e3o Paulo. Atualmente, \u00e9 deputado estadual.<o:p><\/o:p><\/span><\/div>\n<div style=\"line-height: 150%; text-align: justify;\"><span style=\"font-family: inherit;\">Outras informa\u00e7\u00f5es: http:\/\/ricardotripoli.com.br\/<o:p><\/o:p><\/span><\/div>\n<div style=\"text-align: justify;\"><span style=\"font-family: inherit;\"><br \/><\/span><\/div>\n<p><\/p>\n<div style=\"text-align: justify;\"><span style=\"font-family: inherit;\"><br \/><\/span><\/div>\n<div style=\"text-align: justify;\"><span style=\"font-family: inherit;\"><br \/><\/span><\/div>\n<div style=\"text-align: justify;\"><span style=\"font-family: inherit;\"><br \/><\/span><\/div>\n<div style=\"text-align: justify;\"><\/div>\n<div style=\"line-height: 150%;\"><span style=\"font-family: inherit; font-size: x-small;\"><b style=\"mso-bidi-font-weight: normal;\"><i style=\"mso-bidi-font-style: normal;\">Fonte: <\/i><\/b><i style=\"mso-bidi-font-style: normal;\">https:\/\/www12.senado.leg.br<b style=\"mso-bidi-font-weight: normal;\"><o:p><\/o:p><\/b><\/i><\/span><\/div>\n<div style=\"line-height: 150%;\"><span style=\"font-family: inherit; font-size: x-small;\"><b style=\"mso-bidi-font-weight: normal;\"><i style=\"mso-bidi-font-style: normal;\">Texto: <\/i><\/b><i style=\"mso-bidi-font-style: normal;\">Erick<span style=\"font-family: inherit;\">Araujo&nbsp;<\/span><\/i><\/span><i style=\"background-color: white; color: #444444;\"><span style=\"font-family: inherit; font-size: x-small;\">\u2013 Ag\u00eancia Experimental de Jornalismo (Ag\u00eanciaJOR\/Uniso)<\/span><\/i><\/div>\n","protected":false},"excerpt":{"rendered":"<p>O Senado Federal, juntamente com a C\u00e2mara dos Deputados, comp\u00f5e o Congresso Nacional. Atualmente, o Senado conta com 81 representantes,<\/p>\n","protected":false},"author":1,"featured_media":0,"comment_status":"open","ping_status":"open","sticky":false,"template":"","format":"standard","meta":{"colormag_page_container_layout":"default_layout","colormag_page_sidebar_layout":"default_layout","footnotes":""},"categories":[1],"tags":[],"class_list":["post-170","post","type-post","status-publish","format-standard","hentry","category-uncategorized"],"featured_image_urls":{"full":"","thumbnail":"","medium":"","medium_large":"","large":"","1536x1536":"","2048x2048":"","colormag-highlighted-post":"","colormag-featured-post-medium":"","colormag-featured-post-small":"","colormag-featured-image":"","colormag-default-news":"","colormag-featured-image-large":""},"author_info":{"info":["focas"]},"category_info":"<a href=\"https:\/\/focas.uniso.br\/index.php\/category\/uncategorized\/\" rel=\"category tag\">Uncategorized<\/a>","tag_info":"Uncategorized","comment_count":"0","_links":{"self":[{"href":"https:\/\/focas.uniso.br\/index.php\/wp-json\/wp\/v2\/posts\/170","targetHints":{"allow":["GET"]}}],"collection":[{"href":"https:\/\/focas.uniso.br\/index.php\/wp-json\/wp\/v2\/posts"}],"about":[{"href":"https:\/\/focas.uniso.br\/index.php\/wp-json\/wp\/v2\/types\/post"}],"author":[{"embeddable":true,"href":"https:\/\/focas.uniso.br\/index.php\/wp-json\/wp\/v2\/users\/1"}],"replies":[{"embeddable":true,"href":"https:\/\/focas.uniso.br\/index.php\/wp-json\/wp\/v2\/comments?post=170"}],"version-history":[{"count":0,"href":"https:\/\/focas.uniso.br\/index.php\/wp-json\/wp\/v2\/posts\/170\/revisions"}],"wp:attachment":[{"href":"https:\/\/focas.uniso.br\/index.php\/wp-json\/wp\/v2\/media?parent=170"}],"wp:term":[{"taxonomy":"category","embeddable":true,"href":"https:\/\/focas.uniso.br\/index.php\/wp-json\/wp\/v2\/categories?post=170"},{"taxonomy":"post_tag","embeddable":true,"href":"https:\/\/focas.uniso.br\/index.php\/wp-json\/wp\/v2\/tags?post=170"}],"curies":[{"name":"wp","href":"https:\/\/api.w.org\/{rel}","templated":true}]}}