{"id":1752,"date":"2023-12-07T10:21:20","date_gmt":"2023-12-07T13:21:20","guid":{"rendered":"https:\/\/focas.uniso.br\/?p=1752"},"modified":"2023-12-07T10:21:21","modified_gmt":"2023-12-07T13:21:21","slug":"uniso-recebe-visita-de-alunos-e-professores-colombianos-da-universidade-icesi","status":"publish","type":"post","link":"https:\/\/focas.uniso.br\/index.php\/2023\/12\/07\/uniso-recebe-visita-de-alunos-e-professores-colombianos-da-universidade-icesi\/","title":{"rendered":"Uniso recebe visita de alunos e professores colombianos da Universidade Icesi"},"content":{"rendered":"\n<p><em>Estudantes ressaltam oportunidades de Interc\u00e2mbio e P\u00f3s-Gradua\u00e7\u00e3o na Universidade de Sorocaba destacando instala\u00e7\u00f5es espetaculares, calor humano e caminho de aprendizado durante visita \u00e0 Uniso.<\/em><\/p>\n\n\n\n<p>Por Lucas Silva (Ag\u00eancia Focs &#8211; Jornalismo Uniso)<\/p>\n\n\n\n<figure class=\"wp-block-image size-large\"><img loading=\"lazy\" decoding=\"async\" width=\"1024\" height=\"768\" src=\"https:\/\/focas.uniso.br\/wp-content\/uploads\/2023\/12\/Visita-Icesi-Lucas-Silva-1-1024x768.jpg\" alt=\"\" class=\"wp-image-1753\" srcset=\"https:\/\/focas.uniso.br\/wp-content\/uploads\/2023\/12\/Visita-Icesi-Lucas-Silva-1-1024x768.jpg 1024w, https:\/\/focas.uniso.br\/wp-content\/uploads\/2023\/12\/Visita-Icesi-Lucas-Silva-1-300x225.jpg 300w, https:\/\/focas.uniso.br\/wp-content\/uploads\/2023\/12\/Visita-Icesi-Lucas-Silva-1-768x576.jpg 768w, https:\/\/focas.uniso.br\/wp-content\/uploads\/2023\/12\/Visita-Icesi-Lucas-Silva-1-1536x1152.jpg 1536w, https:\/\/focas.uniso.br\/wp-content\/uploads\/2023\/12\/Visita-Icesi-Lucas-Silva-1-2048x1536.jpg 2048w\" sizes=\"auto, (max-width: 1024px) 100vw, 1024px\" \/><figcaption class=\"wp-element-caption\"><strong>(Foto: Lucas Silva)<\/strong><\/figcaption><\/figure>\n\n\n\n<p>No dia 27 de novembro, a Universidade de Sorocaba (Uniso) recebeu na cidade universit\u00e1ria \u201cProfessor Aldo Vannucchi\u201d um grupo de alunos colombianos da renomada Universidade Icesi, localizada em Cali, Col\u00f4mbia. Ao todo participaram da visita 44 alunos dos cursos de qu\u00edmica farmac\u00eautica, biologia, qu\u00edmica e engenharia bioqu\u00edmica, e tamb\u00e9m 6 professores e membros da Universidade Icesi. A visita faz parte de um programa de parceria que contempla a mobilidade acad\u00eamica de graduandos, permitindo a imers\u00e3o em novos ambientes de aprendizado. A sele\u00e7\u00e3o para participar desse interc\u00e2mbio \u00e9 realizada pela Assessoria de Rela\u00e7\u00f5es Nacionais e Internacionais, exigindo pelo menos dois anos de curso e profici\u00eancia lingu\u00edstica em espanhol.<\/p>\n\n\n\n<p>Durante a visita, os alunos da Icesi realizaram um tour pelas instala\u00e7\u00f5es da Uniso,\u00a0conhecendo os laborat\u00f3rios dos cursos de farm\u00e1cia, biologia, odontologia, al\u00e9m das cl\u00ednicas veterin\u00e1rias de animais de pequeno e grande porte. E ao final puderam conhecer o NEAS(N\u00facleo de Estudos Ambientais).<\/p>\n\n\n\n<p>Alejandro Ramon, um dos visitantes, \u00e9 aluno do curso de qu\u00edmica farmac\u00eautica, e destacou a qualidade dos equipamentos e a prepara\u00e7\u00e3o dos professores. Ele tamb\u00e9m expressou seu interesse em explorar op\u00e7\u00f5es de mestrado na Uniso ap\u00f3s a conclus\u00e3o de seu curso. \u201cDe minha parte, sinto que, depois dessa viagem, quero voltar para procurar a universidade, ver quais s\u00e3o as op\u00e7\u00f5es de mestrado que eles t\u00eam, ver se, quando eu terminar meu curso, posso me conectar com a universidade e talvez possa fazer meu mestrado aqui e me especializar. Talvez em ci\u00eancias farmac\u00eauticas, ou algo em engenharia de bioprocessos, algo voltado para esta \u00e1rea.\u201d<\/p>\n\n\n\n<figure class=\"wp-block-image size-large\"><img loading=\"lazy\" decoding=\"async\" width=\"1024\" height=\"768\" src=\"https:\/\/focas.uniso.br\/wp-content\/uploads\/2023\/12\/Visita-Icesi-Lucas-Silva-2-1024x768.jpg\" alt=\"\" class=\"wp-image-1754\" srcset=\"https:\/\/focas.uniso.br\/wp-content\/uploads\/2023\/12\/Visita-Icesi-Lucas-Silva-2-1024x768.jpg 1024w, https:\/\/focas.uniso.br\/wp-content\/uploads\/2023\/12\/Visita-Icesi-Lucas-Silva-2-300x225.jpg 300w, https:\/\/focas.uniso.br\/wp-content\/uploads\/2023\/12\/Visita-Icesi-Lucas-Silva-2-768x576.jpg 768w, https:\/\/focas.uniso.br\/wp-content\/uploads\/2023\/12\/Visita-Icesi-Lucas-Silva-2-1536x1152.jpg 1536w, https:\/\/focas.uniso.br\/wp-content\/uploads\/2023\/12\/Visita-Icesi-Lucas-Silva-2-2048x1536.jpg 2048w\" sizes=\"auto, (max-width: 1024px) 100vw, 1024px\" \/><figcaption class=\"wp-element-caption\"><strong>(Foto: Lucas Silva)<\/strong><\/figcaption><\/figure>\n\n\n\n<p>A din\u00e2mica das disciplinas e os m\u00e9todos de ensino, chamaram a aten\u00e7\u00e3o de Catalina Mel\u00e9ndez, que ao observar as diferen\u00e7as nos curr\u00edculos, destacou a abordagem da Uniso em tratar a farm\u00e1cia como uma \u00e1rea da sa\u00fade, permitindo aos alunos aprender pr\u00e1ticas mais abrangentes em compara\u00e7\u00e3o ao modelo colombiano. \u201cPor exemplo, n\u00e3o somos da legisla\u00e7\u00e3o colombiana, se formos da \u00e1rea da sa\u00fade, mas n\u00e3o podemos fazer muitas coisas relacionadas \u00e0 sa\u00fade, por exemplo, n\u00e3o podemos aprender a aplicar inje\u00e7\u00f5es. Nossas aulas de anatomia s\u00e3o muito pequenas, apenas duas semanas, e nos concentramos principalmente na parte industrial. Portanto, \u00e9 muito interessante poder ver a parte de como \u00e9 gerenciado o setor de sa\u00fade aqui.<\/p>\n\n\n\n<p>A Uniso deixou uma impress\u00e3o positiva n\u00e3o apenas nos alunos. Carolina Del Pilar Mora \u00e9 diretora do programa de qu\u00edmica farmac\u00eautica da universidade ICESI. Ela enfatizou a riqueza da experi\u00eancia, especialmente ao conhecer laborat\u00f3rios, projetos de pesquisa e cl\u00ednicas veterin\u00e1rias. Carolina tamb\u00e9m mencionou a possibilidade de os alunos da Icesi realizarem interc\u00e2mbios semestrais ou estudos de p\u00f3s-gradua\u00e7\u00e3o na Uniso. \u201cFoi uma experi\u00eancia que contribuiu para o processo de forma\u00e7\u00e3o de todos, pois tiveram a oportunidade de conhecer os laborat\u00f3rios, os equipamentos, de estar em contato com os professores, com suas pesquisas. Estamos pensando na possibilidade dos alunos terem uma experi\u00eancia ap\u00f3s esta visita, talvez um interc\u00e2mbio semestral, em seu semestre pr\u00e1tico, por exemplo, e tamb\u00e9m de poderem realizar seus futuros estudos de p\u00f3s-gradua\u00e7\u00e3o ao n\u00edvel de mestrado e doutorado. Podemos ver que a Uniso t\u00eam instala\u00e7\u00f5es muito robustas, com muitos equipamentos para pesquisa e ensino, laborat\u00f3rios muito bem equipados. E realmente temos que agradec\u00ea-los pelo calor humano com que nos receberam, pela atmosfera fraterna e amig\u00e1vel. Muito obrigado, de fato. Tamb\u00e9m gostar\u00edamos que voc\u00eas nos visitar na Universidade Icesi em Cali.\u201d<\/p>\n\n\n\n<figure class=\"wp-block-image size-large\"><img loading=\"lazy\" decoding=\"async\" width=\"1024\" height=\"768\" src=\"https:\/\/focas.uniso.br\/wp-content\/uploads\/2023\/12\/Visita-Icesi-Lucas-Silva-3-1024x768.jpg\" alt=\"\" class=\"wp-image-1755\" srcset=\"https:\/\/focas.uniso.br\/wp-content\/uploads\/2023\/12\/Visita-Icesi-Lucas-Silva-3-1024x768.jpg 1024w, https:\/\/focas.uniso.br\/wp-content\/uploads\/2023\/12\/Visita-Icesi-Lucas-Silva-3-300x225.jpg 300w, https:\/\/focas.uniso.br\/wp-content\/uploads\/2023\/12\/Visita-Icesi-Lucas-Silva-3-768x576.jpg 768w, https:\/\/focas.uniso.br\/wp-content\/uploads\/2023\/12\/Visita-Icesi-Lucas-Silva-3-1536x1152.jpg 1536w, https:\/\/focas.uniso.br\/wp-content\/uploads\/2023\/12\/Visita-Icesi-Lucas-Silva-3-2048x1536.jpg 2048w\" sizes=\"auto, (max-width: 1024px) 100vw, 1024px\" \/><figcaption class=\"wp-element-caption\"><strong>(Foto: Lucas Silva)<\/strong><\/figcaption><\/figure>\n\n\n\n<p>Outra integrante do grupo a participar da visita foi Yurani Pati\u00f1o, que trabalha na administra\u00e7\u00e3o da Icesi, ela ressalta a maravilhosa experi\u00eancia vivida na Uniso e expressou o desejo de que seus alunos possam aproveitar as oportunidades oferecidas pela institui\u00e7\u00e3o brasileira. \u201cSempre promovemos a internacionaliza\u00e7\u00e3o de nossos alunos, para que tenham a oportunidade de desenvolver est\u00e1gios profissionais e estudos de p\u00f3s-gradua\u00e7\u00e3o. Por isso, achamos que foi uma experi\u00eancia maravilhosa. Adoramos a universidade, nos sentimos muito bem-vindos e esperamos que nossos alunos possam realmente tirar proveito disso e ter a oportunidade de estudar nessa universidade.<\/p>\n\n\n\n<p>A troca de experi\u00eancias entre as duas universidades fortalece os la\u00e7os acad\u00eamicos e promove o enriquecimento m\u00fatuo, abrindo portas para futuras colabora\u00e7\u00f5es e interc\u00e2mbios. A Universidade de Sorocaba espera continuar acolhendo alunos de diversas partes do mundo, promovendo uma educa\u00e7\u00e3o globalizada e intercultural.<\/p>\n","protected":false},"excerpt":{"rendered":"<p>Estudantes ressaltam oportunidades de Interc\u00e2mbio e P\u00f3s-Gradua\u00e7\u00e3o na Universidade de Sorocaba destacando instala\u00e7\u00f5es espetaculares, calor humano e caminho de aprendizado<\/p>\n","protected":false},"author":1,"featured_media":0,"comment_status":"open","ping_status":"open","sticky":false,"template":"","format":"standard","meta":{"colormag_page_container_layout":"default_layout","colormag_page_sidebar_layout":"default_layout","footnotes":""},"categories":[15,20,14],"tags":[30,29,28],"class_list":["post-1752","post","type-post","status-publish","format-standard","hentry","category-jornalismo","category-noticias","category-uniso","tag-focas","tag-jornalismo","tag-uniso"],"featured_image_urls":{"full":"","thumbnail":"","medium":"","medium_large":"","large":"","1536x1536":"","2048x2048":"","colormag-highlighted-post":"","colormag-featured-post-medium":"","colormag-featured-post-small":"","colormag-featured-image":"","colormag-default-news":"","colormag-featured-image-large":""},"author_info":{"info":["focas"]},"category_info":"<a href=\"https:\/\/focas.uniso.br\/index.php\/category\/jornalismo\/\" rel=\"category tag\">Jornalismo<\/a> <a href=\"https:\/\/focas.uniso.br\/index.php\/category\/noticias\/\" rel=\"category tag\">Not\u00edcias<\/a> <a href=\"https:\/\/focas.uniso.br\/index.php\/category\/uniso\/\" rel=\"category tag\">Uniso<\/a>","tag_info":"Uniso","comment_count":"0","_links":{"self":[{"href":"https:\/\/focas.uniso.br\/index.php\/wp-json\/wp\/v2\/posts\/1752","targetHints":{"allow":["GET"]}}],"collection":[{"href":"https:\/\/focas.uniso.br\/index.php\/wp-json\/wp\/v2\/posts"}],"about":[{"href":"https:\/\/focas.uniso.br\/index.php\/wp-json\/wp\/v2\/types\/post"}],"author":[{"embeddable":true,"href":"https:\/\/focas.uniso.br\/index.php\/wp-json\/wp\/v2\/users\/1"}],"replies":[{"embeddable":true,"href":"https:\/\/focas.uniso.br\/index.php\/wp-json\/wp\/v2\/comments?post=1752"}],"version-history":[{"count":1,"href":"https:\/\/focas.uniso.br\/index.php\/wp-json\/wp\/v2\/posts\/1752\/revisions"}],"predecessor-version":[{"id":1756,"href":"https:\/\/focas.uniso.br\/index.php\/wp-json\/wp\/v2\/posts\/1752\/revisions\/1756"}],"wp:attachment":[{"href":"https:\/\/focas.uniso.br\/index.php\/wp-json\/wp\/v2\/media?parent=1752"}],"wp:term":[{"taxonomy":"category","embeddable":true,"href":"https:\/\/focas.uniso.br\/index.php\/wp-json\/wp\/v2\/categories?post=1752"},{"taxonomy":"post_tag","embeddable":true,"href":"https:\/\/focas.uniso.br\/index.php\/wp-json\/wp\/v2\/tags?post=1752"}],"curies":[{"name":"wp","href":"https:\/\/api.w.org\/{rel}","templated":true}]}}