{"id":1757,"date":"2023-12-07T10:26:08","date_gmt":"2023-12-07T13:26:08","guid":{"rendered":"https:\/\/focas.uniso.br\/?p=1757"},"modified":"2024-01-05T08:53:23","modified_gmt":"2024-01-05T11:53:23","slug":"jeduca-abre-edital-de-jornalismo-de-educacao-para-estudantes","status":"publish","type":"post","link":"https:\/\/focas.uniso.br\/index.php\/2023\/12\/07\/jeduca-abre-edital-de-jornalismo-de-educacao-para-estudantes\/","title":{"rendered":"JEDUCA ABRE EDITAL DE JORNALISMO DE EDUCA\u00c7\u00c3O PARA ESTUDANTES"},"content":{"rendered":"\n<p>Repost Portal Itercom| Ag\u00eancia Focs &#8211; Jornalismo Uniso<\/p>\n\n\n\n<figure class=\"wp-block-image size-large\"><img loading=\"lazy\" decoding=\"async\" width=\"1024\" height=\"404\" src=\"https:\/\/focas.uniso.br\/wp-content\/uploads\/2023\/12\/image-1024x404.png\" alt=\"\" class=\"wp-image-1758\" srcset=\"https:\/\/focas.uniso.br\/wp-content\/uploads\/2023\/12\/image-1024x404.png 1024w, https:\/\/focas.uniso.br\/wp-content\/uploads\/2023\/12\/image-300x118.png 300w, https:\/\/focas.uniso.br\/wp-content\/uploads\/2023\/12\/image-768x303.png 768w, https:\/\/focas.uniso.br\/wp-content\/uploads\/2023\/12\/image.png 1164w\" sizes=\"auto, (max-width: 1024px) 100vw, 1024px\" \/><figcaption class=\"wp-element-caption\"><strong>(Foto: Divulga\u00e7\u00e3o)<\/strong><\/figcaption><\/figure>\n\n\n\n<p>A Associa\u00e7\u00e3o de Jornalistas de Educa\u00e7\u00e3o, em parceria com a Funda\u00e7\u00e3o Ita\u00fa, abriu as inscri\u00e7\u00f5es para a categoria Estudantes do 5\u00ba Edital de Jornalismo de Educa\u00e7\u00e3o, voltada a trabalhos de conclus\u00e3o de curso (TCCs) sobre educa\u00e7\u00e3o p\u00fablica no Brasil. As inscri\u00e7\u00f5es podem ser feitas at\u00e9 31 de janeiro de 2024&nbsp;<a href=\"https:\/\/jeduca.org.br\/edital\/?utm_campaign=news_semanal__291123&amp;utm_medium=email&amp;utm_source=RD+Station\">neste link<\/a>.<\/p>\n\n\n\n<p>Podem concorrer rec\u00e9m-graduados(as) que apresentaram TCC sobre temas necessariamente relacionados ao jornalismo de educa\u00e7\u00e3o e \u00e0 educa\u00e7\u00e3o nos anos de 2023, 2022 ou 2021. Os trabalhos podem ser no formato de produtos comunicacionais (reportagem, v\u00eddeo,<em>&nbsp;podcast<\/em>&nbsp;etc.) ou de monografia, realizados individualmente ou em grupo.<\/p>\n\n\n\n<p>Os vencedores receber\u00e3o R$ 3 mil (primeiro lugar), R$ 2 mil (segundo lugar) e R$ 1 mil (terceiro lugar).<\/p>\n\n\n\n<p>Em agosto, o edital da Jeduca j\u00e1 havia selecionado oito pautas na categoria Jornalista.&nbsp;<a href=\"https:\/\/jeduca.org.br\/noticia\/divulgadas-as-pautas-selecionadas-no-5-edital-de-jornalismo-de-educacao\">Saiba mais<\/a>.<\/p>\n\n\n\n<p>Confira o regulamento do edital&nbsp;<a href=\"https:\/\/jeduca.org.br\/edital\/?utm_campaign=news_semanal__291123&amp;utm_medium=email&amp;utm_source=RD+Station\">aqui<\/a>.<\/p>\n","protected":false},"excerpt":{"rendered":"<p>Repost Portal Itercom| Ag\u00eancia Focs &#8211; Jornalismo Uniso A Associa\u00e7\u00e3o de Jornalistas de Educa\u00e7\u00e3o, em parceria com a Funda\u00e7\u00e3o Ita\u00fa,<\/p>\n","protected":false},"author":1,"featured_media":0,"comment_status":"open","ping_status":"open","sticky":false,"template":"","format":"standard","meta":{"colormag_page_container_layout":"default_layout","colormag_page_sidebar_layout":"default_layout","footnotes":""},"categories":[15,20],"tags":[],"class_list":["post-1757","post","type-post","status-publish","format-standard","hentry","category-jornalismo","category-noticias"],"featured_image_urls":{"full":"","thumbnail":"","medium":"","medium_large":"","large":"","1536x1536":"","2048x2048":"","colormag-highlighted-post":"","colormag-featured-post-medium":"","colormag-featured-post-small":"","colormag-featured-image":"","colormag-default-news":"","colormag-featured-image-large":""},"author_info":{"info":["focas"]},"category_info":"<a href=\"https:\/\/focas.uniso.br\/index.php\/category\/jornalismo\/\" rel=\"category tag\">Jornalismo<\/a> <a href=\"https:\/\/focas.uniso.br\/index.php\/category\/noticias\/\" rel=\"category tag\">Not\u00edcias<\/a>","tag_info":"Not\u00edcias","comment_count":"0","_links":{"self":[{"href":"https:\/\/focas.uniso.br\/index.php\/wp-json\/wp\/v2\/posts\/1757","targetHints":{"allow":["GET"]}}],"collection":[{"href":"https:\/\/focas.uniso.br\/index.php\/wp-json\/wp\/v2\/posts"}],"about":[{"href":"https:\/\/focas.uniso.br\/index.php\/wp-json\/wp\/v2\/types\/post"}],"author":[{"embeddable":true,"href":"https:\/\/focas.uniso.br\/index.php\/wp-json\/wp\/v2\/users\/1"}],"replies":[{"embeddable":true,"href":"https:\/\/focas.uniso.br\/index.php\/wp-json\/wp\/v2\/comments?post=1757"}],"version-history":[{"count":1,"href":"https:\/\/focas.uniso.br\/index.php\/wp-json\/wp\/v2\/posts\/1757\/revisions"}],"predecessor-version":[{"id":1759,"href":"https:\/\/focas.uniso.br\/index.php\/wp-json\/wp\/v2\/posts\/1757\/revisions\/1759"}],"wp:attachment":[{"href":"https:\/\/focas.uniso.br\/index.php\/wp-json\/wp\/v2\/media?parent=1757"}],"wp:term":[{"taxonomy":"category","embeddable":true,"href":"https:\/\/focas.uniso.br\/index.php\/wp-json\/wp\/v2\/categories?post=1757"},{"taxonomy":"post_tag","embeddable":true,"href":"https:\/\/focas.uniso.br\/index.php\/wp-json\/wp\/v2\/tags?post=1757"}],"curies":[{"name":"wp","href":"https:\/\/api.w.org\/{rel}","templated":true}]}}