{"id":1849,"date":"2024-04-11T09:55:17","date_gmt":"2024-04-11T12:55:17","guid":{"rendered":"https:\/\/focas.uniso.br\/?p=1849"},"modified":"2024-04-11T09:55:17","modified_gmt":"2024-04-11T12:55:17","slug":"biomedicina-para-criancas-livro-aproxima-a-ciencia-e-a-area-da-saude-do-contexto-infantil","status":"publish","type":"post","link":"https:\/\/focas.uniso.br\/index.php\/2024\/04\/11\/biomedicina-para-criancas-livro-aproxima-a-ciencia-e-a-area-da-saude-do-contexto-infantil\/","title":{"rendered":"\u2018Biomedicina para crian\u00e7as\u2019: Livro aproxima a ci\u00eancia e a\u00a0\u00e1rea da sa\u00fade do contexto infantil\u00a0"},"content":{"rendered":"\n<p>A obra, escrita por \u00c9ric Diego Barioni, procura mostrar o universo da biomedicina por meio de atividades l\u00fadicas e inclusivas. O lan\u00e7amento ocorreu na \u00faltima sexta-feira (5), na Biblioteca \u201cAlu\u00edsio de Almeida\u201d, localizada na Universidade de Sorocaba (Uniso).<\/p>\n\n\n\n<p><br><strong>Por Diogo Del Cistia (Ag\u00eancia Focs &#8211; Jornalismo Uniso)<\/strong><br><br><img loading=\"lazy\" decoding=\"async\" width=\"471\" height=\"313\" src=\"https:\/\/lh7-us.googleusercontent.com\/cg8TO03gNPc9yEE2AnCZsxO4gf2pG3OgKLy2kUEVBQX5HsjQMgAET1UnxiebI8Tv3XRP2mazTgaF1ApqCYVYNmnrSpv9qur9iJbQRTui5nf4W8vo_It7mETavG5OiRKEWa2MMQcccRkI0q9183IPOsI\"><br><em>Lan\u00e7amento ocorreu no Espa\u00e7o Conviv\u00eancia da biblioteca da Uniso &#8211; Foto: Diogo Del Cistia\/ag\u00eancia Focs<\/em><\/p>\n\n\n\n<p>A Universidade de Sorocaba (Uniso) recebeu, na \u00faltima sexta-feira (5), o evento de lan\u00e7amento do livro infantil \u201cBiomedicina para crian\u00e7as\u201d.<br><br>Comercializado pela Editora C\u00f3dice, a obra foi elaborada em parceria entre \u00c9ric Diego Barioni, autor e coordenador do curso de Biomedicina da institui\u00e7\u00e3o, e a aluna Alexia Ressatti, respons\u00e1vel pelas ilustra\u00e7\u00f5es.<\/p>\n\n\n\n<p>O projeto, que consiste em mostrar o universo da sa\u00fade atrav\u00e9s de atividades l\u00fadicas e inclusivas, foi elaborado a partir de uma \u2018dificuldade\u2019 em explicar como a \u00e1rea funciona para crian\u00e7as. De acordo com \u00c9ric, \u00e9 imprescind\u00edvel apresentar o funcionamento da ci\u00eancia, a partir do papel de educador e pai.<\/p>\n\n\n\n<p>\u201cConsegui a inspira\u00e7\u00e3o que precisava para criar este livro a partir da fala de um colega que trabalha comigo no Conselho de Biomedicina. Ele costumava relatar a sua frustra\u00e7\u00e3o ao tentar explicar a profiss\u00e3o para o filho. N\u00e3o entendia isso at\u00e9 o meu filho nascer\u201d, explica.<\/p>\n\n\n\n<p><img loading=\"lazy\" decoding=\"async\" width=\"537\" height=\"357\" src=\"https:\/\/lh7-us.googleusercontent.com\/tNSeDKMVH14HK4XopRfBmhdwMNXfcdgzdzBYKHasm7Zb5t9JP_zSTw2F4O9-3p3AIoMF1o2INW9erjG3n8tZWH5srgJmMHZzFRxmUvcqzvTyBKFw4qkwHnqvNz0dG_Z01yFiVB4nHY0ZhKQx1___qhs\"><br><em>Exemplares permitem a intera\u00e7\u00e3o dos pequenos leitores, com p\u00e1ginas para colorir e imagens que despertam a curiosidade como o microsc\u00f3pio e outros detalhes do mundo da biomedicina &#8211; <\/em><em>Foto: Diogo Del Cistia\/ag\u00eancia Focs<\/em><\/p>\n\n\n\n<p>Para o meio da sa\u00fade, a iniciativa tamb\u00e9m \u00e9 uma forma de valorizar os profissionais, dando representatividade. Com p\u00e1ginas ressaltando a import\u00e2ncia da ci\u00eancia e a variedade de seres humanos compondo o meio, o livro tem 41 p\u00e1ginas e retrata os diferentes cen\u00e1rios de atua\u00e7\u00e3o e habilita\u00e7\u00e3o biom\u00e9dica.<\/p>\n\n\n\n<p>\u201cMinha inten\u00e7\u00e3o \u00e9 levar a ci\u00eancia para as crian\u00e7as. O livro conta com espa\u00e7os para desenho e pintura, al\u00e9m de mostrar que os profissionais da \u00e1rea da sa\u00fade podem ser her\u00f3is. A comunica\u00e7\u00e3o n\u00e3o-verbal \u00e9 algo muito forte e milimetricamente pensada para a elabora\u00e7\u00e3o do livro. Ela pode parecer simples, mas \u00e9 muito mais complexa para ser desenvolvida\u201d, conta Barioni.<br><br><img loading=\"lazy\" decoding=\"async\" src=\"https:\/\/lh7-us.googleusercontent.com\/ZVfogBV4KNvsCUt_xi74mRb00I7ka25Cm_MYDGDKhK6aqKc1rmKe_2HyPVhOGxCoftyFH2d9MeH9iJf0bAnbNp9N779uRVTvQvlo0Vf0f3jf88B10UFkUg9zmmb4QPDLOfTyqn683reQs_dUMdrkX1M\" width=\"462\" height=\"305\"><\/p>\n\n\n\n<p><em>Evento contou com ilustra\u00e7\u00f5es para crian\u00e7as colorirem &#8211; <\/em><em>Foto: Diogo Del Cistia\/ag\u00eancia Focs<\/em><\/p>\n\n\n\n<p>O lan\u00e7amento, que ocorreu oficialmente no Espa\u00e7o Conviv\u00eancia da Biblioteca Alu\u00edsio de Almeida, fez parte do Mobi &#8211; Festival de Criatividade,Inova\u00e7\u00e3o e Sustentabilidade promovido pela universidade, que possui o intuito de impactar a vida dos moradores da Regi\u00e3o Metropolitana de Sorocaba (SP). Al\u00e9m dos autores e representantes da editora, o evento contou com a participa\u00e7\u00e3o de visitantes do evento, incluindo crian\u00e7as, que prestigiaram com empolga\u00e7\u00e3o as ilustra\u00e7\u00f5es feitas por Alexia.<\/p>\n\n\n\n<p>Para a divulga\u00e7\u00e3o de \u201cBiomedicina para crian\u00e7as\u201d, o professor revela que participar\u00e1 da Bienal do Livro, em S\u00e3o Paulo (SP), no m\u00eas de setembro. Ap\u00f3s a recep\u00e7\u00e3o positiva, ele afirma j\u00e1 possuir novos planos para o ramo da literatura.<br><\/p>\n\n\n\n<p class=\"has-text-align-left\">\u201cDepois de ter recebido um bom feedback, me senti motivado. Para o primeiro semestre do ano que vem, j\u00e1 tenho novas ideias. Quero produzir uma obra sobre como instruir as crian\u00e7as em ocasi\u00f5es corriqueiras, como o uso de detergente, amaciante e outros produtos, orientando, de forma l\u00fadica, que n\u00e3o devem ser ingeridos e podem causar doen\u00e7as. E claro, sempre ressaltando a inclus\u00e3o e a ci\u00eancia\u201d, finaliza o autor que possui mestrado e doutorado em toxicologia pela Faculdade de Ci\u00eancias Farmac\u00eauticas da Universidade de S\u00e3o Paulo.<br><br><br><img loading=\"lazy\" decoding=\"async\" width=\"491\" height=\"327\" src=\"https:\/\/lh7-us.googleusercontent.com\/p6FchWRPaTIq9fhWx2aVQAn3Oi07oDa4ct4JpyEEUwi9rU064-IDs5X1_Ek_M6k7V7ZXlvJ3kyVGyK71bt6OPuxwLUXXUDnxXNeNejNf5yiIzHlhI4zog596tGIqJlJuSow6W7JAhg8QvaJpoGbypNk\"><br><em>Obra conta com p\u00e1ginas ressaltando a import\u00e2ncia da ci\u00eancia<\/em> &#8211; <em>Foto: Diogo Del Cistia\/ag\u00eancia Focs<\/em><\/p>\n\n\n\n<div class=\"wp-block-blockspare-blockspare-container alignfull blockspare-b0fcbae1-5130-4\" blockspare-animation=\"\"><style>.blockspare-b0fcbae1-5130-4 > .blockspare-block-container-wrapper{background-color:#f9f9f9;padding-top:0px;padding-right:0px;padding-bottom:0px;padding-left:0px;margin-top:0px;margin-right:0px;margin-bottom:0px;margin-left:0px;border-radius:0}.blockspare-b0fcbae1-5130-4 .blockspare-image-wrap{background-image:none}<\/style><div class=\"blockspare-block-container-wrapper blockspare-hover-item\"><div class=\"blockspare-container-background blockspare-image-wrap has-background-opacity-100 has-background-opacity\"><\/div><div class=\"blockspare-container\"><div class=\"blockspare-inner-blocks blockspare-inner-wrapper-blocks\"><\/div><\/div><\/div><\/div>\n","protected":false},"excerpt":{"rendered":"<p>A obra, escrita por \u00c9ric Diego Barioni, procura mostrar o universo da biomedicina por meio de atividades l\u00fadicas e inclusivas.<\/p>\n","protected":false},"author":1,"featured_media":0,"comment_status":"open","ping_status":"open","sticky":false,"template":"","format":"standard","meta":{"colormag_page_container_layout":"default_layout","colormag_page_sidebar_layout":"default_layout","footnotes":""},"categories":[36,17,11,19,14],"tags":[29,28],"class_list":["post-1849","post","type-post","status-publish","format-standard","hentry","category-comunicacao","category-criatividade","category-diversidade","category-educacao","category-uniso","tag-jornalismo","tag-uniso"],"featured_image_urls":{"full":"","thumbnail":"","medium":"","medium_large":"","large":"","1536x1536":"","2048x2048":"","colormag-highlighted-post":"","colormag-featured-post-medium":"","colormag-featured-post-small":"","colormag-featured-image":"","colormag-default-news":"","colormag-featured-image-large":""},"author_info":{"info":["focas"]},"category_info":"<a href=\"https:\/\/focas.uniso.br\/index.php\/category\/comunicacao\/\" rel=\"category tag\">Comunica\u00e7\u00e3o<\/a> <a href=\"https:\/\/focas.uniso.br\/index.php\/category\/criatividade\/\" rel=\"category tag\">criatividade<\/a> <a href=\"https:\/\/focas.uniso.br\/index.php\/category\/diversidade\/\" rel=\"category tag\">diversidade<\/a> <a href=\"https:\/\/focas.uniso.br\/index.php\/category\/educacao\/\" rel=\"category tag\">Educa\u00e7\u00e3o<\/a> <a href=\"https:\/\/focas.uniso.br\/index.php\/category\/uniso\/\" rel=\"category tag\">Uniso<\/a>","tag_info":"Uniso","comment_count":"0","_links":{"self":[{"href":"https:\/\/focas.uniso.br\/index.php\/wp-json\/wp\/v2\/posts\/1849","targetHints":{"allow":["GET"]}}],"collection":[{"href":"https:\/\/focas.uniso.br\/index.php\/wp-json\/wp\/v2\/posts"}],"about":[{"href":"https:\/\/focas.uniso.br\/index.php\/wp-json\/wp\/v2\/types\/post"}],"author":[{"embeddable":true,"href":"https:\/\/focas.uniso.br\/index.php\/wp-json\/wp\/v2\/users\/1"}],"replies":[{"embeddable":true,"href":"https:\/\/focas.uniso.br\/index.php\/wp-json\/wp\/v2\/comments?post=1849"}],"version-history":[{"count":5,"href":"https:\/\/focas.uniso.br\/index.php\/wp-json\/wp\/v2\/posts\/1849\/revisions"}],"predecessor-version":[{"id":1857,"href":"https:\/\/focas.uniso.br\/index.php\/wp-json\/wp\/v2\/posts\/1849\/revisions\/1857"}],"wp:attachment":[{"href":"https:\/\/focas.uniso.br\/index.php\/wp-json\/wp\/v2\/media?parent=1849"}],"wp:term":[{"taxonomy":"category","embeddable":true,"href":"https:\/\/focas.uniso.br\/index.php\/wp-json\/wp\/v2\/categories?post=1849"},{"taxonomy":"post_tag","embeddable":true,"href":"https:\/\/focas.uniso.br\/index.php\/wp-json\/wp\/v2\/tags?post=1849"}],"curies":[{"name":"wp","href":"https:\/\/api.w.org\/{rel}","templated":true}]}}