{"id":195,"date":"2018-07-27T17:34:00","date_gmt":"2018-07-27T17:34:00","guid":{"rendered":"http:\/\/focas.uniso.br\/index.php\/2018\/07\/27\/30-segundos-para-o-anonimato\/"},"modified":"2018-07-27T17:34:00","modified_gmt":"2018-07-27T17:34:00","slug":"30-segundos-para-o-anonimato","status":"publish","type":"post","link":"https:\/\/focas.uniso.br\/index.php\/2018\/07\/27\/30-segundos-para-o-anonimato\/","title":{"rendered":"30 segundos para o anonimato"},"content":{"rendered":"<div style=\"text-align: center;\"><\/div>\n<div style=\"clear: both; text-align: center;\"><a href=\"https:\/\/2.bp.blogspot.com\/-P6jN0gJ21aw\/W2sosIsLWOI\/AAAAAAAAHiE\/RTAidHkzOnUS2SNE5vHtUkf7CxwcWInhACLcBGAs\/s1600\/An%25C3%25A1lise%2BCr%25C3%25ADtica%2Bde%2BM%25C3%25ADdias.jpeg\" style=\"margin-left: 1em; margin-right: 1em;\"><img decoding=\"async\" border=\"0\" data-original-height=\"180\" data-original-width=\"320\" src=\"https:\/\/2.bp.blogspot.com\/-P6jN0gJ21aw\/W2sosIsLWOI\/AAAAAAAAHiE\/RTAidHkzOnUS2SNE5vHtUkf7CxwcWInhACLcBGAs\/s1600\/An%25C3%25A1lise%2BCr%25C3%25ADtica%2Bde%2BM%25C3%25ADdias.jpeg\" \/><\/a><\/div>\n<div style=\"text-align: center;\"><\/div>\n<div style=\"text-align: justify;\">O edif\u00edcio Wilton Paes de Almeida pegou fogo e desabou no antigo centro de S\u00e3o Paulo durante a madrugada no dia primeiro de maio, ter\u00e7a-feira. O pr\u00e9dio tinha 24 andares e \u00e0 1h30, o fogo iniciou no quinto andar e se espalhou rapidamente pela estrutura, causando o desmoronamento. Entretanto, um rapaz chamou a aten\u00e7\u00e3o de todos pelo ato de bravura, que infelizmente n\u00e3o terminou bem.<\/div>\n<div style=\"text-align: justify;\">Um homem com cerca de 30 anos, saiu rapidamente do local; tendo em vista o n\u00famero de pessoas que ainda estavam l\u00e1, resolveu voltar para ajudar. A imagem do homem suspenso no alto do pr\u00e9dio comoveu diversas pessoas causando p\u00e2nico. Infelizmente o pr\u00e9dio desabou juntamente com o homem.<\/div>\n<div style=\"text-align: justify;\">O inc\u00f4modo surgiu na forma que a m\u00eddia (Jornal Nacional \u2013 rede Globo) exp\u00f4s o caso, repetindo diversas vezes a situa\u00e7\u00e3o do homem suspenso no alto do pr\u00e9dio, tentando ser salvo pelos bombeiros. Essa cena foi mostrada mais de uma vez durante o jornal. Com o intuito de provocar como\u00e7\u00e3o por parte dos telespectadores, sem respeitar os familiares e at\u00e9 mesmo a v\u00edtima.&nbsp;<\/div>\n<div style=\"text-align: justify;\">Ao analisar o tema identifiquei tr\u00eas eixos importantes: o fato, a condi\u00e7\u00e3o e a not\u00edcia. O primeiro seria a exposi\u00e7\u00e3o, pois ele causa como\u00e7\u00e3o nas pessoas pelo n\u00famero de repeti\u00e7\u00f5es por parte da m\u00eddia. Em segundo a condi\u00e7\u00e3o para a exist\u00eancia do fato, sendo a v\u00edtima, dando suporte para o fato. Por \u00faltimo a not\u00edcia, como ela foi trabalha pelo ve\u00edculo ao expor o que aconteceu, intermediando entre o meu fato (exposi\u00e7\u00e3o) e a condi\u00e7\u00e3o (ocorrido com a pessoa). Sendo assim, a m\u00eddia reutilizou do servi\u00e7o dela mais de uma vez para prender a aten\u00e7\u00e3o dos telespectadores.<\/div>\n<div style=\"text-align: justify;\">\u00c9 importante ressaltar o fato dessa not\u00edcia ser uma trag\u00e9dia. Hoje em dia muitos dos ve\u00edculos de comunica\u00e7\u00e3o est\u00e3o optando por mat\u00e9rias de viol\u00eancia ou trag\u00e9dias por causarem impacto na sociedade e repercuss\u00e3o. O fato de expor um homem em um pr\u00e9dio entre a vida e a morte de alguma forma chama a aten\u00e7\u00e3o de quem assiste, mas n\u00e3o \u00e9 o certo. Preservar a imagem de uma pessoa em situa\u00e7\u00e3o de risco \u00e9 importante assim como noticiar o que est\u00e1 acontecendo, mas a repeti\u00e7\u00e3o n\u00e3o.<\/div>\n<div style=\"text-align: justify;\">Outro ponto foi o fato deles terem na hora da edi\u00e7\u00e3o circulado os bombeiros e at\u00e9 mesmo a v\u00edtima, dando o foco na situa\u00e7\u00e3o. O discurso tanto por parte dos bombeiros quanto da jornalista acho que n\u00e3o tinha relev\u00e2ncia para a situa\u00e7\u00e3o. Em entrevista, foi falado que se tivessem mais 30 segundos teriam salvado o homem. Acredito que seja dif\u00edcil mensurar o tempo e at\u00e9 mesmo prever se teriam conseguido ou n\u00e3o. Portanto, usaram mais uma vez o recurso de repetir a cena, com intuito de promover a a\u00e7\u00e3o dos profissionais com uma poss\u00edvel solu\u00e7\u00e3o para algo que n\u00e3o aconteceu.<\/div>\n<div style=\"text-align: justify;\">A partir disso \u00e9 poss\u00edvel dizer que o Jornal Nacional usa de elementos para prender o telespectador. A repeti\u00e7\u00e3o da not\u00edcia causa como\u00e7\u00e3o nas pessoas, mas se esquecem de proteger a v\u00edtima e acabam expondo mais de uma vez. Infelizmente o fato de querer vender o material \u00e9 mais importante ao inv\u00e9s de pensar como aquilo vai chegar nas pessoas. A reutiliza\u00e7\u00e3o da mesma not\u00edcia para causar impacto \u00e9 constante hoje em dia nos ve\u00edculos de comunica\u00e7\u00e3o, n\u00e3o acho isso ruim, mas tudo vai depender de como voc\u00ea vai utiliz\u00e1-la e como voc\u00ea quer que ela chegue para a sociedade.<\/div>\n<div style=\"text-align: justify;\"><\/div>\n<div style=\"text-align: justify;\"><i>Texto: Luiz Fernando Moura<\/i><\/div>\n","protected":false},"excerpt":{"rendered":"<p>O edif\u00edcio Wilton Paes de Almeida pegou fogo e desabou no antigo centro de S\u00e3o Paulo durante a madrugada no<\/p>\n","protected":false},"author":1,"featured_media":0,"comment_status":"open","ping_status":"open","sticky":false,"template":"","format":"standard","meta":{"colormag_page_container_layout":"default_layout","colormag_page_sidebar_layout":"default_layout","footnotes":""},"categories":[1],"tags":[],"class_list":["post-195","post","type-post","status-publish","format-standard","hentry","category-uncategorized"],"featured_image_urls":{"full":"","thumbnail":"","medium":"","medium_large":"","large":"","1536x1536":"","2048x2048":"","colormag-highlighted-post":"","colormag-featured-post-medium":"","colormag-featured-post-small":"","colormag-featured-image":"","colormag-default-news":"","colormag-featured-image-large":""},"author_info":{"info":["focas"]},"category_info":"<a href=\"https:\/\/focas.uniso.br\/index.php\/category\/uncategorized\/\" rel=\"category tag\">Uncategorized<\/a>","tag_info":"Uncategorized","comment_count":"0","_links":{"self":[{"href":"https:\/\/focas.uniso.br\/index.php\/wp-json\/wp\/v2\/posts\/195","targetHints":{"allow":["GET"]}}],"collection":[{"href":"https:\/\/focas.uniso.br\/index.php\/wp-json\/wp\/v2\/posts"}],"about":[{"href":"https:\/\/focas.uniso.br\/index.php\/wp-json\/wp\/v2\/types\/post"}],"author":[{"embeddable":true,"href":"https:\/\/focas.uniso.br\/index.php\/wp-json\/wp\/v2\/users\/1"}],"replies":[{"embeddable":true,"href":"https:\/\/focas.uniso.br\/index.php\/wp-json\/wp\/v2\/comments?post=195"}],"version-history":[{"count":0,"href":"https:\/\/focas.uniso.br\/index.php\/wp-json\/wp\/v2\/posts\/195\/revisions"}],"wp:attachment":[{"href":"https:\/\/focas.uniso.br\/index.php\/wp-json\/wp\/v2\/media?parent=195"}],"wp:term":[{"taxonomy":"category","embeddable":true,"href":"https:\/\/focas.uniso.br\/index.php\/wp-json\/wp\/v2\/categories?post=195"},{"taxonomy":"post_tag","embeddable":true,"href":"https:\/\/focas.uniso.br\/index.php\/wp-json\/wp\/v2\/tags?post=195"}],"curies":[{"name":"wp","href":"https:\/\/api.w.org\/{rel}","templated":true}]}}