{"id":203,"date":"2018-07-02T12:07:00","date_gmt":"2018-07-02T12:07:00","guid":{"rendered":"http:\/\/focas.uniso.br\/index.php\/2018\/07\/02\/fake-news-o-alerta-esta-ligado\/"},"modified":"2018-07-02T12:07:00","modified_gmt":"2018-07-02T12:07:00","slug":"fake-news-o-alerta-esta-ligado","status":"publish","type":"post","link":"https:\/\/focas.uniso.br\/index.php\/2018\/07\/02\/fake-news-o-alerta-esta-ligado\/","title":{"rendered":"Fake News: O alerta est\u00e1 ligado"},"content":{"rendered":"<div style=\"clear: both; text-align: center;\"><a href=\"https:\/\/4.bp.blogspot.com\/--RIOzcI_4D8\/WztnSLmP0sI\/AAAAAAAAHeE\/ty334xEKhz0Z7axHQg1T6e2RTvnmJPrmACLcBGAs\/s1600\/An%25C3%25A1lise%2BCr%25C3%25ADtica%2Bde%2BM%25C3%25ADdias.jpeg\" style=\"margin-left: 1em; margin-right: 1em;\"><img decoding=\"async\" border=\"0\" data-original-height=\"180\" data-original-width=\"320\" src=\"https:\/\/4.bp.blogspot.com\/--RIOzcI_4D8\/WztnSLmP0sI\/AAAAAAAAHeE\/ty334xEKhz0Z7axHQg1T6e2RTvnmJPrmACLcBGAs\/s1600\/An%25C3%25A1lise%2BCr%25C3%25ADtica%2Bde%2BM%25C3%25ADdias.jpeg\" \/><\/a><\/div>\n<div style=\"text-align: justify;\">O termo \u201cfake News\u201d, ou not\u00edcias falsas, tem sido assunto recorrente nos \u00faltimos anos e provocado debates intensos. Embora o termo em si seja novo, a pr\u00e1tica de not\u00edcias falsas vem de longo tempo.<\/div>\n<div style=\"text-align: justify;\">Existem as fake News com car\u00e1ter sensacionalista, com objetivo de conseguir mais leitores. Outras mais inocentes, satirizando acontecimentos. Mas as que mais geram preocupa\u00e7\u00e3o s\u00e3o aquelas not\u00edcias plantadas com a finalidade de prejudicar pessoas ou organiza\u00e7\u00f5es, atingindo reputa\u00e7\u00e3o e car\u00e1ter.&nbsp;<\/div>\n<div style=\"text-align: justify;\">Falando da esfera pol\u00edtica, as \u00faltimas elei\u00e7\u00f5es norte-americanas s\u00e3o consideradas como um dos divisores de \u00e1gua na quest\u00e3o de fake News, pois a partir dali o tema ganhou amplo destaque pela suposta influ\u00eancia que as not\u00edcias falsas tiveram no resultado final das elei\u00e7\u00f5es.&nbsp;<\/div>\n<div style=\"text-align: justify;\">Podemos citar uma pesquisa divulgada recentemente sobre o comportamento do eleitorado norte-americano nas \u00faltimas elei\u00e7\u00f5es. A pesquisa realizada por Brendan Nyhan (Dartmouth College), Andrew Guess (Princeton University) e Jason Reifler (University of Exeter) buscou avaliar os impactos das fake news na campanha presidencial americana que levou Donald Trump ao poder.&nbsp;<\/div>\n<div style=\"text-align: justify;\">Um dos resultados da pesquisa apontou que os eleitores de Donald Trump, de perfil conservador, eram tr\u00eas vezes mais propensos a visitar sites de fake News do que aqueles que se declaravam pr\u00f3-Hillary. Eleitores acima de 60 anos de idade tamb\u00e9m eram mais inclinados a visitar esse tipo de p\u00e1gina.&nbsp;<\/div>\n<div style=\"text-align: justify;\">O poss\u00edvel poder de influ\u00eancia atribu\u00eddo \u00e0s fake News gera preocupa\u00e7\u00e3o uma vez que j\u00e1 estamos em per\u00edodo pr\u00e9-eleitoral. E se trouxermos os resultados da pesquisa sobre o eleitorado norte-americano para a realidade brasileira, podemos ficar ainda mais preocupados.&nbsp;<\/div>\n<div style=\"text-align: justify;\">\u00c0s v\u00e9speras do per\u00edodo eleitoral, o candidato que possui perfil mais conservador \u00e9 Jair Bolsonaro, que seguindo os resultados da pesquisa norte-americana, tende a ser o maior beneficiado com as fake News.&nbsp;<\/div>\n<div style=\"text-align: justify;\">O ministro Luiz Fux, presidente do Tribunal Superior Eleitoral, declarou que uma das prioridades de sua gest\u00e3o \u00e9 combater as fake News, para evitar que not\u00edcias falsas interfiram no resultado das elei\u00e7\u00f5es deste ano. Entretanto, advogados das \u00e1reas de tecnologia e do direito eleitoral dizem que a liberdade de express\u00e3o pode ser prejudicada sobre o pretexto de combater not\u00edcias falsas.&nbsp;<\/div>\n<div style=\"text-align: justify;\">Ora caros advogados, numa terra sem dono como \u00e9 a internet, especialmente nas redes sociais, as pessoas como nunca jamais visto, t\u00eam se expressado livremente e muitas vezes sem o m\u00ednimo de responsabilidade. Mal sabem, ou se sabem, ignoram os resultados tr\u00e1gicos que uma not\u00edcia falsa pode causar nas vidas de outras pessoas.&nbsp;<\/div>\n<div style=\"text-align: justify;\">As opini\u00f5es antes dadas na mesa de um bar, foram parar na internet. Na mesa do bar eram inofensivas, na internet podem ser devastadoras. Hoje o direito \u00e0 palavra \u00e9 dado a todos, seja ele o frequentador do bar ou um Pr\u00eamio Nobel.&nbsp;<\/div>\n<div style=\"text-align: justify;\">\u00c9 necess\u00e1rio, como houve na Mal\u00e1sia, uma regulamenta\u00e7\u00e3o que co\u00edba e puna severamente a cria\u00e7\u00e3o ou a replica\u00e7\u00e3o das fake News. Como vimos anteriormente, elas podem ser extremamente danosas e decisivas como em rela\u00e7\u00e3o a um fato t\u00e3o importante quanto a decis\u00e3o da escolha do comandante de uma na\u00e7\u00e3o.&nbsp;<\/div>\n<div style=\"text-align: justify;\">Devem existir uma regulamenta\u00e7\u00e3o e uma puni\u00e7\u00e3o bastante severas, uma vez que os danos causados na internet, n\u00e3o morrem na esfera do mundo virtual. Mexem com a vida de todos n\u00f3s e podem refletir em nossas vidas por longo tempo.<\/div>\n<p><i style=\"font-size: small;\">Texto: Adriano Almeida<\/i><\/p>\n","protected":false},"excerpt":{"rendered":"<p>O termo \u201cfake News\u201d, ou not\u00edcias falsas, tem sido assunto recorrente nos \u00faltimos anos e provocado debates intensos. Embora o<\/p>\n","protected":false},"author":1,"featured_media":0,"comment_status":"open","ping_status":"open","sticky":false,"template":"","format":"standard","meta":{"colormag_page_container_layout":"default_layout","colormag_page_sidebar_layout":"default_layout","footnotes":""},"categories":[1],"tags":[],"class_list":["post-203","post","type-post","status-publish","format-standard","hentry","category-uncategorized"],"featured_image_urls":{"full":"","thumbnail":"","medium":"","medium_large":"","large":"","1536x1536":"","2048x2048":"","colormag-highlighted-post":"","colormag-featured-post-medium":"","colormag-featured-post-small":"","colormag-featured-image":"","colormag-default-news":"","colormag-featured-image-large":""},"author_info":{"info":["focas"]},"category_info":"<a href=\"https:\/\/focas.uniso.br\/index.php\/category\/uncategorized\/\" rel=\"category tag\">Uncategorized<\/a>","tag_info":"Uncategorized","comment_count":"0","_links":{"self":[{"href":"https:\/\/focas.uniso.br\/index.php\/wp-json\/wp\/v2\/posts\/203","targetHints":{"allow":["GET"]}}],"collection":[{"href":"https:\/\/focas.uniso.br\/index.php\/wp-json\/wp\/v2\/posts"}],"about":[{"href":"https:\/\/focas.uniso.br\/index.php\/wp-json\/wp\/v2\/types\/post"}],"author":[{"embeddable":true,"href":"https:\/\/focas.uniso.br\/index.php\/wp-json\/wp\/v2\/users\/1"}],"replies":[{"embeddable":true,"href":"https:\/\/focas.uniso.br\/index.php\/wp-json\/wp\/v2\/comments?post=203"}],"version-history":[{"count":0,"href":"https:\/\/focas.uniso.br\/index.php\/wp-json\/wp\/v2\/posts\/203\/revisions"}],"wp:attachment":[{"href":"https:\/\/focas.uniso.br\/index.php\/wp-json\/wp\/v2\/media?parent=203"}],"wp:term":[{"taxonomy":"category","embeddable":true,"href":"https:\/\/focas.uniso.br\/index.php\/wp-json\/wp\/v2\/categories?post=203"},{"taxonomy":"post_tag","embeddable":true,"href":"https:\/\/focas.uniso.br\/index.php\/wp-json\/wp\/v2\/tags?post=203"}],"curies":[{"name":"wp","href":"https:\/\/api.w.org\/{rel}","templated":true}]}}