{"id":205,"date":"2018-06-29T12:09:00","date_gmt":"2018-06-29T12:09:00","guid":{"rendered":"http:\/\/focas.uniso.br\/index.php\/2018\/06\/29\/alunos-de-comunicacao-destacam-se-na-producao-de-artigos-opinativos\/"},"modified":"2018-06-29T12:09:00","modified_gmt":"2018-06-29T12:09:00","slug":"alunos-de-comunicacao-destacam-se-na-producao-de-artigos-opinativos","status":"publish","type":"post","link":"https:\/\/focas.uniso.br\/index.php\/2018\/06\/29\/alunos-de-comunicacao-destacam-se-na-producao-de-artigos-opinativos\/","title":{"rendered":"Alunos de comunica\u00e7\u00e3o destacam-se na produ\u00e7\u00e3o de artigos opinativos"},"content":{"rendered":"<div style=\"clear: both; text-align: center;\"><a href=\"https:\/\/2.bp.blogspot.com\/-DkeNV5EiFis\/WzVQ_NkuSlI\/AAAAAAAAHao\/reYwiCWLAAQ3CHXCh7MdL9X9DQ7Juxk6ACLcBGAs\/s1600\/WhatsApp%2BImage%2B2018-06-26%2Bat%2B10.18.56%2BPM.jpeg\" style=\"margin-left: 1em; margin-right: 1em;\"><img loading=\"lazy\" decoding=\"async\" border=\"0\" data-original-height=\"720\" data-original-width=\"1280\" height=\"180\" src=\"https:\/\/2.bp.blogspot.com\/-DkeNV5EiFis\/WzVQ_NkuSlI\/AAAAAAAAHao\/reYwiCWLAAQ3CHXCh7MdL9X9DQ7Juxk6ACLcBGAs\/s320\/WhatsApp%2BImage%2B2018-06-26%2Bat%2B10.18.56%2BPM.jpeg\" width=\"320\" \/><\/a><\/div>\n<p><span style=\"text-align: justify;\">Os alunos do s\u00e9timo semestre do curso de Jornalismo e Rela\u00e7\u00f5es P\u00fablicas da Universidade de Sorocaba (Uniso) produziram artigos de opini\u00e3o para a disciplina de An\u00e1lise Cr\u00edtica de M\u00eddias neste primeiro semestre de 2018.&nbsp;<\/span><\/p>\n<div style=\"text-align: justify;\">A finalidade do trabalho, al\u00e9m de avaliar a produ\u00e7\u00e3o t\u00e9cnica e estrutural do texto, visa \u00e0 experi\u00eancia do aluno quanto ao posicionamento de ideias e \u00e0 argumenta\u00e7\u00e3o cr\u00edtica sobre temas relacionados \u00e0s m\u00eddias e aos contextos da comunica\u00e7\u00e3o, conforme explica a professora Evenize Batista. &#8220;Em tempos de debates t\u00e3o acalorados e muitas vezes vazios, especialmente nas redes sociais, o profissional da comunica\u00e7\u00e3o precisa se reconhecer como um agente preparado e capaz de contribuir com opini\u00f5es fundamentadas e um olhar t\u00e9cnico sobre as quest\u00f5es de sua \u00e1rea de atua\u00e7\u00e3o. Assim, pode melhorar o n\u00edvel das reflex\u00f5es e exercer o papel de agente de transforma\u00e7\u00e3o social&#8221;, destacou a professora.<\/div>\n<div style=\"text-align: justify;\">Como forma de prestigiar os artigos que receberam nota dez e permitir que possam ser acessados por mais leitores, esses textos podem ser conferidos a partir de hoje no blog focasnarede.com.br e pela p\u00e1gina no facebook.com\/focasnarede.<\/div>\n<div style=\"text-align: justify;\">Ser\u00e1 publicado um texto por dia, totalizando 15 artigos dos alunos:&nbsp;<\/div>\n<div style=\"text-align: justify;\"><\/div>\n<div style=\"text-align: justify;\">Adriano Almeida<\/div>\n<div style=\"text-align: justify;\">Aline Nunes<\/div>\n<div style=\"text-align: justify;\">Amanda<\/div>\n<div style=\"text-align: justify;\">Bruna Emy<\/div>\n<div style=\"text-align: justify;\">\u00c9velyn Azevedo\u00b4<\/div>\n<div style=\"text-align: justify;\">Francine Corr\u00eaa<\/div>\n<div style=\"text-align: justify;\">Gabriel Fernando<\/div>\n<div style=\"text-align: justify;\">J\u00falia Lippi<\/div>\n<div style=\"text-align: justify;\">Lauren&nbsp;<\/div>\n<div style=\"text-align: justify;\">Luis Fernando<\/div>\n<div style=\"text-align: justify;\">Maria Eduarda<\/div>\n<div style=\"text-align: justify;\">Maria Luiza<\/div>\n<div style=\"text-align: justify;\">Miri\u00e3 Almeida<\/div>\n<div style=\"text-align: justify;\">Monick<\/div>\n<div style=\"text-align: justify;\">Raiane Te\u00f3filo<\/div>\n<div style=\"text-align: justify;\"><\/div>\n<div style=\"text-align: justify;\">A produ\u00e7\u00e3o dos artigos da turma do curso de Publicidade e Propaganda tamb\u00e9m foi divulgada e pode ser acessada na p\u00e1gina da Ag\u00eancia Experimental de PP, Cria da Casa: https:\/\/www.facebook.com\/aecria\/<\/div>\n<div style=\"text-align: justify;\"><\/div>\n<div style=\"text-align: justify;\"><\/div>\n<div style=\"text-align: justify;\"><span style=\"font-size: x-small;\"><i>Texto: Ag\u00eancia de Jornalismo da Uniso<\/i><\/span><\/div>\n<div style=\"text-align: justify;\"><span style=\"font-size: x-small;\"><i>Foto: Vitor Leandro\/Ag\u00eanciaJor<\/i><\/span><\/div>\n","protected":false},"excerpt":{"rendered":"<p>Os alunos do s\u00e9timo semestre do curso de Jornalismo e Rela\u00e7\u00f5es P\u00fablicas da Universidade de Sorocaba (Uniso) produziram artigos de<\/p>\n","protected":false},"author":1,"featured_media":0,"comment_status":"open","ping_status":"open","sticky":false,"template":"","format":"standard","meta":{"colormag_page_container_layout":"default_layout","colormag_page_sidebar_layout":"default_layout","footnotes":""},"categories":[1],"tags":[],"class_list":["post-205","post","type-post","status-publish","format-standard","hentry","category-uncategorized"],"featured_image_urls":{"full":"","thumbnail":"","medium":"","medium_large":"","large":"","1536x1536":"","2048x2048":"","colormag-highlighted-post":"","colormag-featured-post-medium":"","colormag-featured-post-small":"","colormag-featured-image":"","colormag-default-news":"","colormag-featured-image-large":""},"author_info":{"info":["focas"]},"category_info":"<a href=\"https:\/\/focas.uniso.br\/index.php\/category\/uncategorized\/\" rel=\"category tag\">Uncategorized<\/a>","tag_info":"Uncategorized","comment_count":"0","_links":{"self":[{"href":"https:\/\/focas.uniso.br\/index.php\/wp-json\/wp\/v2\/posts\/205","targetHints":{"allow":["GET"]}}],"collection":[{"href":"https:\/\/focas.uniso.br\/index.php\/wp-json\/wp\/v2\/posts"}],"about":[{"href":"https:\/\/focas.uniso.br\/index.php\/wp-json\/wp\/v2\/types\/post"}],"author":[{"embeddable":true,"href":"https:\/\/focas.uniso.br\/index.php\/wp-json\/wp\/v2\/users\/1"}],"replies":[{"embeddable":true,"href":"https:\/\/focas.uniso.br\/index.php\/wp-json\/wp\/v2\/comments?post=205"}],"version-history":[{"count":0,"href":"https:\/\/focas.uniso.br\/index.php\/wp-json\/wp\/v2\/posts\/205\/revisions"}],"wp:attachment":[{"href":"https:\/\/focas.uniso.br\/index.php\/wp-json\/wp\/v2\/media?parent=205"}],"wp:term":[{"taxonomy":"category","embeddable":true,"href":"https:\/\/focas.uniso.br\/index.php\/wp-json\/wp\/v2\/categories?post=205"},{"taxonomy":"post_tag","embeddable":true,"href":"https:\/\/focas.uniso.br\/index.php\/wp-json\/wp\/v2\/tags?post=205"}],"curies":[{"name":"wp","href":"https:\/\/api.w.org\/{rel}","templated":true}]}}