{"id":2333,"date":"2024-10-31T15:19:06","date_gmt":"2024-10-31T18:19:06","guid":{"rendered":"https:\/\/focas.uniso.br\/?p=2333"},"modified":"2024-10-31T17:51:31","modified_gmt":"2024-10-31T20:51:31","slug":"palestra-sobre-estado-autoritario-e-parte-da-semana-de-historia-da-uniso","status":"publish","type":"post","link":"https:\/\/focas.uniso.br\/index.php\/2024\/10\/31\/palestra-sobre-estado-autoritario-e-parte-da-semana-de-historia-da-uniso\/","title":{"rendered":"Palestra sobre Estado Autorit\u00e1rio \u00e9 parte da Semana de Hist\u00f3ria da Uniso"},"content":{"rendered":"\n<p>Por Rafael Filho (Ag\u00eancia Focs &#8211; Jornalismo Uniso) <\/p>\n\n\n\n<p><em>A palestra Anatomia do Estado Autorit\u00e1rio no Brasil, com a doutora Carla Longhi (PUC\/USP), foi uma das atividades organizadas pelo curso de Hist\u00f3ria da Uniso ao longo dessa semana<\/em><\/p>\n\n\n\n<figure class=\"wp-block-image size-large\"><img loading=\"lazy\" decoding=\"async\" width=\"1024\" height=\"683\" src=\"https:\/\/focas.uniso.br\/wp-content\/uploads\/2024\/10\/IMG_1238-1024x683.jpg\" alt=\"\" class=\"wp-image-2334\" srcset=\"https:\/\/focas.uniso.br\/wp-content\/uploads\/2024\/10\/IMG_1238-1024x683.jpg 1024w, https:\/\/focas.uniso.br\/wp-content\/uploads\/2024\/10\/IMG_1238-300x200.jpg 300w, https:\/\/focas.uniso.br\/wp-content\/uploads\/2024\/10\/IMG_1238-768x512.jpg 768w, https:\/\/focas.uniso.br\/wp-content\/uploads\/2024\/10\/IMG_1238-1536x1024.jpg 1536w, https:\/\/focas.uniso.br\/wp-content\/uploads\/2024\/10\/IMG_1238-2048x1365.jpg 2048w\" sizes=\"auto, (max-width: 1024px) 100vw, 1024px\" \/><figcaption class=\"wp-element-caption\">Dezenas de pessoas compareceram \u00e0 palestra (que tamb\u00e9m \u00e9 o t\u00edtulo do livro lan\u00e7ado pela autora) realizada no anfiteatro da biblioteca Alu\u00edsio de Almeida &#8211; Foto: Rafael Filho<\/figcaption><\/figure>\n\n\n\n<p><\/p>\n\n\n\n<p>O segundo dia da Semana de Hist\u00f3ria da Universidade de Sorocaba (Uniso) foi marcado por falas contundentes em rela\u00e7\u00e3o ao autoritarismo praticado pelo Estado brasileiro e suas ramifica\u00e7\u00f5es. A pesquisadora Carla Longhi falou sobre como o sistema pol\u00edtico dos governos militares se formou. De acordo com Carla, o Estado possu\u00eda bra\u00e7os na sociedade que levantavam documentos para alimentar o DOPS (Departamento de Ordem Pol\u00edtica e Social, uma esp\u00e9cie de \u201cpol\u00edcia pol\u00edtica\u201d que existiu no Brasil) sob ordens do governo militar.<\/p>\n\n\n\n<figure class=\"wp-block-image size-large\"><img loading=\"lazy\" decoding=\"async\" width=\"1024\" height=\"683\" src=\"https:\/\/focas.uniso.br\/wp-content\/uploads\/2024\/10\/IMG_1301-1024x683.jpg\" alt=\"\" class=\"wp-image-2335\" srcset=\"https:\/\/focas.uniso.br\/wp-content\/uploads\/2024\/10\/IMG_1301-1024x683.jpg 1024w, https:\/\/focas.uniso.br\/wp-content\/uploads\/2024\/10\/IMG_1301-300x200.jpg 300w, https:\/\/focas.uniso.br\/wp-content\/uploads\/2024\/10\/IMG_1301-768x512.jpg 768w, https:\/\/focas.uniso.br\/wp-content\/uploads\/2024\/10\/IMG_1301-1536x1024.jpg 1536w, https:\/\/focas.uniso.br\/wp-content\/uploads\/2024\/10\/IMG_1301-2048x1365.jpg 2048w\" sizes=\"auto, (max-width: 1024px) 100vw, 1024px\" \/><figcaption class=\"wp-element-caption\">Carla Longhi: \u201cVivemos em democracia, mas com ideologias autorit\u00e1rias. E toda l\u00f3gica autorit\u00e1ria \u00e9 violenta\u201d &#8211; Foto: Rafael Filho<\/figcaption><\/figure>\n\n\n\n<p><\/p>\n\n\n\n<p>Carla, que possui gradua\u00e7\u00e3o em Hist\u00f3ria pela PUC\/SP, comentou que al\u00e9m das viol\u00eancias f\u00edsicas praticadas por aparatos repressivos como o DOI-COD (Destacamento de Opera\u00e7\u00f5es de Informa\u00e7\u00f5es &#8211; Centro de Opera\u00e7\u00f5es de Defesa Interna, \u00f3rg\u00e3o de intelig\u00eancia e repress\u00e3o policial subordinado ao Ex\u00e9rcito durante a ditadura), existe tamb\u00e9m a viol\u00eancia institucional, uma ferramenta muito utilizada por governos autorit\u00e1rios. \u201cA submiss\u00e3o econ\u00f4mica \u00e9 uma forma de viol\u00eancia institucional, por exemplo. A sujeitifica\u00e7\u00e3o, conforme a Chau\u00ed [Marilena Chau\u00ed, escritora, professora e fil\u00f3sofa brasileira], coisificar a popula\u00e7\u00e3o \u00e9 outra forma de viol\u00eancia institucional\u201d, afirmou Carla.<\/p>\n\n\n\n<figure class=\"wp-block-image size-large\"><img loading=\"lazy\" decoding=\"async\" width=\"1024\" height=\"683\" src=\"https:\/\/focas.uniso.br\/wp-content\/uploads\/2024\/10\/IMG_1254-1024x683.jpg\" alt=\"\" class=\"wp-image-2336\" srcset=\"https:\/\/focas.uniso.br\/wp-content\/uploads\/2024\/10\/IMG_1254-1024x683.jpg 1024w, https:\/\/focas.uniso.br\/wp-content\/uploads\/2024\/10\/IMG_1254-300x200.jpg 300w, https:\/\/focas.uniso.br\/wp-content\/uploads\/2024\/10\/IMG_1254-768x512.jpg 768w, https:\/\/focas.uniso.br\/wp-content\/uploads\/2024\/10\/IMG_1254-1536x1024.jpg 1536w, https:\/\/focas.uniso.br\/wp-content\/uploads\/2024\/10\/IMG_1254-2048x1365.jpg 2048w\" sizes=\"auto, (max-width: 1024px) 100vw, 1024px\" \/><figcaption class=\"wp-element-caption\">Carla Longhi: \u201cOs sistemas autorit\u00e1rios mostram o golpe como uma forma de se retornar \u00e0 normalidade pol\u00edtica. Muito controverso isso, n\u00e3o \u00e9? E isso \u00e9 uma interfer\u00eancia na sociedade utilizando-se a l\u00f3gica do medo\u201d &#8211; Foto: Rafael Filho<\/figcaption><\/figure>\n\n\n\n<p><\/p>\n\n\n\n<p>Durante suas falas, foi percept\u00edvel a defesa que a professora do Departamento de Hist\u00f3ria da PUC-SP faz em rela\u00e7\u00e3o a import\u00e2ncia da pesquisa documental. Ela refor\u00e7ou que precisamos sempre refletir e interpretar os documentos a que temos acesso. Carla afirmou ainda que, por meio da pesquisa documental, \u00e9 poss\u00edvel dizer que nos anos 1940 e 1950, portanto antes do golpe militar de 1964, os militares j\u00e1 se posicionavam como atores pol\u00edticos nacionais.<\/p>\n\n\n\n<p>Por atuar nas \u00e1reas de Hist\u00f3ria e de Comunica\u00e7\u00e3o, Carla procurou destacar em suas falas as interfaces entre esses dois campos do conhecimento e a import\u00e2ncia hist\u00f3rica da imprensa. De acordo com a professora, nos anos que antecederam o golpe militar, j\u00e1 existia uma polariza\u00e7\u00e3o nos meios de comunica\u00e7\u00e3o e a m\u00eddia n\u00e3o tinha um pensamento homog\u00eaneo sobre a sociedade. \u201cMuitos jornais eram de ideologia liberal. Eles apoiaram o golpe. Eram contra governos de pr\u00e1ticas sociais. Depois muitos jornais fizeram o <em>mea-culpa<\/em>, mas j\u00e1 estava feito\u201d, pondera Carla. Para a pesquisadora, o enquadramento dado por alguns ve\u00edculos de comunica\u00e7\u00e3o para as not\u00edcias auxiliou a ditadura. \u201cDiscuss\u00f5es sobre anistia eram enquadradas de maneira diferente para o povo, o que gerava um desservi\u00e7o por parte dos meios de comunica\u00e7\u00e3o\u201d, detalha Carla.<\/p>\n\n\n\n<figure class=\"wp-block-image size-large\"><img loading=\"lazy\" decoding=\"async\" width=\"1024\" height=\"683\" src=\"https:\/\/focas.uniso.br\/wp-content\/uploads\/2024\/10\/IMG_1247-2-1024x683.jpg\" alt=\"\" class=\"wp-image-2338\" srcset=\"https:\/\/focas.uniso.br\/wp-content\/uploads\/2024\/10\/IMG_1247-2-1024x683.jpg 1024w, https:\/\/focas.uniso.br\/wp-content\/uploads\/2024\/10\/IMG_1247-2-300x200.jpg 300w, https:\/\/focas.uniso.br\/wp-content\/uploads\/2024\/10\/IMG_1247-2-768x512.jpg 768w, https:\/\/focas.uniso.br\/wp-content\/uploads\/2024\/10\/IMG_1247-2-1536x1024.jpg 1536w, https:\/\/focas.uniso.br\/wp-content\/uploads\/2024\/10\/IMG_1247-2-2048x1365.jpg 2048w\" sizes=\"auto, (max-width: 1024px) 100vw, 1024px\" \/><figcaption class=\"wp-element-caption\">O evento contou com a presen\u00e7a n\u00e3o somente de alunos do curso de Hist\u00f3ria, mas tamb\u00e9m de Rela\u00e7\u00f5es Internacionais, Direito e os da \u00e1rea de comunica\u00e7\u00e3o como Jornalismo e Rela\u00e7\u00f5es P\u00fablicas &#8211; Foto: Rafael Filho<\/figcaption><\/figure>\n\n\n\n<p><\/p>\n\n\n\n<p>Questionada sobre como os estudantes de comunica\u00e7\u00e3o podem trabalhar para serem mais assertivos quando tratarem de assuntos que envolvam situa\u00e7\u00f5es autorit\u00e1rias, a professora que realiza pesquisas em Hist\u00f3ria do Brasil Rep\u00fablica com \u00eanfase nos estudos de cultura, cultura pol\u00edtica e l\u00f3gicas autorit\u00e1rias, afirmou que o segredo est\u00e1 no lugar de fala. \u201cHoje s\u00e3o constru\u00eddos conte\u00fados que n\u00e3o d\u00e3o lugar de fala para o sujeito. Muitas vezes, o enquadramento se volta para o sistema autorit\u00e1rio, gerando um silenciamento\u201d, indica Carla. A escritora complementa que, em todas as abordagens, \u00e9 preciso que as falas de todos os lados envolvidos na Hist\u00f3ria estejam presentes. Ela pontua que os leitores, isto \u00e9, as pessoas que recebem esses conte\u00fados, tamb\u00e9m fazem parte do processo de an\u00e1lise cr\u00edtica sendo cada um deles respons\u00e1vel por \u201ctentar desmontar a mat\u00e9ria\u201d no sentido de, al\u00e9m de interpretar, desmembrar o conte\u00fado para um melhor entendimento, encontrando poss\u00edveis lacunas e ideias para pesquisas posteriores.<\/p>\n\n\n\n<figure class=\"wp-block-image size-large\"><img loading=\"lazy\" decoding=\"async\" width=\"1024\" height=\"621\" src=\"https:\/\/focas.uniso.br\/wp-content\/uploads\/2024\/10\/IMG_1324-1024x621.jpg\" alt=\"\" class=\"wp-image-2337\" srcset=\"https:\/\/focas.uniso.br\/wp-content\/uploads\/2024\/10\/IMG_1324-1024x621.jpg 1024w, https:\/\/focas.uniso.br\/wp-content\/uploads\/2024\/10\/IMG_1324-300x182.jpg 300w, https:\/\/focas.uniso.br\/wp-content\/uploads\/2024\/10\/IMG_1324-768x466.jpg 768w, https:\/\/focas.uniso.br\/wp-content\/uploads\/2024\/10\/IMG_1324-1536x932.jpg 1536w, https:\/\/focas.uniso.br\/wp-content\/uploads\/2024\/10\/IMG_1324-2048x1242.jpg 2048w\" sizes=\"auto, (max-width: 1024px) 100vw, 1024px\" \/><figcaption class=\"wp-element-caption\">Walter Swensson (\u00e0 esq.) e Carla Longhi se conheceram em cursos de p\u00f3s-gradua\u00e7\u00e3o que cursaram juntos. A amizade permanece em diversos projetos na caminhada acad\u00eamica &#8211; Foto: Rafael Filho<\/figcaption><\/figure>\n\n\n\n<p><\/p>\n\n\n\n<p>O coordenador do curso de Hist\u00f3ria e um dos organizadores do evento, professor Walter Swensson, se disse muito satisfeito com as atividades da Semana de Hist\u00f3ria. \u201cA presen\u00e7a e a participa\u00e7\u00e3o dos alunos est\u00e3o superando as minhas expectativas. A palestra da professora Carla Longhi foi muito importante pela atualidade e relev\u00e2ncia do tema.\u201d Walter comentou tamb\u00e9m que a professora Carla \u201c\u00e9 atualmente uma das principais especialistas no Brasil na historiografia sobre a atua\u00e7\u00e3o da espionagem e do aparato repressivo durante o regime civil militar de 1964\u201d.<\/p>\n","protected":false},"excerpt":{"rendered":"<p>Por Rafael Filho (Ag\u00eancia Focs &#8211; Jornalismo Uniso) A palestra Anatomia do Estado Autorit\u00e1rio no Brasil, com a doutora Carla<\/p>\n","protected":false},"author":1,"featured_media":0,"comment_status":"open","ping_status":"open","sticky":false,"template":"","format":"standard","meta":{"colormag_page_container_layout":"default_layout","colormag_page_sidebar_layout":"default_layout","footnotes":""},"categories":[15,9,37,14],"tags":[30,41,29,64,28],"class_list":["post-2333","post","type-post","status-publish","format-standard","hentry","category-jornalismo","category-jornalismo-online","category-sorocaba","category-uniso","tag-focas","tag-focas-na-rede","tag-jornalismo","tag-semana-de-historia","tag-uniso"],"featured_image_urls":{"full":"","thumbnail":"","medium":"","medium_large":"","large":"","1536x1536":"","2048x2048":"","colormag-highlighted-post":"","colormag-featured-post-medium":"","colormag-featured-post-small":"","colormag-featured-image":"","colormag-default-news":"","colormag-featured-image-large":""},"author_info":{"info":["focas"]},"category_info":"<a href=\"https:\/\/focas.uniso.br\/index.php\/category\/jornalismo\/\" rel=\"category tag\">Jornalismo<\/a> <a href=\"https:\/\/focas.uniso.br\/index.php\/category\/jornalismo-online\/\" rel=\"category tag\">jornalismo online<\/a> <a href=\"https:\/\/focas.uniso.br\/index.php\/category\/sorocaba\/\" rel=\"category tag\">Sorocaba<\/a> <a href=\"https:\/\/focas.uniso.br\/index.php\/category\/uniso\/\" rel=\"category tag\">Uniso<\/a>","tag_info":"Uniso","comment_count":"0","_links":{"self":[{"href":"https:\/\/focas.uniso.br\/index.php\/wp-json\/wp\/v2\/posts\/2333","targetHints":{"allow":["GET"]}}],"collection":[{"href":"https:\/\/focas.uniso.br\/index.php\/wp-json\/wp\/v2\/posts"}],"about":[{"href":"https:\/\/focas.uniso.br\/index.php\/wp-json\/wp\/v2\/types\/post"}],"author":[{"embeddable":true,"href":"https:\/\/focas.uniso.br\/index.php\/wp-json\/wp\/v2\/users\/1"}],"replies":[{"embeddable":true,"href":"https:\/\/focas.uniso.br\/index.php\/wp-json\/wp\/v2\/comments?post=2333"}],"version-history":[{"count":2,"href":"https:\/\/focas.uniso.br\/index.php\/wp-json\/wp\/v2\/posts\/2333\/revisions"}],"predecessor-version":[{"id":2340,"href":"https:\/\/focas.uniso.br\/index.php\/wp-json\/wp\/v2\/posts\/2333\/revisions\/2340"}],"wp:attachment":[{"href":"https:\/\/focas.uniso.br\/index.php\/wp-json\/wp\/v2\/media?parent=2333"}],"wp:term":[{"taxonomy":"category","embeddable":true,"href":"https:\/\/focas.uniso.br\/index.php\/wp-json\/wp\/v2\/categories?post=2333"},{"taxonomy":"post_tag","embeddable":true,"href":"https:\/\/focas.uniso.br\/index.php\/wp-json\/wp\/v2\/tags?post=2333"}],"curies":[{"name":"wp","href":"https:\/\/api.w.org\/{rel}","templated":true}]}}