{"id":2526,"date":"2024-12-05T11:48:07","date_gmt":"2024-12-05T14:48:07","guid":{"rendered":"https:\/\/focas.uniso.br\/?p=2526"},"modified":"2024-12-05T11:50:22","modified_gmt":"2024-12-05T14:50:22","slug":"linkin-park-finalmente-retorna-ao-brasil-com-grande-parte-do-mesmo-publico-de-anos-atras","status":"publish","type":"post","link":"https:\/\/focas.uniso.br\/index.php\/2024\/12\/05\/linkin-park-finalmente-retorna-ao-brasil-com-grande-parte-do-mesmo-publico-de-anos-atras\/","title":{"rendered":"Linkin Park finalmente retorna ao Brasil com grande parte do mesmo p\u00fablico de anos atr\u00e1s"},"content":{"rendered":"\n<p>Por Gabriela Dias (Ag\u00eancia Focs &#8211; Jornalismo Uniso)<\/p>\n\n\n\n<p><em>Gera\u00e7\u00f5es de admiradores se reuniram no dia 15 de novembro de 2024 em S\u00e3o Paulo para reviver a energia \u00fanica da banda, criando uma mistura inesquec\u00edvel de nostalgia e novas descobertas<\/em><\/p>\n\n\n\n<figure class=\"wp-block-image size-large\"><img loading=\"lazy\" decoding=\"async\" width=\"1024\" height=\"768\" src=\"https:\/\/focas.uniso.br\/wp-content\/uploads\/2024\/12\/WhatsApp-Image-2024-12-02-at-22.13.59-1024x768.jpeg\" alt=\"\" class=\"wp-image-2528\" srcset=\"https:\/\/focas.uniso.br\/wp-content\/uploads\/2024\/12\/WhatsApp-Image-2024-12-02-at-22.13.59-1024x768.jpeg 1024w, https:\/\/focas.uniso.br\/wp-content\/uploads\/2024\/12\/WhatsApp-Image-2024-12-02-at-22.13.59-300x225.jpeg 300w, https:\/\/focas.uniso.br\/wp-content\/uploads\/2024\/12\/WhatsApp-Image-2024-12-02-at-22.13.59-768x576.jpeg 768w, https:\/\/focas.uniso.br\/wp-content\/uploads\/2024\/12\/WhatsApp-Image-2024-12-02-at-22.13.59-1536x1152.jpeg 1536w, https:\/\/focas.uniso.br\/wp-content\/uploads\/2024\/12\/WhatsApp-Image-2024-12-02-at-22.13.59.jpeg 1600w\" sizes=\"auto, (max-width: 1024px) 100vw, 1024px\" \/><figcaption class=\"wp-element-caption\">Linkin Park se apresentou para um est\u00e1dio lotado no dia 15 de novembro &#8211; Foto: Gabriela Dias<\/figcaption><\/figure>\n\n\n\n<p>\u00c0s 20h36 as luzes que antes iluminavam o est\u00e1dio Allianz Park se apagam mergulhando tudo em um manto de sombras e ansiedade. Ent\u00e3o, uma luz toma conta do palco como se estivesse vibrando junto \u00e0 batida da m\u00fasica e os gritos surgem, como um clamor coletivo de alma e energia, enquanto a cidade que mais pulsa ao som de Linkin Park no mundo, segundo dados de 2023 da plataforma Spotify, se prepara para entregar-se a uma noite de pura intensidade e espet\u00e1culo.<\/p>\n\n\n\n<p>Era como se cada nota surgisse como uma forte onda, inundando o cora\u00e7\u00e3o de mais de 45 mil f\u00e3s presentes. Mesmo diante das diferen\u00e7as, dentro daquele est\u00e1dio todos se uniram tornando-se uma s\u00f3 voz e ritmo.<\/p>\n\n\n\n<p>Formada em 1996, Linkin Park seguiu sua carreira at\u00e9 2017, com Mike Shinoda, Chester Bennington, Brad Delson, Dave Farrell, Joe Hahn e Rob Bourdon, mas foi neste ano que o mundo recebe a tr\u00e1gica not\u00edcia do falecimento de Chester, vocalista, deixando todos inconsol\u00e1veis. Ap\u00f3s sete anos de hiato, como se o tempo precisasse cicatrizar feridas, o Linkin Park retorna aos palcos com a nova vocalista, Emily Armstrong, e o baterista, Colin Brittain.<\/p>\n\n\n\n<figure class=\"wp-block-image size-large\"><img loading=\"lazy\" decoding=\"async\" width=\"1024\" height=\"768\" src=\"https:\/\/focas.uniso.br\/wp-content\/uploads\/2024\/12\/WhatsApp-Image-2024-12-02-at-22.13.59-1-1024x768.jpeg\" alt=\"\" class=\"wp-image-2529\" srcset=\"https:\/\/focas.uniso.br\/wp-content\/uploads\/2024\/12\/WhatsApp-Image-2024-12-02-at-22.13.59-1-1024x768.jpeg 1024w, https:\/\/focas.uniso.br\/wp-content\/uploads\/2024\/12\/WhatsApp-Image-2024-12-02-at-22.13.59-1-300x225.jpeg 300w, https:\/\/focas.uniso.br\/wp-content\/uploads\/2024\/12\/WhatsApp-Image-2024-12-02-at-22.13.59-1-768x576.jpeg 768w, https:\/\/focas.uniso.br\/wp-content\/uploads\/2024\/12\/WhatsApp-Image-2024-12-02-at-22.13.59-1-1536x1152.jpeg 1536w, https:\/\/focas.uniso.br\/wp-content\/uploads\/2024\/12\/WhatsApp-Image-2024-12-02-at-22.13.59-1.jpeg 1600w\" sizes=\"auto, (max-width: 1024px) 100vw, 1024px\" \/><figcaption class=\"wp-element-caption\">Nayara Bitencourt e seu marido pela primeira vez em um show do Linkin Park- Foto: Gabriela Dias\n<\/figcaption><\/figure>\n\n\n\n<p>\u201cN\u00e3o \u00e9 uma substitui\u00e7\u00e3o, \u00e9 um recome\u00e7o. Voc\u00ea v\u00ea que tem muito <em>hate<\/em> em cima dela <em>[Emily Amrstrong]<\/em>, mas ela \u00e9 muito boa. \u00c9 um \u00e1lbum <em>[From Zero]<\/em> que est\u00e1 muito em contato com o Linkin Park antigo, com camadas mais maduras\u201d, opina Nayara Bitencourt (32), analista de facilities<\/p>\n\n\n\n<p>Era 2003, Nayara, com seus 11 anos, estava diante da TV, acompanhando o programa televisivo <em>Disk MTV<\/em>. Foi em meio \u00e0queles diversos clipes de bandas e sons que ela se deparou com <em>Somewhere I Belong<\/em>, m\u00fasica que fez despertar uma nova paix\u00e3o.<\/p>\n\n\n\n<p>Estar pela primeira vez em um show de sua banda preferida, Linkin Park, \u00e9 a concretiza\u00e7\u00e3o de um sonho que, por muito tempo, pareceu imposs\u00edvel. Mais do que isso, \u00e9 uma oportunidade de reviver mem\u00f3rias preciosas da sua av\u00f3, que, em vida, tinha o prazer de ouvir as m\u00fasicas junto \u00e0 neta.<\/p>\n\n\n\n<p>A analista de facilities lembra que, em 2004, na primeira vinda da banda ao Brasil, ela era muito jovem e n\u00e3o tinha autoriza\u00e7\u00e3o dos pais para ir ao show. J\u00e1 em 2017, dois meses antes do falecimento de Chester Bennington, ela se viu sem companhia para o show: \u201cQuando o Chester faleceu, eu pensei: \u2018poxa, a oportunidade que eu tinha, n\u00e3o tenho mais\u2019\u201d.<\/p>\n\n\n\n<figure class=\"wp-block-image size-large\"><img loading=\"lazy\" decoding=\"async\" width=\"1024\" height=\"768\" src=\"https:\/\/focas.uniso.br\/wp-content\/uploads\/2024\/12\/WhatsApp-Image-2024-12-02-at-22.14.00-1-1024x768.jpeg\" alt=\"\" class=\"wp-image-2530\" srcset=\"https:\/\/focas.uniso.br\/wp-content\/uploads\/2024\/12\/WhatsApp-Image-2024-12-02-at-22.14.00-1-1024x768.jpeg 1024w, https:\/\/focas.uniso.br\/wp-content\/uploads\/2024\/12\/WhatsApp-Image-2024-12-02-at-22.14.00-1-300x225.jpeg 300w, https:\/\/focas.uniso.br\/wp-content\/uploads\/2024\/12\/WhatsApp-Image-2024-12-02-at-22.14.00-1-768x576.jpeg 768w, https:\/\/focas.uniso.br\/wp-content\/uploads\/2024\/12\/WhatsApp-Image-2024-12-02-at-22.14.00-1-1536x1152.jpeg 1536w, https:\/\/focas.uniso.br\/wp-content\/uploads\/2024\/12\/WhatsApp-Image-2024-12-02-at-22.14.00-1.jpeg 1600w\" sizes=\"auto, (max-width: 1024px) 100vw, 1024px\" \/><figcaption class=\"wp-element-caption\">Jennifer Machado Soares horas antes do in\u00edcio do show &#8211; Foto: Gabriela Dias<br><\/figcaption><\/figure>\n\n\n\n<p>Assim como para Nayara, o Linkin Park faz parte da vida da pesquisadora Jeniffer Machado Soares (30). Seu v\u00ednculo com a banda surgiu na adolesc\u00eancia, quando as aulas de educa\u00e7\u00e3o f\u00edsica eram embaladas pelas m\u00fasicas, e mais no futuro elas se tornaram a trilha sonora de um momento marcante: \u201cO Linkin Park foi m\u00fasica para a nossa entrada do casamento, a gente escolheu <em>Shadow of the Day<\/em>\u201d.&nbsp;&nbsp;&nbsp;&nbsp;<\/p>\n\n\n\n<p>A banda apresentou diversos hits como <em>In the End<\/em>, <em>Crawling<\/em>, <em>Breaking the Habit<\/em>, al\u00e9m de <em>Leave Out All the Rest<\/em>, que preencheu todo o est\u00e1dio com um \u00e0 capela e arrepiar junto ao p\u00fablico. Mas eles tamb\u00e9m fizeram quest\u00e3o de celebrar seu novo \u00e1lbum, lan\u00e7ado no dia que eles se apresentaram pela primeira vez na capital paulista 15 de novembro. <em>From Zero<\/em>, que em portugu\u00eas seria <em>Do Zero<\/em>, representa e celebra este novo cap\u00edtulo reiniciado, al\u00e9m de fazer refer\u00eancia ao in\u00edcio deles com <em>Xero<\/em>, primeiro nome da banda.<\/p>\n\n\n\n<figure class=\"wp-block-image size-large is-resized\"><img loading=\"lazy\" decoding=\"async\" width=\"576\" height=\"1024\" src=\"https:\/\/focas.uniso.br\/wp-content\/uploads\/2024\/12\/WhatsApp-Image-2024-12-02-at-22.14.00-2-576x1024.jpeg\" alt=\"\" class=\"wp-image-2531\" style=\"width:755px;height:auto\" srcset=\"https:\/\/focas.uniso.br\/wp-content\/uploads\/2024\/12\/WhatsApp-Image-2024-12-02-at-22.14.00-2-576x1024.jpeg 576w, https:\/\/focas.uniso.br\/wp-content\/uploads\/2024\/12\/WhatsApp-Image-2024-12-02-at-22.14.00-2-169x300.jpeg 169w, https:\/\/focas.uniso.br\/wp-content\/uploads\/2024\/12\/WhatsApp-Image-2024-12-02-at-22.14.00-2-768x1365.jpeg 768w, https:\/\/focas.uniso.br\/wp-content\/uploads\/2024\/12\/WhatsApp-Image-2024-12-02-at-22.14.00-2-864x1536.jpeg 864w, https:\/\/focas.uniso.br\/wp-content\/uploads\/2024\/12\/WhatsApp-Image-2024-12-02-at-22.14.00-2.jpeg 900w\" sizes=\"auto, (max-width: 576px) 100vw, 576px\" \/><figcaption class=\"wp-element-caption\">Emily Armstrong e Mike Shinoda com<br> a bandeira do Brasil &#8211; Foto: Gabriela Dias<br><\/figcaption><\/figure>\n\n\n\n<p>Bastou Mike Shinoda perguntar: \u201cE a\u00ed, galera, gostariam de ouvir um som novo?\u201d que o p\u00fablico, por sua vez, j\u00e1 come\u00e7ou a cantar em sintonia e intensidade as m\u00fasicas rec\u00e9m-lan\u00e7adas como <em>Two Faced<\/em>, <em>The Emptiness Machine<\/em>, <em>Over Each Other<\/em>,<em> Casuality<\/em> e <em>Heavy is the Crown<\/em>. Logo em seguida era como se o p\u00fablico se unisse em um s\u00f3 exclamar, chamando o nome de &#8216;Linkin Park&#8217; junto aos aplausos, em um gesto de apoio e reafirma\u00e7\u00e3o a esta nova etapa da banda. Nos tel\u00f5es, era vis\u00edvel a express\u00e3o de gratid\u00e3o e felicidade de todos os membros a cada palavra trocada com os f\u00e3s. Como resposta a essa troca de energias, ouviam-se &#8216;Obrigado&#8217; e viam-se bandeiras do Brasil, que ca\u00edam sobre os m\u00fasicos e seus instrumentos, como mantos sagrados representando carinho e respeito.<\/p>\n\n\n\n<p>Para a empres\u00e1ria Andrea Paes (55), o que mais conecta o p\u00fablico da banda, s\u00e3o motivos \u00fanicos e pessoais, mas para ela os significados das letras s\u00e3o um diferencial e isso se prova do in\u00edcio ao fim do show em que o est\u00e1dio se manteve vibrante.<\/p>\n\n\n\n<figure class=\"wp-block-image size-large\"><img loading=\"lazy\" decoding=\"async\" width=\"1024\" height=\"768\" src=\"https:\/\/focas.uniso.br\/wp-content\/uploads\/2024\/12\/WhatsApp-Image-2024-12-02-at-22.14.00-1024x768.jpeg\" alt=\"\" class=\"wp-image-2532\" srcset=\"https:\/\/focas.uniso.br\/wp-content\/uploads\/2024\/12\/WhatsApp-Image-2024-12-02-at-22.14.00-1024x768.jpeg 1024w, https:\/\/focas.uniso.br\/wp-content\/uploads\/2024\/12\/WhatsApp-Image-2024-12-02-at-22.14.00-300x225.jpeg 300w, https:\/\/focas.uniso.br\/wp-content\/uploads\/2024\/12\/WhatsApp-Image-2024-12-02-at-22.14.00-768x576.jpeg 768w, https:\/\/focas.uniso.br\/wp-content\/uploads\/2024\/12\/WhatsApp-Image-2024-12-02-at-22.14.00-1536x1152.jpeg 1536w, https:\/\/focas.uniso.br\/wp-content\/uploads\/2024\/12\/WhatsApp-Image-2024-12-02-at-22.14.00.jpeg 1600w\" sizes=\"auto, (max-width: 1024px) 100vw, 1024px\" \/><figcaption class=\"wp-element-caption\">Andrea Paes e Alexandre Paes, junto a sua fam\u00edlia &#8211; Foto: Gabriela Dias<\/figcaption><\/figure>\n\n\n\n<p>Ela e seu marido, Alexandre Paes (60), chefe de gabinete, s\u00e3o a prova de que o amor por uma banda pode sim passar por gera\u00e7\u00f5es. Era a primeira vez deles no show do conjunto e estavam acompanhados de seus familiares, prontos para criar uma mem\u00f3ria marcante juntos. \u201cO Linkin Park eu j\u00e1 conhe\u00e7o a muitos anos, na gravidez dos meus g\u00eameos eu j\u00e1 ouvia Linkin Park\u201d, comenta Andrea com um ar de lembran\u00e7a, e esta admira\u00e7\u00e3o pela banda na \u00e9poca foi tomando conta da casa, a ponto de seu marido, Alexandre, tamb\u00e9m come\u00e7ar a acompanh\u00e1-los.<\/p>\n\n\n\n<figure class=\"wp-block-image size-large\"><img loading=\"lazy\" decoding=\"async\" width=\"1024\" height=\"577\" src=\"https:\/\/focas.uniso.br\/wp-content\/uploads\/2024\/12\/Imagem1-1024x577.jpg\" alt=\"\" class=\"wp-image-2533\" srcset=\"https:\/\/focas.uniso.br\/wp-content\/uploads\/2024\/12\/Imagem1-1024x577.jpg 1024w, https:\/\/focas.uniso.br\/wp-content\/uploads\/2024\/12\/Imagem1-300x169.jpg 300w, https:\/\/focas.uniso.br\/wp-content\/uploads\/2024\/12\/Imagem1-768x433.jpg 768w, https:\/\/focas.uniso.br\/wp-content\/uploads\/2024\/12\/Imagem1.jpg 1299w\" sizes=\"auto, (max-width: 1024px) 100vw, 1024px\" \/><figcaption class=\"wp-element-caption\">Linkin Park no final do show registrando eternamente o dia &#8211; Foto: Gabriela Dias<\/figcaption><\/figure>\n\n\n\n<p>A noite ficou marcada, principalmente, para aqueles que levantaram as m\u00e3os ap\u00f3s Mike perguntar, com curiosidade, quem esteva ali pela primeira vez em um show da banda. Ao notar a quantidade expressiva de m\u00e3os ao ar, o rapper confessa que foi uma incr\u00edvel e louca jornada para eles estarem ali.<\/p>\n\n\n\n<p>O dia 15 de novembro de 2024 teve a capacidade de transportar cada um, como uma verdadeira viagem no tempo, refletindo a hist\u00f3ria de cada f\u00e3 que esteve presente e permitiu que o Linkin Park participasse de suas playlists. Como bem observado por Nayara, era evidente a presen\u00e7a de f\u00e3s que acompanham a banda h\u00e1 15 ou 20 anos, um p\u00fablico fiel, que n\u00e3o apenas conhece as m\u00fasicas, mas que realmente vive, independentemente, a trajet\u00f3ria do Linkin Park e puderam juntos aliviar um pouco desta saudade.<\/p>\n","protected":false},"excerpt":{"rendered":"<p>Por Gabriela Dias (Ag\u00eancia Focs &#8211; Jornalismo Uniso) Gera\u00e7\u00f5es de admiradores se reuniram no dia 15 de novembro de 2024<\/p>\n","protected":false},"author":1,"featured_media":0,"comment_status":"open","ping_status":"open","sticky":false,"template":"","format":"standard","meta":{"colormag_page_container_layout":"default_layout","colormag_page_sidebar_layout":"default_layout","footnotes":""},"categories":[15,9,37,14],"tags":[30,41,29,28],"class_list":["post-2526","post","type-post","status-publish","format-standard","hentry","category-jornalismo","category-jornalismo-online","category-sorocaba","category-uniso","tag-focas","tag-focas-na-rede","tag-jornalismo","tag-uniso"],"featured_image_urls":{"full":"","thumbnail":"","medium":"","medium_large":"","large":"","1536x1536":"","2048x2048":"","colormag-highlighted-post":"","colormag-featured-post-medium":"","colormag-featured-post-small":"","colormag-featured-image":"","colormag-default-news":"","colormag-featured-image-large":""},"author_info":{"info":["focas"]},"category_info":"<a href=\"https:\/\/focas.uniso.br\/index.php\/category\/jornalismo\/\" rel=\"category tag\">Jornalismo<\/a> <a href=\"https:\/\/focas.uniso.br\/index.php\/category\/jornalismo-online\/\" rel=\"category tag\">jornalismo online<\/a> <a href=\"https:\/\/focas.uniso.br\/index.php\/category\/sorocaba\/\" rel=\"category tag\">Sorocaba<\/a> <a href=\"https:\/\/focas.uniso.br\/index.php\/category\/uniso\/\" rel=\"category tag\">Uniso<\/a>","tag_info":"Uniso","comment_count":"0","_links":{"self":[{"href":"https:\/\/focas.uniso.br\/index.php\/wp-json\/wp\/v2\/posts\/2526","targetHints":{"allow":["GET"]}}],"collection":[{"href":"https:\/\/focas.uniso.br\/index.php\/wp-json\/wp\/v2\/posts"}],"about":[{"href":"https:\/\/focas.uniso.br\/index.php\/wp-json\/wp\/v2\/types\/post"}],"author":[{"embeddable":true,"href":"https:\/\/focas.uniso.br\/index.php\/wp-json\/wp\/v2\/users\/1"}],"replies":[{"embeddable":true,"href":"https:\/\/focas.uniso.br\/index.php\/wp-json\/wp\/v2\/comments?post=2526"}],"version-history":[{"count":2,"href":"https:\/\/focas.uniso.br\/index.php\/wp-json\/wp\/v2\/posts\/2526\/revisions"}],"predecessor-version":[{"id":2534,"href":"https:\/\/focas.uniso.br\/index.php\/wp-json\/wp\/v2\/posts\/2526\/revisions\/2534"}],"wp:attachment":[{"href":"https:\/\/focas.uniso.br\/index.php\/wp-json\/wp\/v2\/media?parent=2526"}],"wp:term":[{"taxonomy":"category","embeddable":true,"href":"https:\/\/focas.uniso.br\/index.php\/wp-json\/wp\/v2\/categories?post=2526"},{"taxonomy":"post_tag","embeddable":true,"href":"https:\/\/focas.uniso.br\/index.php\/wp-json\/wp\/v2\/tags?post=2526"}],"curies":[{"name":"wp","href":"https:\/\/api.w.org\/{rel}","templated":true}]}}