{"id":2538,"date":"2024-12-04T12:11:53","date_gmt":"2024-12-04T15:11:53","guid":{"rendered":"https:\/\/focas.uniso.br\/?p=2538"},"modified":"2024-12-04T12:13:05","modified_gmt":"2024-12-04T15:13:05","slug":"alunos-da-uniso-promovem-campanha-sobre-dependencia-das-redes-sociais","status":"publish","type":"post","link":"https:\/\/focas.uniso.br\/index.php\/2024\/12\/04\/alunos-da-uniso-promovem-campanha-sobre-dependencia-das-redes-sociais\/","title":{"rendered":"Alunos da Uniso promovem campanha sobre depend\u00eancia das redes sociais"},"content":{"rendered":"\n<p>Por Beatriz Lippi com colabora\u00e7\u00e3o Nicolle Adamecz ( Ag\u00eancia Focs &#8211; Jornalismo Uniso)<\/p>\n\n\n\n<figure class=\"wp-block-image size-large\"><img loading=\"lazy\" decoding=\"async\" width=\"1024\" height=\"1024\" src=\"https:\/\/focas.uniso.br\/wp-content\/uploads\/2024\/12\/WhatsApp-Image-2024-12-04-at-11.23.22-1024x1024.jpeg\" alt=\"\" class=\"wp-image-2539\" srcset=\"https:\/\/focas.uniso.br\/wp-content\/uploads\/2024\/12\/WhatsApp-Image-2024-12-04-at-11.23.22-1024x1024.jpeg 1024w, https:\/\/focas.uniso.br\/wp-content\/uploads\/2024\/12\/WhatsApp-Image-2024-12-04-at-11.23.22-300x300.jpeg 300w, https:\/\/focas.uniso.br\/wp-content\/uploads\/2024\/12\/WhatsApp-Image-2024-12-04-at-11.23.22-150x150.jpeg 150w, https:\/\/focas.uniso.br\/wp-content\/uploads\/2024\/12\/WhatsApp-Image-2024-12-04-at-11.23.22-768x768.jpeg 768w, https:\/\/focas.uniso.br\/wp-content\/uploads\/2024\/12\/WhatsApp-Image-2024-12-04-at-11.23.22-1536x1536.jpeg 1536w, https:\/\/focas.uniso.br\/wp-content\/uploads\/2024\/12\/WhatsApp-Image-2024-12-04-at-11.23.22-2048x2048.jpeg 2048w\" sizes=\"auto, (max-width: 1024px) 100vw, 1024px\" \/><\/figure>\n\n\n\n<p>O uso excessivo de redes sociais e seus impactos na sa\u00fade mental s\u00e3o o foco do projeto integrador \u201cDepend\u00eancia nas Redes Sociais\u201d, desenvolvido por alunos do 2\u00ba semestre de Publicidade e Propaganda da Universidade de Sorocaba (Uniso). Como parte do Projeto Integrador 2024\/2, a iniciativa busca conscientizar o p\u00fablico jovem sobre os riscos da depend\u00eancia digital e promover um equil\u00edbrio saud\u00e1vel entre o mundo online e offline.<\/p>\n\n\n\n<p>O destaque do projeto \u00e9 um v\u00eddeo de dois minutos que ser\u00e1 exibido no dia 7 de dezembro de 2024, durante o evento do Projeto Integrador. A produ\u00e7\u00e3o aborda como o v\u00edcio em redes sociais pode afetar a sa\u00fade mental, gerando ansiedade, inseguran\u00e7a e outros problemas emocionais. A exibi\u00e7\u00e3o ser\u00e1 acompanhada de uma provoca\u00e7\u00e3o ao p\u00fablico: \u201cQual o seu tempo de uso?\u201d A pergunta busca instigar uma reflex\u00e3o pessoal sobre o impacto do tempo gasto conectado.<\/p>\n\n\n\n<p>Al\u00e9m da apresenta\u00e7\u00e3o do v\u00eddeo, os participantes receber\u00e3o brindes, como adesivos e stress balls, como forma de refor\u00e7ar a mensagem de autocuidado e al\u00edvio emocional.<\/p>\n\n\n\n<p><strong>Sa\u00fade mental como prioridade<\/strong><\/p>\n\n\n\n<p>O projeto \u201cPropagandamente\u201d, do qual a campanha faz parte, utiliza a criatividade da publicidade para abordar temas como distor\u00e7\u00e3o de imagem, ansiedade, burnout e depend\u00eancia digital. Segundo dados da Organiza\u00e7\u00e3o Mundial da Sa\u00fade (OMS), mais de 70% dos transtornos mentais surgem antes dos 25 anos, evidenciando a import\u00e2ncia de iniciativas que dialoguem diretamente com os jovens.<\/p>\n\n\n\n<p>De acordo com um estudo da American Psychological Association (APA), quase metade dos jovens adultos relacionam o uso excessivo de redes sociais a sentimentos de ansiedade e depress\u00e3o. Diante desse cen\u00e1rio, a campanha visa alertar sobre os riscos, mas tamb\u00e9m apresentar solu\u00e7\u00f5es pr\u00e1ticas para um uso mais consciente da tecnologia.<\/p>\n\n\n\n<p>Com a frase \u201cAssim como o corpo, a mente tamb\u00e9m precisa de cuidados\u201d, os alunos idealizadores do projeto \u2013 Andressa Salvetti, Isadora Dini, Laura Yamawaka, Luiza Moura e Maria Eduarda Fischer \u2013 esperam impactar o p\u00fablico jovem e promover um espa\u00e7o de reflex\u00e3o sobre h\u00e1bitos digitais.<\/p>\n\n\n\n<p>Para mais informa\u00e7\u00f5es sobre o projeto e seus desdobramentos, siga a p\u00e1gina oficial no Instagram: @propagandamente.<\/p>\n","protected":false},"excerpt":{"rendered":"<p>Por Beatriz Lippi com colabora\u00e7\u00e3o Nicolle Adamecz ( Ag\u00eancia Focs &#8211; Jornalismo Uniso) O uso excessivo de redes sociais e<\/p>\n","protected":false},"author":1,"featured_media":0,"comment_status":"open","ping_status":"open","sticky":false,"template":"","format":"standard","meta":{"colormag_page_container_layout":"default_layout","colormag_page_sidebar_layout":"default_layout","footnotes":""},"categories":[15,9,31,37,14],"tags":[30,41,29,32,28],"class_list":["post-2538","post","type-post","status-publish","format-standard","hentry","category-jornalismo","category-jornalismo-online","category-projeto-integrador","category-sorocaba","category-uniso","tag-focas","tag-focas-na-rede","tag-jornalismo","tag-projeto-integrador","tag-uniso"],"featured_image_urls":{"full":"","thumbnail":"","medium":"","medium_large":"","large":"","1536x1536":"","2048x2048":"","colormag-highlighted-post":"","colormag-featured-post-medium":"","colormag-featured-post-small":"","colormag-featured-image":"","colormag-default-news":"","colormag-featured-image-large":""},"author_info":{"info":["focas"]},"category_info":"<a href=\"https:\/\/focas.uniso.br\/index.php\/category\/jornalismo\/\" rel=\"category tag\">Jornalismo<\/a> <a href=\"https:\/\/focas.uniso.br\/index.php\/category\/jornalismo-online\/\" rel=\"category tag\">jornalismo online<\/a> <a href=\"https:\/\/focas.uniso.br\/index.php\/category\/projeto-integrador\/\" rel=\"category tag\">Projeto Integrador<\/a> <a href=\"https:\/\/focas.uniso.br\/index.php\/category\/sorocaba\/\" rel=\"category tag\">Sorocaba<\/a> <a href=\"https:\/\/focas.uniso.br\/index.php\/category\/uniso\/\" rel=\"category tag\">Uniso<\/a>","tag_info":"Uniso","comment_count":"0","_links":{"self":[{"href":"https:\/\/focas.uniso.br\/index.php\/wp-json\/wp\/v2\/posts\/2538","targetHints":{"allow":["GET"]}}],"collection":[{"href":"https:\/\/focas.uniso.br\/index.php\/wp-json\/wp\/v2\/posts"}],"about":[{"href":"https:\/\/focas.uniso.br\/index.php\/wp-json\/wp\/v2\/types\/post"}],"author":[{"embeddable":true,"href":"https:\/\/focas.uniso.br\/index.php\/wp-json\/wp\/v2\/users\/1"}],"replies":[{"embeddable":true,"href":"https:\/\/focas.uniso.br\/index.php\/wp-json\/wp\/v2\/comments?post=2538"}],"version-history":[{"count":2,"href":"https:\/\/focas.uniso.br\/index.php\/wp-json\/wp\/v2\/posts\/2538\/revisions"}],"predecessor-version":[{"id":2541,"href":"https:\/\/focas.uniso.br\/index.php\/wp-json\/wp\/v2\/posts\/2538\/revisions\/2541"}],"wp:attachment":[{"href":"https:\/\/focas.uniso.br\/index.php\/wp-json\/wp\/v2\/media?parent=2538"}],"wp:term":[{"taxonomy":"category","embeddable":true,"href":"https:\/\/focas.uniso.br\/index.php\/wp-json\/wp\/v2\/categories?post=2538"},{"taxonomy":"post_tag","embeddable":true,"href":"https:\/\/focas.uniso.br\/index.php\/wp-json\/wp\/v2\/tags?post=2538"}],"curies":[{"name":"wp","href":"https:\/\/api.w.org\/{rel}","templated":true}]}}