{"id":2669,"date":"2025-01-30T10:03:57","date_gmt":"2025-01-30T13:03:57","guid":{"rendered":"https:\/\/focas.uniso.br\/?p=2669"},"modified":"2025-01-30T10:03:57","modified_gmt":"2025-01-30T13:03:57","slug":"de-volta-ao-futuro-a-moda-dos-anos-2000-na-atualidade","status":"publish","type":"post","link":"https:\/\/focas.uniso.br\/index.php\/2025\/01\/30\/de-volta-ao-futuro-a-moda-dos-anos-2000-na-atualidade\/","title":{"rendered":"De volta ao futuro: a moda dos anos 2000 na atualidade"},"content":{"rendered":"\n<p>Por Maria Paula Estevam Mobaier (Ag\u00eancia Focs \u2013 Jornalismo Uniso)<\/p>\n\n\n\n<p>Foi como abrir uma c\u00e1psula do tempo. No fundo do arm\u00e1rio, entre cabides esquecidos e casacos de viagem empoeirados, l\u00e1 estava ela: a cal\u00e7a de cintura baixa, t\u00e3o ousada quanto eu me lembrava. Toquei o jeans com a ponta dos dedos, e de repente, a virada dos anos 2000 parecia estar ali, pulsando novamente. Um flashback em forma de tecido.<\/p>\n\n\n\n<p>Pelas ruas do centro, os sinais est\u00e3o por toda parte. Jovens cruzam as cal\u00e7adas com tops justos, \u00f3culos de lentes coloridas e aquelas bolsas baguete que minha m\u00e3e tanto usava. \u00c9 mais do que moda. \u00c9 uma mem\u00f3ria coletiva, reencenada em plena luz do dia, como se quis\u00e9ssemos trazer \u00e0 tona o que ficou para tr\u00e1s.<\/p>\n\n\n\n<p>E ent\u00e3o me dei conta: revisitar essa \u00e9poca n\u00e3o \u00e9 apenas uma escolha est\u00e9tica, mas um reencontro emocional. A moda dos anos 2000 carrega algo que vai al\u00e9m de tecidos e cortes; ela \u00e9 uma sensa\u00e7\u00e3o, uma promessa. A promessa de um novo mil\u00eanio, de liberdade, de um futuro repleto de possibilidades que parecia estar ao alcance de um jeans desgastado e de uma bandana no cabelo.<\/p>\n\n\n\n<p>H\u00e1 algo de m\u00e1gico nesse retorno. Ele fala de uma gera\u00e7\u00e3o que n\u00e3o viveu aqueles anos, mas que os recria como se os conhecesse intimamente. Ao mesmo tempo, dialoga com quem esteve l\u00e1, lembrando que, entre brilhos e cintura baixa, havia tamb\u00e9m uma \u00e9poca de transi\u00e7\u00e3o, euforia e inquieta\u00e7\u00e3o.<\/p>\n\n\n\n<p>Pelo brilho das vitrines, \u00e9 imposs\u00edvel ignorar a transforma\u00e7\u00e3o. Aquelas roupas est\u00e3o de volta, agora reinterpretadas com tecidos modernos e cortes que parecem sussurrar: &#8220;lembre-se de onde viemos, mas olhe para onde estamos indo.&#8221; Baby tees abra\u00e7am torsos jovens, enquanto bolsas baguete oscilam nos bra\u00e7os como rel\u00edquias de um tempo em que a moda era sin\u00f4nimo de ousadia e express\u00e3o.<\/p>\n\n\n\n<p>Gabriela Menezes, especialista em moda, descreve essa ressurg\u00eancia como uma combina\u00e7\u00e3o entre nostalgia e inova\u00e7\u00e3o. &#8220;S\u00e3o diversas as pe\u00e7as que vemos voltando ou sendo inspiradas e modificadas para a moda atual, ganhando novas vers\u00f5es nos dias de hoje.&#8221; Cada pe\u00e7a parece carregar uma hist\u00f3ria, um peda\u00e7o de um passado que, para muitos, \u00e9 t\u00e3o desconhecido quanto fascinante.<\/p>\n\n\n\n<h1 class=\"wp-block-heading\">A gera\u00e7\u00e3o que recria mem\u00f3rias<\/h1>\n\n\n\n<p>Cerca de 70% dos jovens entre 18 e 25 anos dizem estar interessados em tend\u00eancias vintage. Esses n\u00fameros n\u00e3o surpreendem Amanda Duarte, dona do brech\u00f3 Ioi\u00f4. &#8220;Muitos clientes pedem pe\u00e7as dos anos 2000. Essa est\u00e9tica est\u00e1 muito em alta, e os brech\u00f3s acabam sendo o lugar perfeito para quem busca consumir de forma sustent\u00e1vel e \u00fanica.&#8221;<\/p>\n\n\n\n<p>Essa busca, no entanto, vai al\u00e9m da nostalgia. \u00c9 tamb\u00e9m uma resposta \u00e0s urg\u00eancias do presente. A Gera\u00e7\u00e3o Z n\u00e3o apenas consome moda; ela ressignifica o ato de vestir, conectando-o a escolhas conscientes. Brech\u00f3s tornaram-se templos de express\u00e3o individual e consumo \u00e9tico. Gabriela Menezes enfatiza: &#8220;A preocupa\u00e7\u00e3o dos jovens com o impacto ambiental faz com que optem por alternativas mais \u00e9ticas e ecol\u00f3gicas. Comprar em brech\u00f3s \u00e9 se reconectar com o passado e, ao mesmo tempo, olhar para o futuro.&#8221;<\/p>\n\n\n\n<h1 class=\"wp-block-heading\">A influ\u00eancia da fic\u00e7\u00e3o no real<\/h1>\n\n\n\n<p>Mas h\u00e1 mais do que mem\u00f3ria e sustentabilidade nesse retorno. Em parte, ele \u00e9 alimentado pelo poder das redes sociais e pelo revival cultural de s\u00e9ries ic\u00f4nicas como Sex and The City e Friends. A est\u00e9tica desses programas marcou gera\u00e7\u00f5es, com personagens cujos estilos eram t\u00e3o impactantes quanto suas hist\u00f3rias.<\/p>\n\n\n\n<p>Carrie Bradshaw, com seus vestidos de tule e saltos Manolo Blahnik, parecia desfilar n\u00e3o apenas pelas ruas de Nova York, mas tamb\u00e9m pela imagina\u00e7\u00e3o de quem via moda como arte. Rachel Green, de Friends, fez do casual algo aspiracional, com suas combina\u00e7\u00f5es de jeans, camisetas e saias que pareciam cuidadosamente despretensiosas. O retorno dessas s\u00e9ries, seja em reprises ou reboots, mant\u00e9m vivos os desejos de reviver n\u00e3o s\u00f3 as roupas, mas o esp\u00edrito de uma \u00e9poca em que a TV ditava tend\u00eancias e sonhos.<\/p>\n\n\n\n<figure class=\"wp-block-image size-full\"><img loading=\"lazy\" decoding=\"async\" width=\"792\" height=\"956\" src=\"https:\/\/focas.uniso.br\/wp-content\/uploads\/2025\/01\/WhatsApp-Image-2025-01-29-at-12.36.40.jpeg\" alt=\"\" class=\"wp-image-2670\" srcset=\"https:\/\/focas.uniso.br\/wp-content\/uploads\/2025\/01\/WhatsApp-Image-2025-01-29-at-12.36.40.jpeg 792w, https:\/\/focas.uniso.br\/wp-content\/uploads\/2025\/01\/WhatsApp-Image-2025-01-29-at-12.36.40-249x300.jpeg 249w, https:\/\/focas.uniso.br\/wp-content\/uploads\/2025\/01\/WhatsApp-Image-2025-01-29-at-12.36.40-768x927.jpeg 768w\" sizes=\"auto, (max-width: 792px) 100vw, 792px\" \/><figcaption class=\"wp-element-caption\">Sarah Jessica Parker como Carrie Bradshaw (2001) &#8211; Foto: Pinterest<\/figcaption><\/figure>\n\n\n\n<p>\u201cPlataformas como Instagram e TikTok t\u00eam um papel crucial na dissemina\u00e7\u00e3o dessas tend\u00eancias\u201d, acrescenta Gabriela. \u201cA constante exposi\u00e7\u00e3o a esses conte\u00fados facilita a r\u00e1pida ado\u00e7\u00e3o de modas antigas que voltam a ganhar relev\u00e2ncia.\u201d<\/p>\n\n\n\n<h1 class=\"wp-block-heading\">Um di\u00e1logo entre passado e presente<\/h1>\n\n\n\n<p>Ainda assim, o que vemos hoje n\u00e3o \u00e9 uma simples c\u00f3pia. H\u00e1 um di\u00e1logo entre o passado e o presente, como destaca Adriana Arcuri, que viveu intensamente a moda do in\u00edcio dos anos 2000. \u201cNa \u00e9poca, a mistura de elementos era mais vis\u00edvel. Us\u00e1vamos looks mais chamativos e expressivos. Hoje, vejo essas pe\u00e7as sendo usadas de forma mais neutra e equilibrada, combinando um item vintage com algo mais contempor\u00e2neo.\u201d<\/p>\n\n\n\n<p>\u00c9 nesse equil\u00edbrio que reside a for\u00e7a do estilo <em>Y2K (sigla em ingl\u00eas que significa &#8220;Years 2000&#8221; e se refere ao estilo de moda e est\u00e9tica dos anos 2000 atualmente)<\/em>. Ele n\u00e3o apenas revive o passado; ele o transforma, adaptando-o \u00e0s necessidades, desejos e urg\u00eancias do presente. &#8220;A cal\u00e7a de cintura baixa, por exemplo, pode ser combinada com um blazer estruturado ou uma camiseta b\u00e1sica para criar um visual elegante e atual&#8221;, sugere Gabriela.<\/p>\n\n\n\n<figure class=\"wp-block-image size-large\"><img loading=\"lazy\" decoding=\"async\" width=\"755\" height=\"1024\" src=\"https:\/\/focas.uniso.br\/wp-content\/uploads\/2025\/01\/WhatsApp-Image-2025-01-29-at-12.36.39-755x1024.jpeg\" alt=\"\" class=\"wp-image-2671\" srcset=\"https:\/\/focas.uniso.br\/wp-content\/uploads\/2025\/01\/WhatsApp-Image-2025-01-29-at-12.36.39-755x1024.jpeg 755w, https:\/\/focas.uniso.br\/wp-content\/uploads\/2025\/01\/WhatsApp-Image-2025-01-29-at-12.36.39-221x300.jpeg 221w, https:\/\/focas.uniso.br\/wp-content\/uploads\/2025\/01\/WhatsApp-Image-2025-01-29-at-12.36.39-768x1042.jpeg 768w, https:\/\/focas.uniso.br\/wp-content\/uploads\/2025\/01\/WhatsApp-Image-2025-01-29-at-12.36.39.jpeg 1045w\" sizes=\"auto, (max-width: 755px) 100vw, 755px\" \/><figcaption class=\"wp-element-caption\">Jaded London (2024)<\/figcaption><\/figure>\n\n\n\n<h1 class=\"wp-block-heading\">Do ontem ao hoje, um novo olhar para a moda<\/h1>\n\n\n\n<p>Revisitar os anos 2000 \u00e9 como folhear um \u00e1lbum de mem\u00f3rias onde cada p\u00e1gina carrega tanto um sorriso quanto uma li\u00e7\u00e3o. Para os jovens, \u00e9 uma descoberta; para os que viveram a \u00e9poca, um reencontro. Entre brilhos, transpar\u00eancias e acess\u00f3rios ousados, a moda Y2K prova que as tend\u00eancias s\u00e3o c\u00edclicas, mas nunca iguais.<\/p>\n\n\n\n<p>E ao caminhar pelas ruas, observando as novas gera\u00e7\u00f5es reinventarem um passado que parecia t\u00e3o distante, \u00e9 imposs\u00edvel n\u00e3o sentir que, em cada pe\u00e7a, h\u00e1 mais do que estilo: h\u00e1 hist\u00f3ria, h\u00e1 sentimento, h\u00e1 vida.<\/p>\n","protected":false},"excerpt":{"rendered":"<p>Por Maria Paula Estevam Mobaier (Ag\u00eancia Focs \u2013 Jornalismo Uniso) Foi como abrir uma c\u00e1psula do tempo. No fundo do<\/p>\n","protected":false},"author":1,"featured_media":0,"comment_status":"open","ping_status":"open","sticky":false,"template":"","format":"standard","meta":{"colormag_page_container_layout":"default_layout","colormag_page_sidebar_layout":"default_layout","footnotes":""},"categories":[15,9,37,14],"tags":[30,41,29,28],"class_list":["post-2669","post","type-post","status-publish","format-standard","hentry","category-jornalismo","category-jornalismo-online","category-sorocaba","category-uniso","tag-focas","tag-focas-na-rede","tag-jornalismo","tag-uniso"],"featured_image_urls":{"full":"","thumbnail":"","medium":"","medium_large":"","large":"","1536x1536":"","2048x2048":"","colormag-highlighted-post":"","colormag-featured-post-medium":"","colormag-featured-post-small":"","colormag-featured-image":"","colormag-default-news":"","colormag-featured-image-large":""},"author_info":{"info":["focas"]},"category_info":"<a href=\"https:\/\/focas.uniso.br\/index.php\/category\/jornalismo\/\" rel=\"category tag\">Jornalismo<\/a> <a href=\"https:\/\/focas.uniso.br\/index.php\/category\/jornalismo-online\/\" rel=\"category tag\">jornalismo online<\/a> <a href=\"https:\/\/focas.uniso.br\/index.php\/category\/sorocaba\/\" rel=\"category tag\">Sorocaba<\/a> <a href=\"https:\/\/focas.uniso.br\/index.php\/category\/uniso\/\" rel=\"category tag\">Uniso<\/a>","tag_info":"Uniso","comment_count":"0","_links":{"self":[{"href":"https:\/\/focas.uniso.br\/index.php\/wp-json\/wp\/v2\/posts\/2669","targetHints":{"allow":["GET"]}}],"collection":[{"href":"https:\/\/focas.uniso.br\/index.php\/wp-json\/wp\/v2\/posts"}],"about":[{"href":"https:\/\/focas.uniso.br\/index.php\/wp-json\/wp\/v2\/types\/post"}],"author":[{"embeddable":true,"href":"https:\/\/focas.uniso.br\/index.php\/wp-json\/wp\/v2\/users\/1"}],"replies":[{"embeddable":true,"href":"https:\/\/focas.uniso.br\/index.php\/wp-json\/wp\/v2\/comments?post=2669"}],"version-history":[{"count":1,"href":"https:\/\/focas.uniso.br\/index.php\/wp-json\/wp\/v2\/posts\/2669\/revisions"}],"predecessor-version":[{"id":2672,"href":"https:\/\/focas.uniso.br\/index.php\/wp-json\/wp\/v2\/posts\/2669\/revisions\/2672"}],"wp:attachment":[{"href":"https:\/\/focas.uniso.br\/index.php\/wp-json\/wp\/v2\/media?parent=2669"}],"wp:term":[{"taxonomy":"category","embeddable":true,"href":"https:\/\/focas.uniso.br\/index.php\/wp-json\/wp\/v2\/categories?post=2669"},{"taxonomy":"post_tag","embeddable":true,"href":"https:\/\/focas.uniso.br\/index.php\/wp-json\/wp\/v2\/tags?post=2669"}],"curies":[{"name":"wp","href":"https:\/\/api.w.org\/{rel}","templated":true}]}}