{"id":2673,"date":"2025-01-31T09:55:42","date_gmt":"2025-01-31T12:55:42","guid":{"rendered":"https:\/\/focas.uniso.br\/?p=2673"},"modified":"2025-02-03T11:42:35","modified_gmt":"2025-02-03T14:42:35","slug":"inscricoes-para-o-fies-comecam-em-4-de-fevereiro","status":"publish","type":"post","link":"https:\/\/focas.uniso.br\/index.php\/2025\/01\/31\/inscricoes-para-o-fies-comecam-em-4-de-fevereiro\/","title":{"rendered":"Inscri\u00e7\u00f5es para o Fies come\u00e7am em 4 de fevereiro"},"content":{"rendered":"\n<p>Por Ag\u00eancia Focs &#8211; Jornalismo Uniso <\/p>\n\n\n\n<figure class=\"wp-block-image size-large is-resized\"><img loading=\"lazy\" decoding=\"async\" width=\"1024\" height=\"683\" src=\"https:\/\/focas.uniso.br\/wp-content\/uploads\/2025\/01\/imagem-divulgacao-8-1024x683.webp\" alt=\"\" class=\"wp-image-2675\" style=\"width:656px;height:auto\" srcset=\"https:\/\/focas.uniso.br\/wp-content\/uploads\/2025\/01\/imagem-divulgacao-8-1024x683.webp 1024w, https:\/\/focas.uniso.br\/wp-content\/uploads\/2025\/01\/imagem-divulgacao-8-300x200.webp 300w, https:\/\/focas.uniso.br\/wp-content\/uploads\/2025\/01\/imagem-divulgacao-8-768x512.webp 768w, https:\/\/focas.uniso.br\/wp-content\/uploads\/2025\/01\/imagem-divulgacao-8.webp 1200w\" sizes=\"auto, (max-width: 1024px) 100vw, 1024px\" \/><\/figure>\n\n\n\n<p>Os estudantes interessados em financiar seus estudos por meio do Fundo de Financiamento Estudantil (Fies) poder\u00e3o se inscrever a partir do dia <strong>4 de fevereiro<\/strong>. As inscri\u00e7\u00f5es devem ser realizadas exclusivamente pelo <strong>Portal \u00danico de Acesso ao Ensino Superior<\/strong> e encerram no dia <strong>&nbsp;7 de fevereiro.<\/strong><\/p>\n\n\n\n<p>Para concorrer \u00e0s vagas do <strong>Fies Social<\/strong>, \u00e9 necess\u00e1rio ter participado de qualquer edi\u00e7\u00e3o do <strong>Exame Nacional do Ensino M\u00e9dio (Enem) desde 2010<\/strong>, com pontua\u00e7\u00e3o m\u00ednima de <strong>450 pontos na m\u00e9dia das cinco provas<\/strong> e nota superior a <strong>zero na reda\u00e7\u00e3o<\/strong>. Candidatos que se inscreveram no Enem como \u201ctreineiros\u201d n\u00e3o podem participar.<\/p>\n\n\n\n<p>O <strong>Fies Social<\/strong> destina <strong>50% das vagas<\/strong> para estudantes com <strong>renda familiar per capita de at\u00e9 meio sal\u00e1rio m\u00ednimo<\/strong> e cadastrados no <strong>Cad\u00danico<\/strong> at\u00e9 <strong>11 de janeiro de 2025<\/strong>. Para os pr\u00e9-selecionados que atenderem a esses crit\u00e9rios, o financiamento ser\u00e1 integral, cobrindo at\u00e9 <strong>100% dos encargos educacionais<\/strong>.<\/p>\n\n\n\n<h3 class=\"wp-block-heading\"><strong>Classifica\u00e7\u00e3o<\/strong><\/h3>\n\n\n\n<p>A classifica\u00e7\u00e3o dos candidatos seguir\u00e1 a pontua\u00e7\u00e3o obtida no Enem e ser\u00e1 organizada na seguinte ordem de prioridade:<\/p>\n\n\n\n<ol class=\"wp-block-list\">\n<li>Candidatos sem ensino superior e que nunca tiveram financiamento estudantil;<\/li>\n\n\n\n<li>Candidatos sem ensino superior que j\u00e1 tiveram financiamento e quitaram a d\u00edvida;<\/li>\n\n\n\n<li>Candidatos com ensino superior e que nunca tiveram financiamento estudantil;<\/li>\n\n\n\n<li>Candidatos com ensino superior que j\u00e1 tiveram financiamento e quitaram a d\u00edvida.<\/li>\n<\/ol>\n\n\n\n<h3 class=\"wp-block-heading\"><strong>Resultado e lista de espera<\/strong><\/h3>\n\n\n\n<p>A chamada \u00fanica do <strong>Fies Sele\u00e7\u00e3o<\/strong> ser\u00e1 divulgada em <strong>18 de fevereiro<\/strong>. Os pr\u00e9-selecionados dever\u00e3o complementar sua inscri\u00e7\u00e3o no sistema entre os dias <strong>19 e 21 de fevereiro<\/strong>. Aqueles que n\u00e3o forem selecionados automaticamente entrar\u00e3o na <strong>lista de espera<\/strong>, cujo per\u00edodo de convoca\u00e7\u00e3o ser\u00e1 de <strong>25 de fevereiro a 9 de abril<\/strong>.<\/p>\n\n\n\n<p><strong>Fies na Uniso<\/strong><\/p>\n\n\n\n<p>A Uniso conta com um setor dedicado ao atendimento de financiamento estudantil que pode ser consultado por meio de dois canais de comunica\u00e7\u00e3o, o e-mail <strong>fies@uniso.br<\/strong> , Telefone <strong>(15) 2101-7144<\/strong> e Whatsapp<strong> (15) 98183-1277<\/strong><\/p>\n\n\n\n<p><\/p>\n","protected":false},"excerpt":{"rendered":"<p>Por Ag\u00eancia Focs &#8211; Jornalismo Uniso Os estudantes interessados em financiar seus estudos por meio do Fundo de Financiamento Estudantil<\/p>\n","protected":false},"author":1,"featured_media":0,"comment_status":"open","ping_status":"open","sticky":false,"template":"","format":"standard","meta":{"colormag_page_container_layout":"default_layout","colormag_page_sidebar_layout":"default_layout","footnotes":""},"categories":[15,9,37,14],"tags":[79,30,41,29,28],"class_list":["post-2673","post","type-post","status-publish","format-standard","hentry","category-jornalismo","category-jornalismo-online","category-sorocaba","category-uniso","tag-fies","tag-focas","tag-focas-na-rede","tag-jornalismo","tag-uniso"],"featured_image_urls":{"full":"","thumbnail":"","medium":"","medium_large":"","large":"","1536x1536":"","2048x2048":"","colormag-highlighted-post":"","colormag-featured-post-medium":"","colormag-featured-post-small":"","colormag-featured-image":"","colormag-default-news":"","colormag-featured-image-large":""},"author_info":{"info":["focas"]},"category_info":"<a href=\"https:\/\/focas.uniso.br\/index.php\/category\/jornalismo\/\" rel=\"category tag\">Jornalismo<\/a> <a href=\"https:\/\/focas.uniso.br\/index.php\/category\/jornalismo-online\/\" rel=\"category tag\">jornalismo online<\/a> <a href=\"https:\/\/focas.uniso.br\/index.php\/category\/sorocaba\/\" rel=\"category tag\">Sorocaba<\/a> <a href=\"https:\/\/focas.uniso.br\/index.php\/category\/uniso\/\" rel=\"category tag\">Uniso<\/a>","tag_info":"Uniso","comment_count":"0","_links":{"self":[{"href":"https:\/\/focas.uniso.br\/index.php\/wp-json\/wp\/v2\/posts\/2673","targetHints":{"allow":["GET"]}}],"collection":[{"href":"https:\/\/focas.uniso.br\/index.php\/wp-json\/wp\/v2\/posts"}],"about":[{"href":"https:\/\/focas.uniso.br\/index.php\/wp-json\/wp\/v2\/types\/post"}],"author":[{"embeddable":true,"href":"https:\/\/focas.uniso.br\/index.php\/wp-json\/wp\/v2\/users\/1"}],"replies":[{"embeddable":true,"href":"https:\/\/focas.uniso.br\/index.php\/wp-json\/wp\/v2\/comments?post=2673"}],"version-history":[{"count":2,"href":"https:\/\/focas.uniso.br\/index.php\/wp-json\/wp\/v2\/posts\/2673\/revisions"}],"predecessor-version":[{"id":2680,"href":"https:\/\/focas.uniso.br\/index.php\/wp-json\/wp\/v2\/posts\/2673\/revisions\/2680"}],"wp:attachment":[{"href":"https:\/\/focas.uniso.br\/index.php\/wp-json\/wp\/v2\/media?parent=2673"}],"wp:term":[{"taxonomy":"category","embeddable":true,"href":"https:\/\/focas.uniso.br\/index.php\/wp-json\/wp\/v2\/categories?post=2673"},{"taxonomy":"post_tag","embeddable":true,"href":"https:\/\/focas.uniso.br\/index.php\/wp-json\/wp\/v2\/tags?post=2673"}],"curies":[{"name":"wp","href":"https:\/\/api.w.org\/{rel}","templated":true}]}}