{"id":2681,"date":"2025-02-04T14:46:09","date_gmt":"2025-02-04T17:46:09","guid":{"rendered":"https:\/\/focas.uniso.br\/?p=2681"},"modified":"2025-02-04T14:46:09","modified_gmt":"2025-02-04T17:46:09","slug":"agencia-focas-anuncia-parceria-com-o-palco-regional","status":"publish","type":"post","link":"https:\/\/focas.uniso.br\/index.php\/2025\/02\/04\/agencia-focas-anuncia-parceria-com-o-palco-regional\/","title":{"rendered":"Ag\u00eancia Focas anuncia parceria com o Palco Regional\u00a0"},"content":{"rendered":"\n<p>Por Ag\u00eancia Focas &#8211; Jornalismo Uniso <\/p>\n\n\n\n<p>A Ag\u00eancia Focas tem o prazer de anunciar sua nova parceria com o <em>Palco Regional<\/em>, um jornal digital dedicado \u00e0s vozes dos artistas independentes da regi\u00e3o de Sorocaba. Com foco no cen\u00e1rio art\u00edstico local, o <em>Palco Regional<\/em> se caracteriza como espa\u00e7o para aqueles que fazem, consomem e sonham em viver de arte. Com a parceria, espera-se ampliar o alcance das hist\u00f3rias, dos talentos e dos eventos culturais que movimentam nossa comunidade.<\/p>\n\n\n\n<p>A parceria entre a Ag\u00eancia Focas e o <em>Palco Regional<\/em> tem o intuito de oferecer ainda mais suporte \u00e0 cultura independente, garantindo que artistas tenham visibilidade e reconhecimento.&nbsp;<\/p>\n\n\n\n<p>Fique ligado nas novidades e acompanhe de perto essa nova fase!&nbsp;<\/p>\n\n\n\n<p>Tem um projeto, evento ou artista que merece destaque? Mande sua sugest\u00e3o para <strong>palcoregional@gmail.com<\/strong><\/p>\n","protected":false},"excerpt":{"rendered":"<p>Por Ag\u00eancia Focas &#8211; Jornalismo Uniso A Ag\u00eancia Focas tem o prazer de anunciar sua nova parceria com o Palco<\/p>\n","protected":false},"author":1,"featured_media":0,"comment_status":"open","ping_status":"open","sticky":false,"template":"","format":"standard","meta":{"colormag_page_container_layout":"default_layout","colormag_page_sidebar_layout":"default_layout","footnotes":""},"categories":[15,9,37,14],"tags":[30,41,29,28],"class_list":["post-2681","post","type-post","status-publish","format-standard","hentry","category-jornalismo","category-jornalismo-online","category-sorocaba","category-uniso","tag-focas","tag-focas-na-rede","tag-jornalismo","tag-uniso"],"featured_image_urls":{"full":"","thumbnail":"","medium":"","medium_large":"","large":"","1536x1536":"","2048x2048":"","colormag-highlighted-post":"","colormag-featured-post-medium":"","colormag-featured-post-small":"","colormag-featured-image":"","colormag-default-news":"","colormag-featured-image-large":""},"author_info":{"info":["focas"]},"category_info":"<a href=\"https:\/\/focas.uniso.br\/index.php\/category\/jornalismo\/\" rel=\"category tag\">Jornalismo<\/a> <a href=\"https:\/\/focas.uniso.br\/index.php\/category\/jornalismo-online\/\" rel=\"category tag\">jornalismo online<\/a> <a href=\"https:\/\/focas.uniso.br\/index.php\/category\/sorocaba\/\" rel=\"category tag\">Sorocaba<\/a> <a href=\"https:\/\/focas.uniso.br\/index.php\/category\/uniso\/\" rel=\"category tag\">Uniso<\/a>","tag_info":"Uniso","comment_count":"0","_links":{"self":[{"href":"https:\/\/focas.uniso.br\/index.php\/wp-json\/wp\/v2\/posts\/2681","targetHints":{"allow":["GET"]}}],"collection":[{"href":"https:\/\/focas.uniso.br\/index.php\/wp-json\/wp\/v2\/posts"}],"about":[{"href":"https:\/\/focas.uniso.br\/index.php\/wp-json\/wp\/v2\/types\/post"}],"author":[{"embeddable":true,"href":"https:\/\/focas.uniso.br\/index.php\/wp-json\/wp\/v2\/users\/1"}],"replies":[{"embeddable":true,"href":"https:\/\/focas.uniso.br\/index.php\/wp-json\/wp\/v2\/comments?post=2681"}],"version-history":[{"count":1,"href":"https:\/\/focas.uniso.br\/index.php\/wp-json\/wp\/v2\/posts\/2681\/revisions"}],"predecessor-version":[{"id":2682,"href":"https:\/\/focas.uniso.br\/index.php\/wp-json\/wp\/v2\/posts\/2681\/revisions\/2682"}],"wp:attachment":[{"href":"https:\/\/focas.uniso.br\/index.php\/wp-json\/wp\/v2\/media?parent=2681"}],"wp:term":[{"taxonomy":"category","embeddable":true,"href":"https:\/\/focas.uniso.br\/index.php\/wp-json\/wp\/v2\/categories?post=2681"},{"taxonomy":"post_tag","embeddable":true,"href":"https:\/\/focas.uniso.br\/index.php\/wp-json\/wp\/v2\/tags?post=2681"}],"curies":[{"name":"wp","href":"https:\/\/api.w.org\/{rel}","templated":true}]}}