{"id":2895,"date":"2025-03-27T10:09:31","date_gmt":"2025-03-27T13:09:31","guid":{"rendered":"https:\/\/focas.uniso.br\/?p=2895"},"modified":"2025-03-27T10:09:31","modified_gmt":"2025-03-27T13:09:31","slug":"cobertura-de-guerra-e-jornalismo-internacional-sao-temas-de-palestra","status":"publish","type":"post","link":"https:\/\/focas.uniso.br\/index.php\/2025\/03\/27\/cobertura-de-guerra-e-jornalismo-internacional-sao-temas-de-palestra\/","title":{"rendered":"Cobertura de guerra e jornalismo internacional s\u00e3o temas de palestra"},"content":{"rendered":"\n<p>Por: Kathleen Moneta (Ag\u00eancia Focas \u2013 Jornalismo Uniso)<\/p>\n\n\n\n<p>O jornalista Gabriel Toueg, que possui uma grande experi\u00eancia na cobertura de guerras no Oriente M\u00e9dio, esteve na Universidade (Uniso) para uma palestra na \u00faltima sexta-feira (21). Ele compartilhou um pouco de sua experi\u00eancia com os alunos do 5\u00ba semestre de Jornalismo durante a aula de Jornalismo Especializado. Entre os assuntos, o profissional falou sobre os desafios da profiss\u00e3o e a import\u00e2ncia de sempre buscar olhar para os acontecimentos de fora do Brasil.<\/p>\n\n\n\n<p>Toueg ressaltou que o trabalho do correspondente internacional exige um olhar amplo sobre o mundo e uma profunda compreens\u00e3o das regi\u00f5es que cobre. Ele enfatizou a import\u00e2ncia das fontes locais, profissionais que vivem nesses pa\u00edses e ajudam os rep\u00f3rteres a investigarem o que ainda \u00e9 novo. \u201cO correspondente precisa criar rela\u00e7\u00f5es e entender a cultura do lugar para conseguir contar a hist\u00f3ria com mais conhecimento\u201d, afirmou.<\/p>\n\n\n\n<p>Citando o renomado jornalista Cl\u00f3vis Rossi, com quem trabalhou brevemente, Toueg refor\u00e7ou a import\u00e2ncia da perspectiva internacional: &#8220;A melhor fun\u00e7\u00e3o no jornalismo \u00e9 a de correspondente, pois permite olhar o bosque inteiro, e n\u00e3o apenas as \u00e1rvores&#8221;.<\/p>\n\n\n\n<p>Outro tema discutido foi a hist\u00f3ria do jornalismo internacional no Brasil. Toueg contou que, no passado, a not\u00edcia levava at\u00e9 seis semanas para chegar ao p\u00fablico devido \u00e0s limita\u00e7\u00f5es de transporte, como acontecia com o jornal &#8220;Gazeta Universal&#8221;, que foi o primeiro a abordar no Brasil as not\u00edcias de outros pa\u00edses. Hoje, com a tecnologia, as informa\u00e7\u00f5es s\u00e3o disseminadas instantaneamente, o que traz benef\u00edcios e desafios. &#8220;A internet aproximou o jornalista dos fatos, mas, ao mesmo tempo, diminuiu sua presen\u00e7a nas ruas&#8221;, comentou.<\/p>\n\n\n\n<p>Com vasta experi\u00eancia na cobertura de conflitos, Toueg tamb\u00e9m abordou os riscos da profiss\u00e3o. Durante a palestra, ele mostrou dados recentes que mostram que metade dos jornalistas mortos em 2024 em locais de guerra foram assassinados, enquanto outra porcentagem morreu em fogo cruzado.<\/p>\n\n\n\n<p>O jornalista tamb\u00e9m contou um pouco sobre sua trajet\u00f3ria profissional. Toueg entrou no jornalismo internacional por acaso, ao trabalhar em um ve\u00edculo digital. Ele se interessou pela pesquisa de not\u00edcias sobre o Oriente M\u00e9dio, e ent\u00e3o decidiu viajar para Israel em 2002. &#8220;Fui parar em um Kibutz e acabei me encontrando por l\u00e1&#8221;, relatou. Mais tarde, voltou ao Brasil para concluir a faculdade, mas n\u00e3o demorou a retornar a Israel, onde permaneceu por sete anos.<\/p>\n\n\n\n<p>Depois de anos atuando fora do pa\u00eds, Toueg decidiu voltar ao Brasil em 2011. &#8220;Foi uma decis\u00e3o dif\u00edcil, pois eu gostava muito de l\u00e1, mas senti que precisava retornar&#8221;, disse. No Brasil, trabalhou no Estad\u00e3o escrevendo sobre not\u00edcias internacionais e, em 2017, fez sua \u00faltima viagem a Israel. Atualmente, est\u00e1 se dedicando ao mestrado na Universidade de Sorocaba, com uma pesquisa sobre a cobertura da imprensa sobre o tr\u00e1fico de crian\u00e7as brasileiras para ado\u00e7\u00e3o ilegal no exterior, um tema que investiga desde 2012.<\/p>\n\n\n\n<p>A palestra de Gabriel Toeug proporcionou aos estudantes um olhar profundo sobre as responsabilidades do jornalismo internacional, al\u00e9m de motivar aqueles que gostariam de seguir na \u00e1rea sobre o comprometimento de um olhar cr\u00edtico e delicado ao retratar acontecimentos globais, principalmente quando se trata de guerras.<\/p>\n\n\n\n<figure class=\"wp-block-gallery has-nested-images columns-default is-cropped wp-block-gallery-1 is-layout-flex wp-block-gallery-is-layout-flex\">\n<figure class=\"wp-block-image size-large\"><img loading=\"lazy\" decoding=\"async\" width=\"1024\" height=\"576\" data-id=\"2896\" src=\"https:\/\/focas.uniso.br\/wp-content\/uploads\/2025\/03\/WhatsApp-Image-2025-03-27-at-10.06.39-1024x576.jpeg\" alt=\"\" class=\"wp-image-2896\" srcset=\"https:\/\/focas.uniso.br\/wp-content\/uploads\/2025\/03\/WhatsApp-Image-2025-03-27-at-10.06.39-1024x576.jpeg 1024w, https:\/\/focas.uniso.br\/wp-content\/uploads\/2025\/03\/WhatsApp-Image-2025-03-27-at-10.06.39-300x169.jpeg 300w, https:\/\/focas.uniso.br\/wp-content\/uploads\/2025\/03\/WhatsApp-Image-2025-03-27-at-10.06.39-768x432.jpeg 768w, https:\/\/focas.uniso.br\/wp-content\/uploads\/2025\/03\/WhatsApp-Image-2025-03-27-at-10.06.39.jpeg 1280w\" sizes=\"auto, (max-width: 1024px) 100vw, 1024px\" \/><figcaption class=\"wp-element-caption\">Foto- Evenize Batista<\/figcaption><\/figure>\n\n\n\n<figure class=\"wp-block-image size-large\"><img loading=\"lazy\" decoding=\"async\" width=\"1024\" height=\"576\" data-id=\"2897\" src=\"https:\/\/focas.uniso.br\/wp-content\/uploads\/2025\/03\/WhatsApp-Image-2025-03-27-at-10.06.40-1024x576.jpeg\" alt=\"\" class=\"wp-image-2897\" srcset=\"https:\/\/focas.uniso.br\/wp-content\/uploads\/2025\/03\/WhatsApp-Image-2025-03-27-at-10.06.40-1024x576.jpeg 1024w, https:\/\/focas.uniso.br\/wp-content\/uploads\/2025\/03\/WhatsApp-Image-2025-03-27-at-10.06.40-300x169.jpeg 300w, https:\/\/focas.uniso.br\/wp-content\/uploads\/2025\/03\/WhatsApp-Image-2025-03-27-at-10.06.40-768x432.jpeg 768w, https:\/\/focas.uniso.br\/wp-content\/uploads\/2025\/03\/WhatsApp-Image-2025-03-27-at-10.06.40-1536x864.jpeg 1536w, https:\/\/focas.uniso.br\/wp-content\/uploads\/2025\/03\/WhatsApp-Image-2025-03-27-at-10.06.40.jpeg 1600w\" sizes=\"auto, (max-width: 1024px) 100vw, 1024px\" \/><figcaption class=\"wp-element-caption\">Foto- Evenize Batista<\/figcaption><\/figure>\n<\/figure>\n","protected":false},"excerpt":{"rendered":"<p>Por: Kathleen Moneta (Ag\u00eancia Focas \u2013 Jornalismo Uniso) O jornalista Gabriel Toueg, que possui uma grande experi\u00eancia na cobertura de<\/p>\n","protected":false},"author":1,"featured_media":0,"comment_status":"open","ping_status":"open","sticky":false,"template":"","format":"standard","meta":{"colormag_page_container_layout":"default_layout","colormag_page_sidebar_layout":"default_layout","footnotes":""},"categories":[15,9,37,14],"tags":[30,41,29,28],"class_list":["post-2895","post","type-post","status-publish","format-standard","hentry","category-jornalismo","category-jornalismo-online","category-sorocaba","category-uniso","tag-focas","tag-focas-na-rede","tag-jornalismo","tag-uniso"],"featured_image_urls":{"full":"","thumbnail":"","medium":"","medium_large":"","large":"","1536x1536":"","2048x2048":"","colormag-highlighted-post":"","colormag-featured-post-medium":"","colormag-featured-post-small":"","colormag-featured-image":"","colormag-default-news":"","colormag-featured-image-large":""},"author_info":{"info":["focas"]},"category_info":"<a href=\"https:\/\/focas.uniso.br\/index.php\/category\/jornalismo\/\" rel=\"category tag\">Jornalismo<\/a> <a href=\"https:\/\/focas.uniso.br\/index.php\/category\/jornalismo-online\/\" rel=\"category tag\">jornalismo online<\/a> <a href=\"https:\/\/focas.uniso.br\/index.php\/category\/sorocaba\/\" rel=\"category tag\">Sorocaba<\/a> <a href=\"https:\/\/focas.uniso.br\/index.php\/category\/uniso\/\" rel=\"category tag\">Uniso<\/a>","tag_info":"Uniso","comment_count":"0","_links":{"self":[{"href":"https:\/\/focas.uniso.br\/index.php\/wp-json\/wp\/v2\/posts\/2895","targetHints":{"allow":["GET"]}}],"collection":[{"href":"https:\/\/focas.uniso.br\/index.php\/wp-json\/wp\/v2\/posts"}],"about":[{"href":"https:\/\/focas.uniso.br\/index.php\/wp-json\/wp\/v2\/types\/post"}],"author":[{"embeddable":true,"href":"https:\/\/focas.uniso.br\/index.php\/wp-json\/wp\/v2\/users\/1"}],"replies":[{"embeddable":true,"href":"https:\/\/focas.uniso.br\/index.php\/wp-json\/wp\/v2\/comments?post=2895"}],"version-history":[{"count":1,"href":"https:\/\/focas.uniso.br\/index.php\/wp-json\/wp\/v2\/posts\/2895\/revisions"}],"predecessor-version":[{"id":2898,"href":"https:\/\/focas.uniso.br\/index.php\/wp-json\/wp\/v2\/posts\/2895\/revisions\/2898"}],"wp:attachment":[{"href":"https:\/\/focas.uniso.br\/index.php\/wp-json\/wp\/v2\/media?parent=2895"}],"wp:term":[{"taxonomy":"category","embeddable":true,"href":"https:\/\/focas.uniso.br\/index.php\/wp-json\/wp\/v2\/categories?post=2895"},{"taxonomy":"post_tag","embeddable":true,"href":"https:\/\/focas.uniso.br\/index.php\/wp-json\/wp\/v2\/tags?post=2895"}],"curies":[{"name":"wp","href":"https:\/\/api.w.org\/{rel}","templated":true}]}}