{"id":294,"date":"2017-09-12T12:21:00","date_gmt":"2017-09-12T12:21:00","guid":{"rendered":"http:\/\/focas.uniso.br\/index.php\/2017\/09\/12\/alunos-de-medicina-veterinaria-participam-do-estimacao\/"},"modified":"2017-09-12T12:21:00","modified_gmt":"2017-09-12T12:21:00","slug":"alunos-de-medicina-veterinaria-participam-do-estimacao","status":"publish","type":"post","link":"https:\/\/focas.uniso.br\/index.php\/2017\/09\/12\/alunos-de-medicina-veterinaria-participam-do-estimacao\/","title":{"rendered":"Alunos de Medicina Veterin\u00e1ria participam do Estimac\u00e3o"},"content":{"rendered":"<div style=\"clear: both; text-align: center;\"><a href=\"https:\/\/4.bp.blogspot.com\/-COz2hOl_68Y\/WbfLJkhtEwI\/AAAAAAAAGSI\/LE4vnF3jDcUBYpfuuBmpDVtawIW4t8VhwCLcBGAs\/s1600\/ESTIMACAO.jpg\" style=\"margin-left: 1em; margin-right: 1em;\"><img loading=\"lazy\" decoding=\"async\" border=\"0\" data-original-height=\"960\" data-original-width=\"1280\" height=\"240\" src=\"https:\/\/4.bp.blogspot.com\/-COz2hOl_68Y\/WbfLJkhtEwI\/AAAAAAAAGSI\/LE4vnF3jDcUBYpfuuBmpDVtawIW4t8VhwCLcBGAs\/s320\/ESTIMACAO.jpg\" width=\"320\" \/><\/a><\/div>\n<div style=\"text-align: justify;\">O Estimac\u00e3o 2017, evento realizado pela Tv Tem, destinado a animais de estima\u00e7\u00e3o teve apoio da Universidade de Sorocaba (Uniso). Estudantes do curso de Medicina Veterin\u00e1ria estiveram no local com um estande de servi\u00e7os, como avalia\u00e7\u00e3o cl\u00ednica, limpeza de ouvido e orienta\u00e7\u00e3o sobre posse respons\u00e1vel.<\/div>\n<div style=\"text-align: justify;\">O evento aconteceu no dia 27 agosto, na Pra\u00e7a de Eventos de Votorantim (SP), e proporcionou a intera\u00e7\u00e3o entre os estudantes e animais e propriet\u00e1rios, fora da universidade. O grupo de alunos deu orienta\u00e7\u00f5es sobre cuidados, como quando se adota um animal, at\u00e9 como lidar com casos de infesta\u00e7\u00e3o de parasitas.<\/div>\n<div style=\"text-align: justify;\">A aluna Helen Darros, do quarto semestre de Medicina Veterin\u00e1ria, descreveu a participa\u00e7\u00e3o no evento. \u201cComo estudante, esse contato com o animal e o propriet\u00e1rio \u00e9 muito enriquecedor, traz um pouco do que ser\u00e1 meu dia a dia no futuro. Sem contar que me diverti muito com a experi\u00eancia e fiquei ainda mais apaixonada pela profiss\u00e3o\u201d.&nbsp;<\/div>\n<div style=\"text-align: justify;\">Os atendimentos foram supervisionados por professores e organizados para que os alunos de diferentes semestres pudessem participar. Os estudantes foram divididos em equipes, em que cada uma ficou respons\u00e1vel por um atendimento.&nbsp;<\/div>\n<div style=\"text-align: justify;\">Para Izabella Alves Delfino, aluna do quarto semestre, ter participado do Estimac\u00e3o foi muito produtivo. \u201cAo mesmo tempo em que passava as informa\u00e7\u00f5es para os propriet\u00e1rios, acabava aprendendo bastante com os outros alunos.\u201d<\/div>\n<div style=\"text-align: justify;\">A professora e coordenadora do curso, Ana Carolina Porto, explica como \u00e9 importante para os alunos a participa\u00e7\u00e3o em eventos como esse. \u201c\u00c9 diferente quando eles saem de dentro da universidade e v\u00e3o prestar esse tipo de assist\u00eancia\u201d. Ela comenta que o contato com as pessoas e com os animais melhora a desenvoltura do estudante, al\u00e9m de treinar o senso de responsabilidade, pois muitos animais chegavam debilitados. \u201dN\u00f3s temos um ganho muito grande com esse tipo de evento\u201d, diz ela.<\/div>\n<div style=\"text-align: justify;\">Sobre a organiza\u00e7\u00e3o do evento, a aluna Helen e a professora Ana Carolina fizeram elogios. \u201cSomos privilegiados por ter um evento como esse em nossa regi\u00e3o , tivemos uma boa estrutura. Eventos como esse s\u00e3o importantes na sociedade, pois quanto mais perto estivermos dela mais podemos ajudar\u201d, comenta a aluna.<\/div>\n<div style=\"text-align: justify;\">\u201cFoi a primeira vez que participei do Estimac\u00e3o, achei que o evento foi muito bem organizado e espero que n\u00f3s possamos participar de outros como esse\u201d, complementa a professora.<\/div>\n<div style=\"text-align: justify;\">O Estimac\u00e3o \u00e9 um evento gratuito que acontece uma vez por ano em Sorocaba e regi\u00e3o.<\/div>\n<div style=\"text-align: justify;\"><\/div>\n<div style=\"text-align: justify;\"><span style=\"font-size: x-small;\"><i><\/i><\/span><\/div>\n<table align=\"center\" cellpadding=\"0\" cellspacing=\"0\" style=\"margin-left: auto; margin-right: auto; text-align: center;\">\n<tbody>\n<tr>\n<td style=\"text-align: center;\"><a href=\"https:\/\/4.bp.blogspot.com\/-YtmhyiEBnM8\/WbfLgyk9rlI\/AAAAAAAAGSM\/bia98hdbna82l7CrL0brWkt8YS0cSYfTACLcBGAs\/s1600\/ATENDIMENTO%2BESTIMACAO.jpg\" style=\"margin-left: auto; margin-right: auto;\"><img loading=\"lazy\" decoding=\"async\" border=\"0\" data-original-height=\"1280\" data-original-width=\"960\" height=\"320\" src=\"https:\/\/4.bp.blogspot.com\/-YtmhyiEBnM8\/WbfLgyk9rlI\/AAAAAAAAGSM\/bia98hdbna82l7CrL0brWkt8YS0cSYfTACLcBGAs\/s320\/ATENDIMENTO%2BESTIMACAO.jpg\" width=\"240\" \/><\/a><\/td>\n<\/tr>\n<tr>\n<td style=\"text-align: left;\">&nbsp;Aluna Helen prestando atendimento<\/p>\n<div style=\"font-size: medium; text-align: justify;\"><\/div>\n<\/td>\n<\/tr>\n<\/tbody>\n<\/table>\n<div style=\"text-align: justify;\"><span style=\"font-size: x-small;\"><i>Texto: Sara Fonseca\/Ag\u00eanciaJor<\/i><\/span><\/div>\n<div style=\"text-align: justify;\"><span style=\"font-size: x-small;\"><i>Fotos: Arquivo pessoal<\/i><\/span><\/div>\n<div><span style=\"font-size: x-small;\"><i><\/i><\/span><br \/><span style=\"font-size: x-small;\"><i><\/i><\/span><\/div>\n<div style=\"text-align: justify;\"><\/div>\n<div style=\"text-align: justify;\"><\/div>\n<div style=\"text-align: justify;\"><\/div>\n<div><\/div>\n<div style=\"clear: both; text-align: center;\"><\/div>\n","protected":false},"excerpt":{"rendered":"<p>O Estimac\u00e3o 2017, evento realizado pela Tv Tem, destinado a animais de estima\u00e7\u00e3o teve apoio da Universidade de Sorocaba (Uniso).<\/p>\n","protected":false},"author":1,"featured_media":0,"comment_status":"open","ping_status":"open","sticky":false,"template":"","format":"standard","meta":{"colormag_page_container_layout":"default_layout","colormag_page_sidebar_layout":"default_layout","footnotes":""},"categories":[1],"tags":[],"class_list":["post-294","post","type-post","status-publish","format-standard","hentry","category-uncategorized"],"featured_image_urls":{"full":"","thumbnail":"","medium":"","medium_large":"","large":"","1536x1536":"","2048x2048":"","colormag-highlighted-post":"","colormag-featured-post-medium":"","colormag-featured-post-small":"","colormag-featured-image":"","colormag-default-news":"","colormag-featured-image-large":""},"author_info":{"info":["focas"]},"category_info":"<a href=\"https:\/\/focas.uniso.br\/index.php\/category\/uncategorized\/\" rel=\"category tag\">Uncategorized<\/a>","tag_info":"Uncategorized","comment_count":"0","_links":{"self":[{"href":"https:\/\/focas.uniso.br\/index.php\/wp-json\/wp\/v2\/posts\/294","targetHints":{"allow":["GET"]}}],"collection":[{"href":"https:\/\/focas.uniso.br\/index.php\/wp-json\/wp\/v2\/posts"}],"about":[{"href":"https:\/\/focas.uniso.br\/index.php\/wp-json\/wp\/v2\/types\/post"}],"author":[{"embeddable":true,"href":"https:\/\/focas.uniso.br\/index.php\/wp-json\/wp\/v2\/users\/1"}],"replies":[{"embeddable":true,"href":"https:\/\/focas.uniso.br\/index.php\/wp-json\/wp\/v2\/comments?post=294"}],"version-history":[{"count":0,"href":"https:\/\/focas.uniso.br\/index.php\/wp-json\/wp\/v2\/posts\/294\/revisions"}],"wp:attachment":[{"href":"https:\/\/focas.uniso.br\/index.php\/wp-json\/wp\/v2\/media?parent=294"}],"wp:term":[{"taxonomy":"category","embeddable":true,"href":"https:\/\/focas.uniso.br\/index.php\/wp-json\/wp\/v2\/categories?post=294"},{"taxonomy":"post_tag","embeddable":true,"href":"https:\/\/focas.uniso.br\/index.php\/wp-json\/wp\/v2\/tags?post=294"}],"curies":[{"name":"wp","href":"https:\/\/api.w.org\/{rel}","templated":true}]}}