{"id":295,"date":"2017-09-11T15:12:00","date_gmt":"2017-09-11T15:12:00","guid":{"rendered":"http:\/\/focas.uniso.br\/index.php\/2017\/09\/11\/uniso-recebe-ex-ministro-da-previdencia-social-em-palestra\/"},"modified":"2017-09-11T15:12:00","modified_gmt":"2017-09-11T15:12:00","slug":"uniso-recebe-ex-ministro-da-previdencia-social-em-palestra","status":"publish","type":"post","link":"https:\/\/focas.uniso.br\/index.php\/2017\/09\/11\/uniso-recebe-ex-ministro-da-previdencia-social-em-palestra\/","title":{"rendered":"Uniso recebe ex-ministro da Previd\u00eancia Social em palestra"},"content":{"rendered":"<div style=\"clear: both; text-align: center;\"><a href=\"https:\/\/2.bp.blogspot.com\/-gt0YTwhCa_o\/WbaYEI5hUkI\/AAAAAAAAGRc\/UcmZN22LI04u5sGsDz7RJ_jFE0pYObE6QCLcBGAs\/s1600\/IMG_3692.JPG\" style=\"margin-left: 1em; margin-right: 1em;\"><img loading=\"lazy\" decoding=\"async\" border=\"0\" data-original-height=\"900\" data-original-width=\"1600\" height=\"180\" src=\"https:\/\/2.bp.blogspot.com\/-gt0YTwhCa_o\/WbaYEI5hUkI\/AAAAAAAAGRc\/UcmZN22LI04u5sGsDz7RJ_jFE0pYObE6QCLcBGAs\/s320\/IMG_3692.JPG\" width=\"320\" \/><\/a><\/div>\n<div style=\"text-align: justify;\">A Previd\u00eancia Social na atualidade foi o tema da palestra do ex-ministro da Previd\u00eancia Social, Carlos Eduardo Gabas, organizada pelo Centro Acad\u00eamico de Hist\u00f3ria da Universidade de Sorocaba (Uniso). O evento teve a presen\u00e7a de alunos de v\u00e1rios cursos, no c\u00e2mpus Trujilo, no \u00faltimo dia 31.<\/div>\n<div style=\"text-align: justify;\">Carlos Gabas dividiu o microfone com a presidenta do Sindicato dos Professores do Ensino Oficial do Estado de S\u00e3o Paulo (APEOESP), Maria Izabel Azevedo Noronha. \u00c9 importante discutir a Previd\u00eancia Social, pois \u00e9 uma pol\u00edtica que alcan\u00e7a todas as camadas da sociedade, defende o ex-ministro: \u201cO jovem tem a caracter\u00edstica da imprevid\u00eancia, de pensar que n\u00e3o deve se preocupar com isso agora, s\u00f3 no futuro. Mas as pessoas precisam ser capazes de manter um sistema de seguran\u00e7a que as proteja no futuro, porque um dia todo mundo vai precisar dele\u201d.<\/div>\n<div style=\"text-align: justify;\">Carlos Gabas, que foi Ministro da Previd\u00eancia Social de 2010 a 2011, e novamente em 2015, ressalta a import\u00e2ncia do di\u00e1logo: \u201cO conjunto de reformas \u00e9 baseado em um projeto de pa\u00eds do governo. Por isso, n\u00f3s entendemos que \u00e9 importante o jovem participar do debate, para a gente entender qual \u00e9 a melhor vis\u00e3o de pa\u00eds\u201d, conta.<\/div>\n<table cellpadding=\"0\" cellspacing=\"0\" style=\"float: right; margin-left: 1em; text-align: right;\">\n<tbody>\n<tr>\n<td style=\"text-align: center;\"><a href=\"https:\/\/3.bp.blogspot.com\/-_TkxmlPENlw\/WbaYDF3x4fI\/AAAAAAAAGRo\/rlg2Ie2SbMkGeOSLP5IuKSc8d96o6jfmACEwYBhgL\/s1600\/IMG_3660.JPG\" style=\"clear: left; margin-bottom: 1em; margin-left: auto; margin-right: auto;\"><img loading=\"lazy\" decoding=\"async\" border=\"0\" data-original-height=\"900\" data-original-width=\"1600\" height=\"180\" src=\"https:\/\/3.bp.blogspot.com\/-_TkxmlPENlw\/WbaYDF3x4fI\/AAAAAAAAGRo\/rlg2Ie2SbMkGeOSLP5IuKSc8d96o6jfmACEwYBhgL\/s320\/IMG_3660.JPG\" width=\"320\" \/><\/a><\/td>\n<\/tr>\n<tr>\n<td style=\"text-align: left;\">Carlos Gabas e Maria Isabel Azevedo Noronha &#8220;Bebel&#8221;<\/td>\n<\/tr>\n<\/tbody>\n<\/table>\n<div style=\"text-align: justify;\">Atuando no Minist\u00e9rio da Previd\u00eancia Social desde 2005, Gabas usa da experi\u00eancia na \u00e1rea para afirmar que a crise na previd\u00eancia \u00e9 conjuntural, n\u00e3o estrutural. A atribui\u00e7\u00e3o de despesas que n\u00e3o fazem parte da seguridade (sa\u00fade, previd\u00eancia e assist\u00eancia social), como despesas com servidores p\u00fablicos e militares, somada ao alto \u00edndice de desemprego, s\u00e3o os causadores da crise na previd\u00eancia.<\/div>\n<div style=\"text-align: justify;\">Gabas tamb\u00e9m defende a reforma tribut\u00e1ria, a individualiza\u00e7\u00e3o das leis da previd\u00eancia, baseada na expectativa de vida do profissional de cada \u00e1rea de trabalho, e argumenta que a reforma \u00e9 antidemocr\u00e1tica.<\/div>\n<div style=\"text-align: justify;\"><\/div>\n<div style=\"text-align: justify;\">DEBATE ACALORADO<\/div>\n<div style=\"text-align: justify;\">Em seu pronunciamento, a presidenta do Sindicato dos Professores do Ensino Oficial do Estado de S\u00e3o Paulo (APEOESP), Maria Izabel Azevedo Noronha, fez cr\u00edticas ao presidente Michel Temer, que resultou em aplausos e manifesta\u00e7\u00f5es de apoio de uma parte do p\u00fablico. No entanto, outra parcela dos presentes sentiu-se incomodada. Um aluno interrompeu o discurso da presidenta para reclamar que o assunto deixara de ser previd\u00eancia social, recebendo aplausos e manifesta\u00e7\u00f5es positivas de outra parte dos alunos que assistiam \u00e0 palestra.<\/div>\n<div style=\"text-align: justify;\">\u201cQuem promove o debate com pontos de vistas diferentes, geralmente, s\u00e3o alunos de outros cursos, que recebem informa\u00e7\u00e3o por fontes como, por exemplo, a televis\u00e3o, ent\u00e3o \u00e9 importante que eles tenham acesso a esse tipo de informa\u00e7\u00e3o tamb\u00e9m\u201d, comenta Julia Let\u00edcia Amaral, aluna do 4\u00ba semestre de Hist\u00f3ria e integrante do Centro Acad\u00eamico do curso.<\/div>\n<div style=\"clear: both; text-align: center;\"><\/div>\n<p><\/p>\n<div style=\"clear: both; text-align: center;\"><\/div>\n<div style=\"text-align: justify;\">Uma das organizadoras da palestra, ela conta que o intuito \u00e9 trazer a discuss\u00e3o da Previd\u00eancia Social para a universidade: \u201cComo grande parte do c\u00e2mpus Trujilo \u00e9 composta por alunos de Licenciaturas, tamb\u00e9m convidamos Maria Izabel Azevedo Noronha, pois, como presidenta da APEOESP, ela pode fazer essa ponte entre a Previd\u00eancia Social e como isso afeta os profissionais da \u00e1rea da educa\u00e7\u00e3o\u201d, conclui.<\/div>\n<div style=\"text-align: justify;\"><\/div>\n<div style=\"text-align: justify;\">HOMENAGENS&nbsp;<\/div>\n<div style=\"text-align: justify;\"><\/div>\n<div style=\"text-align: justify;\">Ao encerrarem o espa\u00e7o de tempo dedicado \u00e0s perguntas do p\u00fablico aos palestrantes, a vereadora Iara Bernardi e o Secret\u00e1rio de Cultura e Turismo, Glauber Piva, realizaram uma homenagem aos convidados, que receberam o t\u00edtulo de cidadania sorocabana.&nbsp;<\/div>\n<div style=\"text-align: justify;\"><\/div>\n<table align=\"center\" cellpadding=\"0\" cellspacing=\"0\" style=\"margin-left: auto; margin-right: auto; text-align: center;\">\n<tbody>\n<tr>\n<td style=\"text-align: center;\"><a href=\"https:\/\/4.bp.blogspot.com\/-ZLGh8HQg-Jk\/WbacVdDNGWI\/AAAAAAAAGRw\/MiC9BT5c3U8CorfxuLe1abV8qLzDDZ09QCLcBGAs\/s1600\/IMG_3700.JPG\" style=\"margin-left: auto; margin-right: auto;\"><img loading=\"lazy\" decoding=\"async\" border=\"0\" data-original-height=\"900\" data-original-width=\"1600\" height=\"180\" src=\"https:\/\/4.bp.blogspot.com\/-ZLGh8HQg-Jk\/WbacVdDNGWI\/AAAAAAAAGRw\/MiC9BT5c3U8CorfxuLe1abV8qLzDDZ09QCLcBGAs\/s320\/IMG_3700.JPG\" width=\"320\" \/><\/a><\/td>\n<\/tr>\n<tr>\n<td style=\"text-align: left;\">&nbsp;Gabas recebendo de Iara Bernardi o t\u00edtulo de cidad\u00e3o em\u00e9rito sorocabano<\/td>\n<\/tr>\n<\/tbody>\n<\/table>\n<div style=\"clear: both; text-align: center;\"><\/div>\n<table align=\"center\" cellpadding=\"0\" cellspacing=\"0\" style=\"margin-left: auto; margin-right: auto; text-align: center;\">\n<tbody>\n<tr>\n<td style=\"text-align: center;\"><a href=\"https:\/\/1.bp.blogspot.com\/-pMsYQk8ZMnQ\/Wbac3qDsFCI\/AAAAAAAAGR0\/O7zCDl6wHVUxSiSKqmjzRAX1S1zGhcmrACLcBGAs\/s1600\/IMG_3708.JPG\" style=\"margin-left: auto; margin-right: auto;\"><img loading=\"lazy\" decoding=\"async\" border=\"0\" data-original-height=\"901\" data-original-width=\"1600\" height=\"180\" src=\"https:\/\/1.bp.blogspot.com\/-pMsYQk8ZMnQ\/Wbac3qDsFCI\/AAAAAAAAGR0\/O7zCDl6wHVUxSiSKqmjzRAX1S1zGhcmrACLcBGAs\/s320\/IMG_3708.JPG\" width=\"320\" \/><\/a><\/td>\n<\/tr>\n<tr>\n<td style=\"text-align: center;\">Bebel recebendo de Glauber Piva o t\u00edtulo de cidad\u00e3 em\u00e9rita sorocabana<\/td>\n<\/tr>\n<\/tbody>\n<\/table>\n<div style=\"text-align: justify;\"><span style=\"font-size: x-small;\"><i>Texto e fotos: Matheus Piccinin\/Ag\u00eanciaJor<\/i><\/span><\/div>\n<div style=\"text-align: justify;\"><\/div>\n","protected":false},"excerpt":{"rendered":"<p>A Previd\u00eancia Social na atualidade foi o tema da palestra do ex-ministro da Previd\u00eancia Social, Carlos Eduardo Gabas, organizada pelo<\/p>\n","protected":false},"author":1,"featured_media":0,"comment_status":"open","ping_status":"open","sticky":false,"template":"","format":"standard","meta":{"colormag_page_container_layout":"default_layout","colormag_page_sidebar_layout":"default_layout","footnotes":""},"categories":[1],"tags":[],"class_list":["post-295","post","type-post","status-publish","format-standard","hentry","category-uncategorized"],"featured_image_urls":{"full":"","thumbnail":"","medium":"","medium_large":"","large":"","1536x1536":"","2048x2048":"","colormag-highlighted-post":"","colormag-featured-post-medium":"","colormag-featured-post-small":"","colormag-featured-image":"","colormag-default-news":"","colormag-featured-image-large":""},"author_info":{"info":["focas"]},"category_info":"<a href=\"https:\/\/focas.uniso.br\/index.php\/category\/uncategorized\/\" rel=\"category tag\">Uncategorized<\/a>","tag_info":"Uncategorized","comment_count":"0","_links":{"self":[{"href":"https:\/\/focas.uniso.br\/index.php\/wp-json\/wp\/v2\/posts\/295","targetHints":{"allow":["GET"]}}],"collection":[{"href":"https:\/\/focas.uniso.br\/index.php\/wp-json\/wp\/v2\/posts"}],"about":[{"href":"https:\/\/focas.uniso.br\/index.php\/wp-json\/wp\/v2\/types\/post"}],"author":[{"embeddable":true,"href":"https:\/\/focas.uniso.br\/index.php\/wp-json\/wp\/v2\/users\/1"}],"replies":[{"embeddable":true,"href":"https:\/\/focas.uniso.br\/index.php\/wp-json\/wp\/v2\/comments?post=295"}],"version-history":[{"count":0,"href":"https:\/\/focas.uniso.br\/index.php\/wp-json\/wp\/v2\/posts\/295\/revisions"}],"wp:attachment":[{"href":"https:\/\/focas.uniso.br\/index.php\/wp-json\/wp\/v2\/media?parent=295"}],"wp:term":[{"taxonomy":"category","embeddable":true,"href":"https:\/\/focas.uniso.br\/index.php\/wp-json\/wp\/v2\/categories?post=295"},{"taxonomy":"post_tag","embeddable":true,"href":"https:\/\/focas.uniso.br\/index.php\/wp-json\/wp\/v2\/tags?post=295"}],"curies":[{"name":"wp","href":"https:\/\/api.w.org\/{rel}","templated":true}]}}