{"id":2962,"date":"2025-04-07T13:17:32","date_gmt":"2025-04-07T16:17:32","guid":{"rendered":"https:\/\/focas.uniso.br\/?p=2962"},"modified":"2025-04-07T13:17:32","modified_gmt":"2025-04-07T16:17:32","slug":"passado-presente-e-futuro-como-o-curso-de-jor-se-molda-ao-longo-dos-anos","status":"publish","type":"post","link":"https:\/\/focas.uniso.br\/index.php\/2025\/04\/07\/passado-presente-e-futuro-como-o-curso-de-jor-se-molda-ao-longo-dos-anos\/","title":{"rendered":"Passado, Presente e Futuro: como o curso de JOR se molda ao longo dos anos"},"content":{"rendered":"\n<p><em>As diversas mudan\u00e7as sociais, tecnol\u00f3gicas e culturais influenciaram o jornalismo, notavelmente moldando a matriz curricular do curso ao longo dos \u00faltimos 30 anos.<\/em><\/p>\n\n\n\n<p>Por Fabrizio Setti (Ag\u00eancia Focas &#8211; Jornalismo Uniso) <\/p>\n\n\n\n<p>A \u201cera da informa\u00e7\u00e3o\u201d, ou Terceira Revolu\u00e7\u00e3o Industrial, n\u00e3o s\u00f3 mudou a forma como as pessoas se relacionam, mas tamb\u00e9m as rela\u00e7\u00f5es de trabalho e os processos de produ\u00e7\u00e3o. Conforme mudan\u00e7as desse tipo se tornam cada vez mais r\u00e1pidas e mais dr\u00e1sticas, o jornalismo tenta se adaptar ao m\u00e1ximo poss\u00edvel \u00e0 realidade em que vive.<\/p>\n\n\n\n<p>O curso de Jornalismo da Universidade de Sorocaba (Uniso) surgiu no come\u00e7o da \u201cera da internet\u201d, h\u00e1 30 anos, seguindo a realidade da \u00e9poca. Para isso, a matriz curricular do curso inclu\u00eda a disciplina \u201cTecnologias da Comunica\u00e7\u00e3o\u201d, mostrando o uso da internet no mundo da comunica\u00e7\u00e3o. Por\u00e9m, apenas 30 anos depois \u00e9 que vemos o verdadeiro impacto dessa mudan\u00e7a no jornalismo, a forma como a internet influencia a circula\u00e7\u00e3o da informa\u00e7\u00e3o e transforma o modo de trabalho do jornalista. Al\u00e9m disso, o jornalismo n\u00e3o fica restrito a uma \u00fanica forma de m\u00eddia, como era o caso dos jornais, revistas e a televis\u00e3o no passado. Com tudo isso, o curso passa por atualiza\u00e7\u00f5es para se adequar da melhor maneira n\u00e3o s\u00f3 ao momento que o jornalismo vive, mas tamb\u00e9m ao cen\u00e1rio regional atual.<\/p>\n\n\n\n<figure class=\"wp-block-image size-full\"><img loading=\"lazy\" decoding=\"async\" width=\"571\" height=\"381\" src=\"https:\/\/focas.uniso.br\/wp-content\/uploads\/2025\/04\/Evenize-Batista-coordenadora-e-professora-do-curso-de-Jornalismo-Foto-Lais-Rodrigues.jpeg\" alt=\"\" class=\"wp-image-2963\" srcset=\"https:\/\/focas.uniso.br\/wp-content\/uploads\/2025\/04\/Evenize-Batista-coordenadora-e-professora-do-curso-de-Jornalismo-Foto-Lais-Rodrigues.jpeg 571w, https:\/\/focas.uniso.br\/wp-content\/uploads\/2025\/04\/Evenize-Batista-coordenadora-e-professora-do-curso-de-Jornalismo-Foto-Lais-Rodrigues-300x200.jpeg 300w\" sizes=\"auto, (max-width: 571px) 100vw, 571px\" \/><figcaption class=\"wp-element-caption\">Evenize Batista, coordenadora e professora do curso de Jornalismo &#8211; Foto: Lais Rodrigues <\/figcaption><\/figure>\n\n\n\n<p>Evenize Batista, coordenadora do curso de Jornalismo da Uniso, cita a reformula\u00e7\u00e3o da matriz curricular, realizada em 2022, que adicionou disciplinas que nunca haviam sido realizadas, como: \u201cJornalismo de Dados\u201d, \u201cJornalismo Regional\u201d e \u201cTeorias do Jornalismo,\u201d al\u00e9m de mudan\u00e7as em outras disciplinas, como a nova abordagem das mat\u00e9rias de revista: \u201cA matriz curricular passou por uma reformula\u00e7\u00e3o, a turma do 6\u00ba semestre ser\u00e1 a primeira que ter\u00e1 as mat\u00e9rias de \u2018Jornalismo de Dados\u2019, \u2018Jornalismo Regional\u2019 e \u2018Teorias do Jornalismo\u2019, pois \u00e9 uma adequa\u00e7\u00e3o do curso para o jornalismo atual\u201d. Tudo isso visa a realidade que o jornalismo vive e se adapta ao r\u00e1pido avan\u00e7o que a frequ\u00eancia do uso de redes sociais e o uso da internet tiveram com a pandemia de Covid 19, que tornou o jornalismo p\u00f3s-pandemia em algo totalmente diferente do per\u00edodo anterior.<\/p>\n\n\n\n<p>Algo realmente not\u00e1vel no curso de Jornalismo \u00e9 que, ao longo dos 30 anos, foi desenvolvido um \u201ctronco\u201d comum com outros cursos, ou seja, o compartilhamento de disciplinas entre cursos na matriz curricular. No caso do curso de Jornalismo, a matriz curricular acaba compartilhando disciplinas frequentemente com Publicidade e Propaganda e, algumas vezes, com Rela\u00e7\u00f5es P\u00fablicas. Evenize cita, ainda, que \u201cas disciplinas comuns s\u00e3o importantes n\u00e3o apenas pelo conte\u00fado, mas pela conviv\u00eancia m\u00fatua das tr\u00eas \u00e1reas, como acontece no mercado. Por outro lado, as disciplinas espec\u00edficas de cada \u00e1rea \u00e9 que promovem as principais experi\u00eancias pr\u00e1ticas e fazem o encontro do estudante com os desafios da carreira, n\u00e3o apenas quanto \u00e0 produ\u00e7\u00e3o, mas tamb\u00e9m no que se refere \u00e0 \u00e9tica, responsabilidade e comprometimento com o jornalismo\u201d.<\/p>\n\n\n\n<figure class=\"wp-block-image size-full\"><img loading=\"lazy\" decoding=\"async\" width=\"571\" height=\"381\" src=\"https:\/\/focas.uniso.br\/wp-content\/uploads\/2025\/04\/WhatsApp-Image-2025-04-07-at-13.16.03.jpeg\" alt=\"\" class=\"wp-image-2965\" srcset=\"https:\/\/focas.uniso.br\/wp-content\/uploads\/2025\/04\/WhatsApp-Image-2025-04-07-at-13.16.03.jpeg 571w, https:\/\/focas.uniso.br\/wp-content\/uploads\/2025\/04\/WhatsApp-Image-2025-04-07-at-13.16.03-300x200.jpeg 300w\" sizes=\"auto, (max-width: 571px) 100vw, 571px\" \/><figcaption class=\"wp-element-caption\">Foto: Lais Rodrigues <\/figcaption><\/figure>\n\n\n\n<p>No momento atual, os r\u00e1pidos avan\u00e7os tecnol\u00f3gicos e a ascens\u00e3o mete\u00f3rica das Intelig\u00eancias Artificiais (IAs) colocam em pauta o futuro do jornalismo e abrem o debate sobre a inclus\u00e3o dessas ferramentas na matriz curricular do curso. Na verdade, \u00e9 inevit\u00e1vel a incorpora\u00e7\u00e3o de novas tecnologias no jornalismo, especialmente quando se tornam t\u00e3o acess\u00edveis como a IA nos dias de hoje, gerando a necessidade da forma\u00e7\u00e3o de jornalistas capacitados que saibam utilizar essa ferramenta, de forma que n\u00e3o prejudique a qualidade e a ess\u00eancia, levantando todos os debates e questionamentos morais e \u00e9ticos sobre o uso devido de IAs no meio jornal\u00edstico.<\/p>\n\n\n\n<p>\u201cEu acho que vai ter alguma mat\u00e9ria voltada para IA no futuro, e eu vejo com bons olhos. \u00c9 sobre usar a ferramenta para auxiliar no trabalho, e n\u00e3o a deixar fazer tudo por voc\u00ea\u201d, conclui Evenize.<\/p>\n\n\n\n<p>Os desafios para manter o curso de Jornalismo adaptado ao cen\u00e1rio jornal\u00edstico s\u00e3o muito grandes, pois as mudan\u00e7as ocorrem o tempo todo, e a necessidade de mais uma reformula\u00e7\u00e3o na matriz curricular \u00e9 quase certa. Por\u00e9m, o futuro ainda \u00e9 incerto, e n\u00e3o \u00e9 poss\u00edvel saber quais tecnologias, tend\u00eancias e eventos v\u00e3o afetar o jornalismo de amanh\u00e3, nem de que forma isso ocorrer\u00e1.<\/p>\n","protected":false},"excerpt":{"rendered":"<p>As diversas mudan\u00e7as sociais, tecnol\u00f3gicas e culturais influenciaram o jornalismo, notavelmente moldando a matriz curricular do curso ao longo dos<\/p>\n","protected":false},"author":1,"featured_media":0,"comment_status":"open","ping_status":"open","sticky":false,"template":"","format":"standard","meta":{"colormag_page_container_layout":"default_layout","colormag_page_sidebar_layout":"default_layout","footnotes":""},"categories":[15,9,37,14],"tags":[30,41,29,28],"class_list":["post-2962","post","type-post","status-publish","format-standard","hentry","category-jornalismo","category-jornalismo-online","category-sorocaba","category-uniso","tag-focas","tag-focas-na-rede","tag-jornalismo","tag-uniso"],"featured_image_urls":{"full":"","thumbnail":"","medium":"","medium_large":"","large":"","1536x1536":"","2048x2048":"","colormag-highlighted-post":"","colormag-featured-post-medium":"","colormag-featured-post-small":"","colormag-featured-image":"","colormag-default-news":"","colormag-featured-image-large":""},"author_info":{"info":["focas"]},"category_info":"<a href=\"https:\/\/focas.uniso.br\/index.php\/category\/jornalismo\/\" rel=\"category tag\">Jornalismo<\/a> <a href=\"https:\/\/focas.uniso.br\/index.php\/category\/jornalismo-online\/\" rel=\"category tag\">jornalismo online<\/a> <a href=\"https:\/\/focas.uniso.br\/index.php\/category\/sorocaba\/\" rel=\"category tag\">Sorocaba<\/a> <a href=\"https:\/\/focas.uniso.br\/index.php\/category\/uniso\/\" rel=\"category tag\">Uniso<\/a>","tag_info":"Uniso","comment_count":"0","_links":{"self":[{"href":"https:\/\/focas.uniso.br\/index.php\/wp-json\/wp\/v2\/posts\/2962","targetHints":{"allow":["GET"]}}],"collection":[{"href":"https:\/\/focas.uniso.br\/index.php\/wp-json\/wp\/v2\/posts"}],"about":[{"href":"https:\/\/focas.uniso.br\/index.php\/wp-json\/wp\/v2\/types\/post"}],"author":[{"embeddable":true,"href":"https:\/\/focas.uniso.br\/index.php\/wp-json\/wp\/v2\/users\/1"}],"replies":[{"embeddable":true,"href":"https:\/\/focas.uniso.br\/index.php\/wp-json\/wp\/v2\/comments?post=2962"}],"version-history":[{"count":1,"href":"https:\/\/focas.uniso.br\/index.php\/wp-json\/wp\/v2\/posts\/2962\/revisions"}],"predecessor-version":[{"id":2966,"href":"https:\/\/focas.uniso.br\/index.php\/wp-json\/wp\/v2\/posts\/2962\/revisions\/2966"}],"wp:attachment":[{"href":"https:\/\/focas.uniso.br\/index.php\/wp-json\/wp\/v2\/media?parent=2962"}],"wp:term":[{"taxonomy":"category","embeddable":true,"href":"https:\/\/focas.uniso.br\/index.php\/wp-json\/wp\/v2\/categories?post=2962"},{"taxonomy":"post_tag","embeddable":true,"href":"https:\/\/focas.uniso.br\/index.php\/wp-json\/wp\/v2\/tags?post=2962"}],"curies":[{"name":"wp","href":"https:\/\/api.w.org\/{rel}","templated":true}]}}