{"id":297,"date":"2017-09-04T17:33:00","date_gmt":"2017-09-04T17:33:00","guid":{"rendered":"http:\/\/focas.uniso.br\/index.php\/2017\/09\/04\/alunos-de-comunicacao-participam-de-programa-televisivo\/"},"modified":"2017-09-04T17:33:00","modified_gmt":"2017-09-04T17:33:00","slug":"alunos-de-comunicacao-participam-de-programa-televisivo","status":"publish","type":"post","link":"https:\/\/focas.uniso.br\/index.php\/2017\/09\/04\/alunos-de-comunicacao-participam-de-programa-televisivo\/","title":{"rendered":"Alunos de comunica\u00e7\u00e3o participam de programa televisivo"},"content":{"rendered":"<div style=\"clear: both; text-align: center;\"><a href=\"https:\/\/1.bp.blogspot.com\/-oLnd0pJ6GuM\/Wa2MO6NXvFI\/AAAAAAAAGP0\/08OHG_icLRYoN-diNGMqK73Qe1f69WoiwCLcBGAs\/s1600\/Universidade%2B%25C3%25A9%2Brepresentada%2Bem%2Bpeso%2Bpelos%2Balunos%2Bde%2Bcomunica%25C3%25A7%25C3%25A3o.jpg\" style=\"margin-left: 1em; margin-right: 1em;\"><img loading=\"lazy\" decoding=\"async\" border=\"0\" data-original-height=\"720\" data-original-width=\"960\" height=\"240\" src=\"https:\/\/1.bp.blogspot.com\/-oLnd0pJ6GuM\/Wa2MO6NXvFI\/AAAAAAAAGP0\/08OHG_icLRYoN-diNGMqK73Qe1f69WoiwCLcBGAs\/s320\/Universidade%2B%25C3%25A9%2Brepresentada%2Bem%2Bpeso%2Bpelos%2Balunos%2Bde%2Bcomunica%25C3%25A7%25C3%25A3o.jpg\" width=\"320\" \/><\/a><\/div>\n<div style=\"text-align: justify;\">Os alunos dos cursos de Jornalismo, Publicidade e Propaganda e Rela\u00e7\u00f5es P\u00fablicas da Universidade de Sorocaba (Uniso) participaram da grava\u00e7\u00e3o do programa Altas Horas. Exibido pela Rede Globo, Altas Horas \u00e9 apresentado pelo jornalista Serginho Groisman que, durante o programa, aborda assuntos relacionados a cultura e entretenimento.<\/div>\n<div style=\"text-align: justify;\">A aluna do sexto semestre de Jornalismo, Maria Ver\u00f4nica Serafim, diz ter gostado da experi\u00eancia \u201c\u00c9 muito bom ter essa oportunidade de investir em um passeio acad\u00eamico, em vez de um dia comum de aula. A experi\u00eancia de a gente ver de perto como funciona um programa, a produ\u00e7\u00e3o, a prepara\u00e7\u00e3o do apresentador, isso abre novos horizontes\u201d, conta a aluna.&nbsp;<\/div>\n<div style=\"text-align: justify;\">A grava\u00e7\u00e3o, que ocorreu no dia 25 de agosto, trouxe diversas apresenta\u00e7\u00f5es, entre elas a da cantora Roberta Miranda. Consagrada com o t\u00edtulo de Rainha Sertaneja, Roberta cantou alguns dos seus maiores sucessos, como \u201cA majestade e o sabi\u00e1\u201d e \u201cV\u00e1 com Deus\u201d. Pablo do Arrocha tamb\u00e9m foi um dos participantes, conhecido pelo ritmo sofr\u00eancia, apresentou seu novo CD \u201cUm Novo Passo\u201d e relembrou seu sucesso de 2014, \u201cPorque homem n\u00e3o chora\u201d. Arnaldo Antunes tamb\u00e9m participou do programa. O cantor comentou sobre os anos que participou do trio Tribalistas e do disco lan\u00e7ado pelo grupo, depois de 15 anos do primeiro trabalho. Arnaldo trouxe seus maiores sucessos e encantou a plateia ao cantar a saudosa \u201cVelha Inf\u00e2ncia\u201d, m\u00fasica de 2002.<\/div>\n<table cellpadding=\"0\" cellspacing=\"0\" style=\"float: right; text-align: right;\">\n<tbody>\n<tr>\n<td style=\"text-align: center;\"><a href=\"https:\/\/2.bp.blogspot.com\/-qtzkdXJo3mo\/Wa2MO2n9uxI\/AAAAAAAAGPs\/VktPsa3iCGgT2tM2cU_Xj8yC-p-gP88PwCLcBGAs\/s1600\/Alunos%2Bconseguem%2Blugar%2Bprivilegiado%2Bno%2Bprograma.jpg\" style=\"clear: right; margin-bottom: 1em; margin-left: auto; margin-right: auto;\"><img loading=\"lazy\" decoding=\"async\" border=\"0\" data-original-height=\"720\" data-original-width=\"960\" height=\"240\" src=\"https:\/\/2.bp.blogspot.com\/-qtzkdXJo3mo\/Wa2MO2n9uxI\/AAAAAAAAGPs\/VktPsa3iCGgT2tM2cU_Xj8yC-p-gP88PwCLcBGAs\/s320\/Alunos%2Bconseguem%2Blugar%2Bprivilegiado%2Bno%2Bprograma.jpg\" width=\"320\" \/><\/a><\/td>\n<\/tr>\n<tr>\n<td style=\"text-align: left;\">&nbsp;Alunos &nbsp;tiveram grande visibilidade em frente as c\u00e2meras<\/td>\n<\/tr>\n<\/tbody>\n<\/table>\n<div style=\"text-align: justify;\">Al\u00e9m de cantores, o programa tamb\u00e9m contou com a participa\u00e7\u00e3o da atriz e apresentadora Monica Iozzi, que atualmente divulga seu trabalho no filme \u201cA Com\u00e9dia Divina\u201d. Monica comentou sobre seus trabalhos recentes e a decis\u00e3o que tomou ao sair do programa V\u00eddeo Show, onde ficou por mais de um ano como apresentadora. Outra participa\u00e7\u00e3o especial foi a do ator Gabriel Leone. Leone relembrou seus trabalhos desde 2013 e o mais recente, na super s\u00e9rie \u201cOs Dias Eram Assim\u201d, uma obra sobre os anos da ditadura militar brasileira onde interpreta Gustavo Reis, um revolucion\u00e1rio da \u00e9poca. O ator tamb\u00e9m soltou a voz ao cantar \u201cDetalhes\u201d e \u201cDebaixo dos carac\u00f3is dos seus cabelos\u201d, de Roberto Carlos, a quem interpretou no filme \u201cMinha Fama de Mau\u201d, obra baseada na vida do cantor Erasmo Carlos, que ser\u00e1 lan\u00e7ada em 2018. &nbsp;<\/div>\n<div style=\"text-align: justify;\">A plateia do programa \u00e9 composta por jovens do Ensino M\u00e9dio e Superior, que interagem com os artistas. Para o professor de telejornalismo Fernando Negr\u00e3o, que acompanhou o passeio, a visita t\u00e9cnica \u00e9 uma experi\u00eancia importante para os universit\u00e1rios, principalmente porque esses participam do programa com um olhar refinado. \u201cOs alunos veem como funcionam os bastidores, desde a parte de recep\u00e7\u00e3o de evento, importante para os alunos de Rela\u00e7\u00f5es P\u00fablicas, at\u00e9 a entrada no est\u00fadio, equipamentos, produ\u00e7\u00e3o, perfil e fun\u00e7\u00e3o de quem est\u00e1 ali, a din\u00e2mica do apresentador, capta\u00e7\u00e3o das imagens, a edi\u00e7\u00e3o do programa. Isso agrega valores \u00e0 futura atividade profissional\u201d, comenta o professor.&nbsp;<\/div>\n<div style=\"text-align: justify;\">A participa\u00e7\u00e3o dos alunos da Uniso ser\u00e1 exibida no dia 14 de outubro, a partir das 23h.<\/div>\n<div style=\"text-align: justify;\"><\/div>\n<div style=\"text-align: justify;\"><i><span style=\"font-size: x-small;\">Texto: Maria Luiza\/Ag\u00eanciaJor<\/span><\/i><\/div>\n<div style=\"text-align: justify;\"><i><span style=\"font-size: x-small;\">Fotos: Ant\u00f4nio Gomes\/Produtor do Altas Horas<\/span><\/i><\/div>\n<div><\/div>\n<div><\/div>\n<p><\/p>\n<div style=\"clear: both; text-align: center;\"><\/div>\n<p><\/p>\n<div><\/div>\n","protected":false},"excerpt":{"rendered":"<p>Os alunos dos cursos de Jornalismo, Publicidade e Propaganda e Rela\u00e7\u00f5es P\u00fablicas da Universidade de Sorocaba (Uniso) participaram da grava\u00e7\u00e3o<\/p>\n","protected":false},"author":1,"featured_media":0,"comment_status":"open","ping_status":"open","sticky":false,"template":"","format":"standard","meta":{"colormag_page_container_layout":"default_layout","colormag_page_sidebar_layout":"default_layout","footnotes":""},"categories":[1],"tags":[],"class_list":["post-297","post","type-post","status-publish","format-standard","hentry","category-uncategorized"],"featured_image_urls":{"full":"","thumbnail":"","medium":"","medium_large":"","large":"","1536x1536":"","2048x2048":"","colormag-highlighted-post":"","colormag-featured-post-medium":"","colormag-featured-post-small":"","colormag-featured-image":"","colormag-default-news":"","colormag-featured-image-large":""},"author_info":{"info":["focas"]},"category_info":"<a href=\"https:\/\/focas.uniso.br\/index.php\/category\/uncategorized\/\" rel=\"category tag\">Uncategorized<\/a>","tag_info":"Uncategorized","comment_count":"0","_links":{"self":[{"href":"https:\/\/focas.uniso.br\/index.php\/wp-json\/wp\/v2\/posts\/297","targetHints":{"allow":["GET"]}}],"collection":[{"href":"https:\/\/focas.uniso.br\/index.php\/wp-json\/wp\/v2\/posts"}],"about":[{"href":"https:\/\/focas.uniso.br\/index.php\/wp-json\/wp\/v2\/types\/post"}],"author":[{"embeddable":true,"href":"https:\/\/focas.uniso.br\/index.php\/wp-json\/wp\/v2\/users\/1"}],"replies":[{"embeddable":true,"href":"https:\/\/focas.uniso.br\/index.php\/wp-json\/wp\/v2\/comments?post=297"}],"version-history":[{"count":0,"href":"https:\/\/focas.uniso.br\/index.php\/wp-json\/wp\/v2\/posts\/297\/revisions"}],"wp:attachment":[{"href":"https:\/\/focas.uniso.br\/index.php\/wp-json\/wp\/v2\/media?parent=297"}],"wp:term":[{"taxonomy":"category","embeddable":true,"href":"https:\/\/focas.uniso.br\/index.php\/wp-json\/wp\/v2\/categories?post=297"},{"taxonomy":"post_tag","embeddable":true,"href":"https:\/\/focas.uniso.br\/index.php\/wp-json\/wp\/v2\/tags?post=297"}],"curies":[{"name":"wp","href":"https:\/\/api.w.org\/{rel}","templated":true}]}}