{"id":2971,"date":"2025-04-09T09:24:51","date_gmt":"2025-04-09T12:24:51","guid":{"rendered":"https:\/\/focas.uniso.br\/?p=2971"},"modified":"2025-04-09T09:24:51","modified_gmt":"2025-04-09T12:24:51","slug":"projeto-parada-amiga-visa-mais-seguranca-para-as-mulheres","status":"publish","type":"post","link":"https:\/\/focas.uniso.br\/index.php\/2025\/04\/09\/projeto-parada-amiga-visa-mais-seguranca-para-as-mulheres\/","title":{"rendered":"Projeto Parada Amiga visa mais seguran\u00e7a para as mulheres"},"content":{"rendered":"\n<p><em>O projeto oferece qualidade na seguran\u00e7a dos pontos de \u00f4nibus de Sorocaba.<\/em><\/p>\n\n\n\n<p>Por: Yumi Cugler (Ag\u00eancia Focas \u2013 Jornalismo Uniso)<\/p>\n\n\n\n<p>O projeto Parada Amiga foi inaugurado no dia 8 de mar\u00e7o deste ano pela Concession\u00e1ria BRT Sorocaba, visando oferecer mais seguran\u00e7a para as mulheres que circulam pela cidade em hor\u00e1rios de pouco movimento nos pontos de \u00f4nibus.<\/p>\n\n\n\n<p>De acordo com dados cedidos pela delegada da Delegacia de Defesa da Mulher (DDM), Renata Zanin, no m\u00eas em que o projeto foi inaugurado, foram registrados 529 boletins de ocorr\u00eancias em rela\u00e7\u00e3o a viol\u00eancia dom\u00e9stica e 234 pedidos de medidas protetivas na cidade.<\/p>\n\n\n\n<p>\u201cTenho conhecimento desse projeto de forma superficial e acredito sim que \u00e9 de grande ajuda, mesmo porque eu tive um exemplo recentemente registrado na Delegacia de Defesa da Mulher em que houve uma tentativa de estupro e se esse sistema j\u00e1 estivesse sido implantado naquele ponto de \u00f4nibus, a v\u00edtima n\u00e3o teria sofrido a viola\u00e7\u00e3o, porque ela poderia facilmente ter acessado esse sistema remoto e procurado algum tipo de ajuda\u201d, opina Renata.<\/p>\n\n\n\n<p>No ponto de \u00f4nibus da Av. Armando Pannunzio, em frente ao Habib\u00b4s, \u00e9 oferecida a assist\u00eancia por meio do acesso remoto onde s\u00e3o transmitidos imagem e \u00e1udio da operadora do setor interno em tempo real por uma tela de LED que possui prote\u00e7\u00e3o antivandalismo e assim a passageira escolhe se deseja ou n\u00e3o ser acompanhada at\u00e9 o seu embarque; funciona das 19h \u00e0s 5h, por\u00e9m, \u00e9 monitorado 24 horas por dia atrav\u00e9s de intelig\u00eancia artificial.<\/p>\n\n\n\n<p>No Centro de Controle Operacional (CCO), nos pontos de \u00f4nibus onde n\u00e3o h\u00e1 acesso remoto, a intelig\u00eancia artificial emite um aviso em que notifica a mulher que est\u00e1 sozinha em um hor\u00e1rio de pouco movimento, logo ap\u00f3s identifica o local e a partir disso, o operador acompanha a usu\u00e1ria at\u00e9 o embarque, mesmo sem a ci\u00eancia de que ela est\u00e1 sendo monitorada. Se houver qualquer a\u00e7\u00e3o que possa se enquadrar como agress\u00e3o, automaticamente s\u00e3o acionadas as autoridades.<\/p>\n\n\n\n<p>\u201cA IA \u00e9 uma crian\u00e7a que voc\u00ea vai ensinando. Existem a\u00e7\u00f5es que ela ainda n\u00e3o percebeu. Dentro desses 2% que faltam, parece pouco, mas s\u00e3o as exce\u00e7\u00f5es que temos muito que ensinar a ela, at\u00e9 que ela chegue ao 100%. H\u00e1 muito trabalho pela frente, a manuten\u00e7\u00e3o \u00e9 mostrar pra ela as v\u00e1rias situa\u00e7\u00f5es e ensin\u00e1-la quais s\u00e3o de risco, eventos, ass\u00e9dio e quais s\u00e3o situa\u00e7\u00f5es normais\u201d, explica o projetista de Sistemas de Transporte Inteligente (ITS) e bacharel em ci\u00eancias da computa\u00e7\u00e3o Ramon Alcaraz, que foi respons\u00e1vel pela estrutura\u00e7\u00e3o da tecnologia.<\/p>\n\n\n\n<p>No momento, existem 25 pontos monitorados por IA, cinco deles com acesso remoto em processo de instala\u00e7\u00e3o. H\u00e1 planos de expans\u00e3o para que sejam inclu\u00eddos outros pontos cr\u00edticos da cidade.<\/p>\n\n\n\n<figure class=\"wp-block-image size-full\"><img loading=\"lazy\" decoding=\"async\" width=\"883\" height=\"534\" src=\"https:\/\/focas.uniso.br\/wp-content\/uploads\/2025\/04\/WhatsApp-Image-2025-04-09-at-09.01.39.jpeg\" alt=\"\" class=\"wp-image-2972\" srcset=\"https:\/\/focas.uniso.br\/wp-content\/uploads\/2025\/04\/WhatsApp-Image-2025-04-09-at-09.01.39.jpeg 883w, https:\/\/focas.uniso.br\/wp-content\/uploads\/2025\/04\/WhatsApp-Image-2025-04-09-at-09.01.39-300x181.jpeg 300w, https:\/\/focas.uniso.br\/wp-content\/uploads\/2025\/04\/WhatsApp-Image-2025-04-09-at-09.01.39-768x464.jpeg 768w\" sizes=\"auto, (max-width: 883px) 100vw, 883px\" \/><figcaption class=\"wp-element-caption\">Imagens demonstrativas de como \u00e9 visto pelo Centro de Controle Operacional (CCO)\/<\/figcaption><\/figure>\n\n\n\n<p>O n\u00famero de ocorr\u00eancias atendidas por dia \u00e9 de 20 a 30 eventos, mas com o acesso remoto s\u00e3o cerca de 6 a 10 atendimentos, de acordo com a supervisora do Centro de Controle Operacional (CCO), J\u00e9ssica Rodrigues.<\/p>\n\n\n\n<p>De acordo com a ministra C\u00e1rmen L\u00facia, do Supremo Tribunal Federal (STF), em 2024, o Brasil teve 20 milh\u00f5es de notifica\u00e7\u00f5es de viol\u00eancia contra a mulher, com notifica\u00e7\u00f5es de amea\u00e7a ao feminic\u00eddio; seria como se 10% da popula\u00e7\u00e3o brasileira tivesse sofrido algum tipo de viol\u00eancia f\u00edsica, psicol\u00f3gica, econ\u00f4mica e pol\u00edtica. A ministra apresentou os dados durante seu discurso no Semin\u00e1rio Democracia, Justi\u00e7a, Pol\u00edtica e o Futuro do Minist\u00e9rio P\u00fablico, Perspectiva Feminina, realizado em S\u00e3o Paulo, na \u00faltima semana de mar\u00e7o.<\/p>\n\n\n\n<p>\u201cO fato de estar sendo vigiado e as pessoas terem ci\u00eancia disso, j\u00e1 reduz o risco contra a mulher. Conseguimos oferecer qualidade na seguran\u00e7a\u201d, afirma o presidente da Concession\u00e1ria BRT Sorocaba, Renato Andere.<\/p>\n\n\n\n<p>\u201cDesde o in\u00edcio, n\u00f3s temos uma preocupa\u00e7\u00e3o especial com as pessoas nas paradas de \u00f4nibus, e o foco maior \u00e9 a vulnerabilidade das mulheres, ent\u00e3o sempre estamos buscando uma solu\u00e7\u00e3o\u201d, complementa Ramon.<\/p>\n\n\n\n<p>O projeto levou cerca de 14 meses para ser consolidado, contando com Sistemas de Transporte Inteligente (ITS), Intelig\u00eancia Artificial (IA) e sistema de monitoramento.<\/p>\n\n\n\n<figure class=\"wp-block-image size-full\"><img loading=\"lazy\" decoding=\"async\" width=\"624\" height=\"221\" src=\"https:\/\/focas.uniso.br\/wp-content\/uploads\/2025\/04\/WhatsApp-Image-2025-04-09-at-09.03.08.jpeg\" alt=\"\" class=\"wp-image-2973\" srcset=\"https:\/\/focas.uniso.br\/wp-content\/uploads\/2025\/04\/WhatsApp-Image-2025-04-09-at-09.03.08.jpeg 624w, https:\/\/focas.uniso.br\/wp-content\/uploads\/2025\/04\/WhatsApp-Image-2025-04-09-at-09.03.08-300x106.jpeg 300w\" sizes=\"auto, (max-width: 624px) 100vw, 624px\" \/><\/figure>\n","protected":false},"excerpt":{"rendered":"<p>O projeto oferece qualidade na seguran\u00e7a dos pontos de \u00f4nibus de Sorocaba. Por: Yumi Cugler (Ag\u00eancia Focas \u2013 Jornalismo Uniso)<\/p>\n","protected":false},"author":1,"featured_media":0,"comment_status":"open","ping_status":"open","sticky":false,"template":"","format":"standard","meta":{"colormag_page_container_layout":"default_layout","colormag_page_sidebar_layout":"default_layout","footnotes":""},"categories":[15,9,37,14],"tags":[30,41,29,28],"class_list":["post-2971","post","type-post","status-publish","format-standard","hentry","category-jornalismo","category-jornalismo-online","category-sorocaba","category-uniso","tag-focas","tag-focas-na-rede","tag-jornalismo","tag-uniso"],"featured_image_urls":{"full":"","thumbnail":"","medium":"","medium_large":"","large":"","1536x1536":"","2048x2048":"","colormag-highlighted-post":"","colormag-featured-post-medium":"","colormag-featured-post-small":"","colormag-featured-image":"","colormag-default-news":"","colormag-featured-image-large":""},"author_info":{"info":["focas"]},"category_info":"<a href=\"https:\/\/focas.uniso.br\/index.php\/category\/jornalismo\/\" rel=\"category tag\">Jornalismo<\/a> <a href=\"https:\/\/focas.uniso.br\/index.php\/category\/jornalismo-online\/\" rel=\"category tag\">jornalismo online<\/a> <a href=\"https:\/\/focas.uniso.br\/index.php\/category\/sorocaba\/\" rel=\"category tag\">Sorocaba<\/a> <a href=\"https:\/\/focas.uniso.br\/index.php\/category\/uniso\/\" rel=\"category tag\">Uniso<\/a>","tag_info":"Uniso","comment_count":"0","_links":{"self":[{"href":"https:\/\/focas.uniso.br\/index.php\/wp-json\/wp\/v2\/posts\/2971","targetHints":{"allow":["GET"]}}],"collection":[{"href":"https:\/\/focas.uniso.br\/index.php\/wp-json\/wp\/v2\/posts"}],"about":[{"href":"https:\/\/focas.uniso.br\/index.php\/wp-json\/wp\/v2\/types\/post"}],"author":[{"embeddable":true,"href":"https:\/\/focas.uniso.br\/index.php\/wp-json\/wp\/v2\/users\/1"}],"replies":[{"embeddable":true,"href":"https:\/\/focas.uniso.br\/index.php\/wp-json\/wp\/v2\/comments?post=2971"}],"version-history":[{"count":1,"href":"https:\/\/focas.uniso.br\/index.php\/wp-json\/wp\/v2\/posts\/2971\/revisions"}],"predecessor-version":[{"id":2974,"href":"https:\/\/focas.uniso.br\/index.php\/wp-json\/wp\/v2\/posts\/2971\/revisions\/2974"}],"wp:attachment":[{"href":"https:\/\/focas.uniso.br\/index.php\/wp-json\/wp\/v2\/media?parent=2971"}],"wp:term":[{"taxonomy":"category","embeddable":true,"href":"https:\/\/focas.uniso.br\/index.php\/wp-json\/wp\/v2\/categories?post=2971"},{"taxonomy":"post_tag","embeddable":true,"href":"https:\/\/focas.uniso.br\/index.php\/wp-json\/wp\/v2\/tags?post=2971"}],"curies":[{"name":"wp","href":"https:\/\/api.w.org\/{rel}","templated":true}]}}