{"id":2975,"date":"2025-04-09T15:34:08","date_gmt":"2025-04-09T18:34:08","guid":{"rendered":"https:\/\/focas.uniso.br\/?p=2975"},"modified":"2025-04-09T15:34:08","modified_gmt":"2025-04-09T18:34:08","slug":"4o-ocupa-brasilia-mobilizacao-da-federacao-nacional-dos-jornalistas-e-dos-sindicatos-filiados-em-brasilia","status":"publish","type":"post","link":"https:\/\/focas.uniso.br\/index.php\/2025\/04\/09\/4o-ocupa-brasilia-mobilizacao-da-federacao-nacional-dos-jornalistas-e-dos-sindicatos-filiados-em-brasilia\/","title":{"rendered":"4\u00ba OCUPA BRAS\u00cdLIA | Mobiliza\u00e7\u00e3o da Federa\u00e7\u00e3o Nacional dos Jornalistas e dos sindicatos filiados em Bras\u00edlia"},"content":{"rendered":"\n<p>Fonte original: Fenaj<\/p>\n\n\n\n<figure class=\"wp-block-image size-large\"><img loading=\"lazy\" decoding=\"async\" width=\"1024\" height=\"768\" src=\"https:\/\/focas.uniso.br\/wp-content\/uploads\/2025\/04\/Imagem-do-WhatsApp-de-2025-04-09-as-13.42.36_3aeae918-1024x768.jpg\" alt=\"\" class=\"wp-image-2976\" srcset=\"https:\/\/focas.uniso.br\/wp-content\/uploads\/2025\/04\/Imagem-do-WhatsApp-de-2025-04-09-as-13.42.36_3aeae918-1024x768.jpg 1024w, https:\/\/focas.uniso.br\/wp-content\/uploads\/2025\/04\/Imagem-do-WhatsApp-de-2025-04-09-as-13.42.36_3aeae918-300x225.jpg 300w, https:\/\/focas.uniso.br\/wp-content\/uploads\/2025\/04\/Imagem-do-WhatsApp-de-2025-04-09-as-13.42.36_3aeae918-768x576.jpg 768w, https:\/\/focas.uniso.br\/wp-content\/uploads\/2025\/04\/Imagem-do-WhatsApp-de-2025-04-09-as-13.42.36_3aeae918-1536x1152.jpg 1536w, https:\/\/focas.uniso.br\/wp-content\/uploads\/2025\/04\/Imagem-do-WhatsApp-de-2025-04-09-as-13.42.36_3aeae918.jpg 1600w\" sizes=\"auto, (max-width: 1024px) 100vw, 1024px\" \/><figcaption class=\"wp-element-caption\">Na foto, Samira de Castro, presidenta da FENAJ, fala na Comiss\u00e3o de Trabalho sobre a import\u00e2ncia da\u00a0PEC\u00a0do\u00a0Diploma<\/figcaption><\/figure>\n\n\n\n<p>A Federa\u00e7\u00e3o Nacional dos Jornalistas (FENAJ) realiza esta semana, de 7 a 11 de abril, o 4\u00ba Ocupa Bras\u00edlia. A atividade, que tem a participa\u00e7\u00e3o de representa\u00e7\u00f5es dos sindicatos filiados, tem uma agenda com autoridades dos tr\u00eas poderes para tratar de cinco pautas da categoria: PEC do Diploma, Pejotiza\u00e7\u00e3o, Viol\u00eancia contra Jornalistas, Taxa\u00e7\u00e3o das Big Techs e Piso Salarial Nacional.<\/p>\n\n\n\n<p>O 4\u00ba Ocupa Bras\u00edlia acontece na semana em que comemoramos o Dia do Jornalista (7 de abril) de maneira planejada. Foi convocada exatamente para este per\u00edodo, quando muitos votos de parab\u00e9ns \u00e0 categoria s\u00e3o manifestados, a fim de usar a visibilidade da efem\u00e9ride e exigir respeito ao trabalho dos profissionais de imprensa e mais dignidade \u00e0 profiss\u00e3o.<\/p>\n\n\n\n<p>\u201cAssistimos, com o sil\u00eancio do STF e demais poderes, \u00e0 banaliza\u00e7\u00e3o do Jornalismo, com concess\u00e3o de registros profissionais a jovens de 18 anos, a cidad\u00e3os que n\u00e3o dominam os c\u00f3digos da leitura e escrita ou ainda a pessoas que nunca passaram por uma reda\u00e7\u00e3o ou assessoria, mas que buscam o acesso \u00e0 profiss\u00e3o para outros objetivos, muitas vezes escusos\u201d, afirma o primeiro secret\u00e1rio da FENAJ e presidente do Sindicato dos Jornlaistas da Bahia (Sinjorba), Moacy Neves.<\/p>\n\n\n\n<p>N\u00e3o bastasse isso, o cotidiano do trabalho \u00e9 desafiador. \u201cEnfrentamos baixos sal\u00e1rios, condi\u00e7\u00f5es de trabalho adversas, ass\u00e9dios, muitos casos de adoecimento, avan\u00e7o da pejotiza\u00e7\u00e3o fraudulenta e exposi\u00e7\u00e3o a amea\u00e7as, agress\u00f5es f\u00edsicas e cancelamentos virtuais\u201d, completa a presidenta da Feder\u00e7\u00e3o, Samira de Castro.<\/p>\n\n\n\n<p>Para a FENAJ, o Jornalismo, como consci\u00eancia cr\u00edtica numa sociedade democr\u00e1tica, exige profissionalismo, qualifica\u00e7\u00e3o e remunera\u00e7\u00e3o condizente com a fun\u00e7\u00e3o. \u201cNo Dia do Jornalista, a categoria fica feliz com os parab\u00e9ns. Por\u00e9m, a maior homenagem que um jornalista pode receber na passagem do 7 de abril \u00e9 ter os direitos respeitados e poder trabalhar com dignidade\u201d, afirma a dirigente nacional.<\/p>\n\n\n\n<p>Mudar este quadro exige mobiliza\u00e7\u00e3o dos jornalistas. \u201cA semana de atividades em Bras\u00edlia levanta nossa bandeira nos f\u00f3runs nacionais de decis\u00f5es. Em n\u00edvel estadual, convocamos os colegas a se juntarem aos Sindicatos, filiando-se e fortalecendo a entidade para mudarmos realidades locais. Temos diversos exemplos de vit\u00f3rias conquistadas com luta e unidade. \u00c9 repetir e efetivar\u201d, pontua&nbsp;Moacy&nbsp;Neves.<\/p>\n","protected":false},"excerpt":{"rendered":"<p>Fonte original: Fenaj A Federa\u00e7\u00e3o Nacional dos Jornalistas (FENAJ) realiza esta semana, de 7 a 11 de abril, o 4\u00ba<\/p>\n","protected":false},"author":1,"featured_media":0,"comment_status":"open","ping_status":"open","sticky":false,"template":"","format":"standard","meta":{"colormag_page_container_layout":"default_layout","colormag_page_sidebar_layout":"default_layout","footnotes":""},"categories":[15,9,37,14],"tags":[30,41,29,28],"class_list":["post-2975","post","type-post","status-publish","format-standard","hentry","category-jornalismo","category-jornalismo-online","category-sorocaba","category-uniso","tag-focas","tag-focas-na-rede","tag-jornalismo","tag-uniso"],"featured_image_urls":{"full":"","thumbnail":"","medium":"","medium_large":"","large":"","1536x1536":"","2048x2048":"","colormag-highlighted-post":"","colormag-featured-post-medium":"","colormag-featured-post-small":"","colormag-featured-image":"","colormag-default-news":"","colormag-featured-image-large":""},"author_info":{"info":["focas"]},"category_info":"<a href=\"https:\/\/focas.uniso.br\/index.php\/category\/jornalismo\/\" rel=\"category tag\">Jornalismo<\/a> <a href=\"https:\/\/focas.uniso.br\/index.php\/category\/jornalismo-online\/\" rel=\"category tag\">jornalismo online<\/a> <a href=\"https:\/\/focas.uniso.br\/index.php\/category\/sorocaba\/\" rel=\"category tag\">Sorocaba<\/a> <a href=\"https:\/\/focas.uniso.br\/index.php\/category\/uniso\/\" rel=\"category tag\">Uniso<\/a>","tag_info":"Uniso","comment_count":"0","_links":{"self":[{"href":"https:\/\/focas.uniso.br\/index.php\/wp-json\/wp\/v2\/posts\/2975","targetHints":{"allow":["GET"]}}],"collection":[{"href":"https:\/\/focas.uniso.br\/index.php\/wp-json\/wp\/v2\/posts"}],"about":[{"href":"https:\/\/focas.uniso.br\/index.php\/wp-json\/wp\/v2\/types\/post"}],"author":[{"embeddable":true,"href":"https:\/\/focas.uniso.br\/index.php\/wp-json\/wp\/v2\/users\/1"}],"replies":[{"embeddable":true,"href":"https:\/\/focas.uniso.br\/index.php\/wp-json\/wp\/v2\/comments?post=2975"}],"version-history":[{"count":1,"href":"https:\/\/focas.uniso.br\/index.php\/wp-json\/wp\/v2\/posts\/2975\/revisions"}],"predecessor-version":[{"id":2977,"href":"https:\/\/focas.uniso.br\/index.php\/wp-json\/wp\/v2\/posts\/2975\/revisions\/2977"}],"wp:attachment":[{"href":"https:\/\/focas.uniso.br\/index.php\/wp-json\/wp\/v2\/media?parent=2975"}],"wp:term":[{"taxonomy":"category","embeddable":true,"href":"https:\/\/focas.uniso.br\/index.php\/wp-json\/wp\/v2\/categories?post=2975"},{"taxonomy":"post_tag","embeddable":true,"href":"https:\/\/focas.uniso.br\/index.php\/wp-json\/wp\/v2\/tags?post=2975"}],"curies":[{"name":"wp","href":"https:\/\/api.w.org\/{rel}","templated":true}]}}