{"id":2978,"date":"2025-04-10T09:30:00","date_gmt":"2025-04-10T12:30:00","guid":{"rendered":"https:\/\/focas.uniso.br\/?p=2978"},"modified":"2025-04-10T09:30:00","modified_gmt":"2025-04-10T12:30:00","slug":"grupo-de-extensao-universitaria-realiza-sessao-de-estudo-sobre-colonizacao-e-descolonizacao","status":"publish","type":"post","link":"https:\/\/focas.uniso.br\/index.php\/2025\/04\/10\/grupo-de-extensao-universitaria-realiza-sessao-de-estudo-sobre-colonizacao-e-descolonizacao\/","title":{"rendered":"Grupo de Extens\u00e3o Universit\u00e1ria realiza sess\u00e3o de estudo sobre Coloniza\u00e7\u00e3o e Descoloniza\u00e7\u00e3o"},"content":{"rendered":"\n<p><em>Na \u00faltima sexta-feira (4), um grupo de estudantes se reuniu na Biblioteca Alu\u00edsio de Almeida para discutir o texto \u201cAnal\u00edtica da Colonialidade e da Decolonialidade\u201d, de Nelson Maldonato-Torres<\/em><\/p>\n\n\n\n<p>Por Gabriela Vasconcelos (Ag\u00eancia Focas &#8211; Jornalismo Uniso)<\/p>\n\n\n\n<figure class=\"wp-block-image size-full\"><img loading=\"lazy\" decoding=\"async\" width=\"548\" height=\"410\" src=\"https:\/\/focas.uniso.br\/wp-content\/uploads\/2025\/04\/WhatsApp-Image-2025-04-09-at-23.44.24.jpeg\" alt=\"\" class=\"wp-image-2979\" srcset=\"https:\/\/focas.uniso.br\/wp-content\/uploads\/2025\/04\/WhatsApp-Image-2025-04-09-at-23.44.24.jpeg 548w, https:\/\/focas.uniso.br\/wp-content\/uploads\/2025\/04\/WhatsApp-Image-2025-04-09-at-23.44.24-300x224.jpeg 300w\" sizes=\"auto, (max-width: 548px) 100vw, 548px\" \/><figcaption class=\"wp-element-caption\">Foto: Felippe Oliveira <\/figcaption><\/figure>\n\n\n\n<p>O encontro de estudantes foi realizado na sala do N\u00facleo de Cultura Afro-Brasileira (Nucab), localizado no segundo andar da biblioteca da Universidade de Sorocaba (Uniso). O grupo de estudos, nomeado <em>GRUPODeExU (Grupo de Estudos Decolonialidade e Extens\u00e3o Universit\u00e1ria)<\/em>, foi formado pelo professor Leandro Fonseca, do curso de Psicologia da Uniso. Dentre os convidados, estavam a professora Kaira Moraes Porto, do curso de Hist\u00f3ria e Psicologia, e o jornalista e mestrando no Programa de P\u00f3s-Gradua\u00e7\u00e3o em Comunica\u00e7\u00e3o e Cultura (PPGCC), Rafael Filho.<\/p>\n\n\n\n<figure class=\"wp-block-image size-full\"><img loading=\"lazy\" decoding=\"async\" width=\"548\" height=\"409\" src=\"https:\/\/focas.uniso.br\/wp-content\/uploads\/2025\/04\/WhatsApp-Image-2025-04-09-at-23.45.15.jpeg\" alt=\"\" class=\"wp-image-2980\" srcset=\"https:\/\/focas.uniso.br\/wp-content\/uploads\/2025\/04\/WhatsApp-Image-2025-04-09-at-23.45.15.jpeg 548w, https:\/\/focas.uniso.br\/wp-content\/uploads\/2025\/04\/WhatsApp-Image-2025-04-09-at-23.45.15-300x224.jpeg 300w\" sizes=\"auto, (max-width: 548px) 100vw, 548px\" \/><figcaption class=\"wp-element-caption\">Foto: Felippe Oliveira <\/figcaption><\/figure>\n\n\n\n<p>O professor Leandro iniciou o debate destacando a import\u00e2ncia dos espa\u00e7os de transmiss\u00e3o de conhecimento, como o ambiente acad\u00eamico, no qual a turma estava inserida naquele momento. <em>Vamos pensar nos espa\u00e7os de transmiss\u00e3o de conhecimento, como no ambiente em que a gente est\u00e1 agora [sala do Nucab]. Vamos pensar e construir alguns indicadores para o &#8220;fazer&#8221; al\u00e9m do conhecimento.<\/em> Ele sugeriu que, para al\u00e9m do mero <em>ensinar<\/em>, seria necess\u00e1rio criar e construir indicadores para o <em>fazer<\/em>, ou seja, para a\u00e7\u00f5es pr\u00e1ticas que visem a transforma\u00e7\u00e3o das estruturas de poder e a desconstru\u00e7\u00e3o da colonialidade.<\/p>\n\n\n\n<p>Dentre as discuss\u00f5es do grupo, o conceito de <em>colonialidade<\/em> foi o ponto de partida para uma an\u00e1lise cr\u00edtica sobre como as estruturas de poder ainda perpetuam desigualdades e subordina\u00e7\u00e3o. Os estudantes destacaram que, embora o colonialismo formal tenha acabado, suas consequ\u00eancias e l\u00f3gicas permanecem presentes nas formas de organiza\u00e7\u00e3o social, nas institui\u00e7\u00f5es e at\u00e9 mesmo nas rela\u00e7\u00f5es cotidianas. A colonialidade, segundo os debatedores, n\u00e3o \u00e9 apenas uma heran\u00e7a hist\u00f3rica, mas uma continuidade que se manifesta em diversos aspectos da vida moderna, como o racismo estrutural, as disparidades econ\u00f4micas e a marginaliza\u00e7\u00e3o de saberes n\u00e3o ocidentais.<\/p>\n\n\n\n<figure class=\"wp-block-image size-full\"><img loading=\"lazy\" decoding=\"async\" width=\"559\" height=\"419\" src=\"https:\/\/focas.uniso.br\/wp-content\/uploads\/2025\/04\/WhatsApp-Image-2025-04-09-at-23.46.02.jpeg\" alt=\"\" class=\"wp-image-2981\" srcset=\"https:\/\/focas.uniso.br\/wp-content\/uploads\/2025\/04\/WhatsApp-Image-2025-04-09-at-23.46.02.jpeg 559w, https:\/\/focas.uniso.br\/wp-content\/uploads\/2025\/04\/WhatsApp-Image-2025-04-09-at-23.46.02-300x225.jpeg 300w\" sizes=\"auto, (max-width: 559px) 100vw, 559px\" \/><figcaption class=\"wp-element-caption\">Foto: Felippe Oliveira <\/figcaption><\/figure>\n\n\n\n<p>A transi\u00e7\u00e3o para a <em>decolonialidade<\/em> foi outro momento de destaque nas discuss\u00f5es. Ao inv\u00e9s de uma ruptura abrupta com as estruturas coloniais, a decolonialidade foi entendida como um processo cont\u00ednuo de ressignifica\u00e7\u00e3o e resist\u00eancia.<\/p>\n\n\n\n<p>A reuni\u00e3o terminou com a sensa\u00e7\u00e3o de que as discuss\u00f5es sobre decolonialidade e colonialidade s\u00e3o mais necess\u00e1rias do que nunca. A discuss\u00e3o entre os estudantes foi um exemplo de como a academia pode ser um espa\u00e7o vital para o debate das estruturas de poder e saber que ainda perpetuam as injusti\u00e7as do passado colonial.<\/p>\n\n\n\n<p>O texto, que apresenta 5 teses da colonialidade e 5 da decolonialidade, mostra uma an\u00e1lise cr\u00edtica e profunda sobre a continuidade dos legados coloniais nas sociedades modernas, indo al\u00e9m da coloniza\u00e7\u00e3o territorial para apontar como as estruturas de poder ainda moldam as rela\u00e7\u00f5es sociais, culturais, econ\u00f4micas e at\u00e9 mesmo intelectuais. Para o autor, a colonialidade, conceito central em sua reflex\u00e3o, refere-se \u00e0 persist\u00eancia de uma l\u00f3gica colonial mesmo ap\u00f3s o fim formal dos imp\u00e9rios coloniais.<\/p>\n","protected":false},"excerpt":{"rendered":"<p>Na \u00faltima sexta-feira (4), um grupo de estudantes se reuniu na Biblioteca Alu\u00edsio de Almeida para discutir o texto \u201cAnal\u00edtica<\/p>\n","protected":false},"author":1,"featured_media":0,"comment_status":"open","ping_status":"open","sticky":false,"template":"","format":"standard","meta":{"colormag_page_container_layout":"default_layout","colormag_page_sidebar_layout":"default_layout","footnotes":""},"categories":[15,9,37,14],"tags":[30,41,29,28],"class_list":["post-2978","post","type-post","status-publish","format-standard","hentry","category-jornalismo","category-jornalismo-online","category-sorocaba","category-uniso","tag-focas","tag-focas-na-rede","tag-jornalismo","tag-uniso"],"featured_image_urls":{"full":"","thumbnail":"","medium":"","medium_large":"","large":"","1536x1536":"","2048x2048":"","colormag-highlighted-post":"","colormag-featured-post-medium":"","colormag-featured-post-small":"","colormag-featured-image":"","colormag-default-news":"","colormag-featured-image-large":""},"author_info":{"info":["focas"]},"category_info":"<a href=\"https:\/\/focas.uniso.br\/index.php\/category\/jornalismo\/\" rel=\"category tag\">Jornalismo<\/a> <a href=\"https:\/\/focas.uniso.br\/index.php\/category\/jornalismo-online\/\" rel=\"category tag\">jornalismo online<\/a> <a href=\"https:\/\/focas.uniso.br\/index.php\/category\/sorocaba\/\" rel=\"category tag\">Sorocaba<\/a> <a href=\"https:\/\/focas.uniso.br\/index.php\/category\/uniso\/\" rel=\"category tag\">Uniso<\/a>","tag_info":"Uniso","comment_count":"0","_links":{"self":[{"href":"https:\/\/focas.uniso.br\/index.php\/wp-json\/wp\/v2\/posts\/2978","targetHints":{"allow":["GET"]}}],"collection":[{"href":"https:\/\/focas.uniso.br\/index.php\/wp-json\/wp\/v2\/posts"}],"about":[{"href":"https:\/\/focas.uniso.br\/index.php\/wp-json\/wp\/v2\/types\/post"}],"author":[{"embeddable":true,"href":"https:\/\/focas.uniso.br\/index.php\/wp-json\/wp\/v2\/users\/1"}],"replies":[{"embeddable":true,"href":"https:\/\/focas.uniso.br\/index.php\/wp-json\/wp\/v2\/comments?post=2978"}],"version-history":[{"count":1,"href":"https:\/\/focas.uniso.br\/index.php\/wp-json\/wp\/v2\/posts\/2978\/revisions"}],"predecessor-version":[{"id":2982,"href":"https:\/\/focas.uniso.br\/index.php\/wp-json\/wp\/v2\/posts\/2978\/revisions\/2982"}],"wp:attachment":[{"href":"https:\/\/focas.uniso.br\/index.php\/wp-json\/wp\/v2\/media?parent=2978"}],"wp:term":[{"taxonomy":"category","embeddable":true,"href":"https:\/\/focas.uniso.br\/index.php\/wp-json\/wp\/v2\/categories?post=2978"},{"taxonomy":"post_tag","embeddable":true,"href":"https:\/\/focas.uniso.br\/index.php\/wp-json\/wp\/v2\/tags?post=2978"}],"curies":[{"name":"wp","href":"https:\/\/api.w.org\/{rel}","templated":true}]}}