{"id":2983,"date":"2025-04-10T19:01:03","date_gmt":"2025-04-10T22:01:03","guid":{"rendered":"https:\/\/focas.uniso.br\/?p=2983"},"modified":"2025-04-10T19:01:03","modified_gmt":"2025-04-10T22:01:03","slug":"beleza-empoderada-brilhando-a-forca-interior","status":"publish","type":"post","link":"https:\/\/focas.uniso.br\/index.php\/2025\/04\/10\/beleza-empoderada-brilhando-a-forca-interior\/","title":{"rendered":"Beleza Empoderada: Brilhando a For\u00e7a Interior"},"content":{"rendered":"\n<figure class=\"wp-block-image size-large\"><img loading=\"lazy\" decoding=\"async\" width=\"1024\" height=\"1024\" src=\"https:\/\/focas.uniso.br\/wp-content\/uploads\/2025\/04\/c57c10a5-7c5c-4d3c-9a9b-def231bf5cea-1024x1024.jpeg\" alt=\"\" class=\"wp-image-2984\" srcset=\"https:\/\/focas.uniso.br\/wp-content\/uploads\/2025\/04\/c57c10a5-7c5c-4d3c-9a9b-def231bf5cea-1024x1024.jpeg 1024w, https:\/\/focas.uniso.br\/wp-content\/uploads\/2025\/04\/c57c10a5-7c5c-4d3c-9a9b-def231bf5cea-300x300.jpeg 300w, https:\/\/focas.uniso.br\/wp-content\/uploads\/2025\/04\/c57c10a5-7c5c-4d3c-9a9b-def231bf5cea-150x150.jpeg 150w, https:\/\/focas.uniso.br\/wp-content\/uploads\/2025\/04\/c57c10a5-7c5c-4d3c-9a9b-def231bf5cea-768x768.jpeg 768w, https:\/\/focas.uniso.br\/wp-content\/uploads\/2025\/04\/c57c10a5-7c5c-4d3c-9a9b-def231bf5cea-1536x1536.jpeg 1536w, https:\/\/focas.uniso.br\/wp-content\/uploads\/2025\/04\/c57c10a5-7c5c-4d3c-9a9b-def231bf5cea.jpeg 1600w\" sizes=\"auto, (max-width: 1024px) 100vw, 1024px\" \/><figcaption class=\"wp-element-caption\"><em>Decora\u00e7\u00e3o do Setting Terap\u00eautico<\/em>. Fonte: Produ\u00e7\u00e3o dos pr\u00f3prios autores. Legenda(a) Decora\u00e7\u00e3o do espa\u00e7o e da mesa; (b) Mesa com folhetos sobre a preven\u00e7\u00e3o ao c\u00e2ncer de mama e lembrancinhas; (c) e (d) Produtos de beleza adicionais, juntos as informa\u00e7\u00f5es anteriores.<\/figcaption><\/figure>\n\n\n\n<p><br>A popula\u00e7\u00e3o em situa\u00e7\u00e3o de rua \u00e9 composta por indiv\u00edduos diversos que enfrentam exclus\u00e3o social e m\u00faltiplas vulnerabilidades. Entre eles, as mulheres enfrentam desafios espec\u00edficos, como viol\u00eancia, dificuldades de acesso a servi\u00e7os de sa\u00fade e assist\u00eancia social, al\u00e9m da perda de identidade pessoal. Mas quem s\u00e3o essas mulheres? Quais hist\u00f3rias de vida carregam? E, acima de tudo, como garantir que suas trajet\u00f3rias sejam reconhecidas e valorizadas pela sociedade?<\/p>\n\n\n\n<p>O projeto &#8220;Beleza Empoderada: Brilhando a For\u00e7a Interior&#8221; exemplifica como pequenas iniciativas podem resgatar n\u00e3o apenas a autoestima, mas tamb\u00e9m a sensa\u00e7\u00e3o de pertencimento. Realizada em um Centro de Refer\u00eancia Especializado para a Popula\u00e7\u00e3o em Situa\u00e7\u00e3o de Rua (Centro Pop) no interior de S\u00e3o Paulo, a oficina terap\u00eautica focou no autocuidado e na preven\u00e7\u00e3o do c\u00e2ncer de mama, alinhando-se \u00e0 campanha Outubro Rosa. As atividades inclu\u00edram palestras educativas e pr\u00e1ticas de autocuidado, como maquiagem e design de sobrancelhas, proporcionando momentos de acolhimento e fortalecimento da identidade feminina.<\/p>\n\n\n\n<p>Mais do que oferecer servi\u00e7os, o projeto criou um espa\u00e7o onde essas mulheres puderam se enxergar para al\u00e9m da situa\u00e7\u00e3o de rua, reconhecendo-se como indiv\u00edduos com hist\u00f3rias, desejos e necessidades. Seus relatos revelam n\u00e3o apenas a import\u00e2ncia da iniciativa, mas tamb\u00e9m o vazio deixado pela aus\u00eancia de a\u00e7\u00f5es regulares que as incluam.<\/p>\n\n\n\n<p>Entretanto, at\u00e9 que ponto essas iniciativas s\u00e3o suficientes? A\u00e7\u00f5es pontuais podem gerar impactos significativos, mas n\u00e3o substituem a necessidade de pol\u00edticas p\u00fablicas estruturadas e permanentes. O autocuidado e o direito \u00e0 sa\u00fade n\u00e3o podem ser tratados como privil\u00e9gios eventuais, mas como direitos b\u00e1sicos garantidos a todas. Programas de assist\u00eancia social e sa\u00fade precisam considerar as especificidades desse grupo, garantindo acesso ampliado a servi\u00e7os que promovam n\u00e3o apenas o bem-estar f\u00edsico, mas tamb\u00e9m o emocional e o social.<\/p>\n\n\n\n<p>A Terapia Ocupacional demonstra seu potencial ao criar espa\u00e7os de escuta e interven\u00e7\u00f5es que resgatam o sentido de pertencimento. O desafio \u00e9 transformar experi\u00eancias isoladas em a\u00e7\u00f5es sistem\u00e1ticas e sustent\u00e1veis, ampliando seu impacto e assegurando que mulheres em situa\u00e7\u00e3o de rua sejam vistas e ouvidas. Afinal, se a diferen\u00e7a pertence \u00e0 escola, tamb\u00e9m pertence \u00e0 cidade, aos servi\u00e7os p\u00fablicos e \u00e0&nbsp;sociedade como um todo. Pertencer \u00e9 um direito, e a Terapia Ocupacional pode ser um dos caminhos para garantir essa inclus\u00e3o.<\/p>\n\n\n\n<p>Este artigo&nbsp;de opini\u00e3o&nbsp;\u00e9 fruto do Trabalho de Conclus\u00e3o de Curso dos discentes La\u00eds Agulh\u00e3o Santiago e Felipe Machado dos Santos, sob a orienta\u00e7\u00e3o do Professor Dr. Rafael Eras Garcia&nbsp;do Colegiado de Terapia Ocupacional&nbsp;da Universidade de Sorocaba.<\/p>\n","protected":false},"excerpt":{"rendered":"<p>A popula\u00e7\u00e3o em situa\u00e7\u00e3o de rua \u00e9 composta por indiv\u00edduos diversos que enfrentam exclus\u00e3o social e m\u00faltiplas vulnerabilidades. Entre eles,<\/p>\n","protected":false},"author":1,"featured_media":0,"comment_status":"open","ping_status":"open","sticky":false,"template":"","format":"standard","meta":{"colormag_page_container_layout":"default_layout","colormag_page_sidebar_layout":"default_layout","footnotes":""},"categories":[1],"tags":[],"class_list":["post-2983","post","type-post","status-publish","format-standard","hentry","category-uncategorized"],"featured_image_urls":{"full":"","thumbnail":"","medium":"","medium_large":"","large":"","1536x1536":"","2048x2048":"","colormag-highlighted-post":"","colormag-featured-post-medium":"","colormag-featured-post-small":"","colormag-featured-image":"","colormag-default-news":"","colormag-featured-image-large":""},"author_info":{"info":["focas"]},"category_info":"<a href=\"https:\/\/focas.uniso.br\/index.php\/category\/uncategorized\/\" rel=\"category tag\">Uncategorized<\/a>","tag_info":"Uncategorized","comment_count":"0","_links":{"self":[{"href":"https:\/\/focas.uniso.br\/index.php\/wp-json\/wp\/v2\/posts\/2983","targetHints":{"allow":["GET"]}}],"collection":[{"href":"https:\/\/focas.uniso.br\/index.php\/wp-json\/wp\/v2\/posts"}],"about":[{"href":"https:\/\/focas.uniso.br\/index.php\/wp-json\/wp\/v2\/types\/post"}],"author":[{"embeddable":true,"href":"https:\/\/focas.uniso.br\/index.php\/wp-json\/wp\/v2\/users\/1"}],"replies":[{"embeddable":true,"href":"https:\/\/focas.uniso.br\/index.php\/wp-json\/wp\/v2\/comments?post=2983"}],"version-history":[{"count":1,"href":"https:\/\/focas.uniso.br\/index.php\/wp-json\/wp\/v2\/posts\/2983\/revisions"}],"predecessor-version":[{"id":2985,"href":"https:\/\/focas.uniso.br\/index.php\/wp-json\/wp\/v2\/posts\/2983\/revisions\/2985"}],"wp:attachment":[{"href":"https:\/\/focas.uniso.br\/index.php\/wp-json\/wp\/v2\/media?parent=2983"}],"wp:term":[{"taxonomy":"category","embeddable":true,"href":"https:\/\/focas.uniso.br\/index.php\/wp-json\/wp\/v2\/categories?post=2983"},{"taxonomy":"post_tag","embeddable":true,"href":"https:\/\/focas.uniso.br\/index.php\/wp-json\/wp\/v2\/tags?post=2983"}],"curies":[{"name":"wp","href":"https:\/\/api.w.org\/{rel}","templated":true}]}}