{"id":2986,"date":"2025-04-11T09:29:19","date_gmt":"2025-04-11T12:29:19","guid":{"rendered":"https:\/\/focas.uniso.br\/?p=2986"},"modified":"2025-04-11T09:29:19","modified_gmt":"2025-04-11T12:29:19","slug":"o-leao-esta-de-volta-uniso-e-receita-federal-oferecem-atendimento-gratuito-para-imposto-de-renda","status":"publish","type":"post","link":"https:\/\/focas.uniso.br\/index.php\/2025\/04\/11\/o-leao-esta-de-volta-uniso-e-receita-federal-oferecem-atendimento-gratuito-para-imposto-de-renda\/","title":{"rendered":"O Le\u00e3o est\u00e1 de volta: UNISO e Receita Federal oferecem atendimento gratuito para Imposto de Renda"},"content":{"rendered":"\n<p><em>Parceria com o NAF, iniciada em 2023, fortalece o apoio \u00e0 comunidade interna e externa da Universidade de Sorocaba.<\/em><\/p>\n\n\n\n<p>Por Sophia Ruivo Pompeu (Ag\u00eancia Focas \u2013 Jornalismo Uniso)<\/p>\n\n\n\n<p>No in\u00edcio de abril, o le\u00e3o do Imposto de Renda retornou com for\u00e7a. A Receita Federal prev\u00ea o recebimento de 46,2 milh\u00f5es de Declara\u00e7\u00f5es de Imposto de Renda de Pessoa F\u00edsica em 2025. Para ajudar a comunidade a enfrentar o desafio anual de preencher a declara\u00e7\u00e3o, os alunos do quinto m\u00f3dulo do curso de Ci\u00eancias Cont\u00e1beis da Universidade de Sorocaba (Uniso) realizar\u00e3o atendimentos volunt\u00e1rios gratuitos.<\/p>\n\n\n\n<p>Amanh\u00e3, s\u00e1bado, 12 de abril, alunos treinados pelos professores ir\u00e3o tirar d\u00favidas sobre a Declara\u00e7\u00e3o de Imposto de Renda de Pessoa F\u00edsica de quem se inscreveu para receber suporte. Um formul\u00e1rio foi criado como forma de organizar os atendimentos, uma vez que o evento tem vagas limitadas. Os atendimentos contemplam pessoas tanto da comunidade interna quanto externa da Uniso e existe a possibilidade de uma amplia\u00e7\u00e3o do n\u00famero de vagas se houver uma procura maior do que as primeiras expectativas.<\/p>\n\n\n\n<p>Al\u00e9m dos atendimentos agendados pelo formul\u00e1rio, de 7 de abril a 21 de maio, o projeto oferecer\u00e1 consultoria gratuita na sala do NAF (mesma sala do Sebrae), localizada na biblioteca da cidade universit\u00e1ria Professor Aldo Vannucchi, das 19h \u00e0s 21h30, sempre \u00e0s segundas-feiras.<\/p>\n\n\n\n<p>Isabela Quevedo, 23 anos, aluna do oitavo semestre de Ci\u00eancias Cont\u00e1beis, relatou que ao analisar o Imposto de Renda do pai, percebeu como o sistema \u00e9 simples de usar e que os dados pr\u00e9-cadastrados ajudam bastante na hora de preencher a declara\u00e7\u00e3o. Ela refor\u00e7a a import\u00e2ncia de levar todos os documentos necess\u00e1rios para o atendimento.<\/p>\n\n\n\n<p>Sob a orienta\u00e7\u00e3o do professor Miguel Gazola, 60 anos, docente da disciplina de Pr\u00e1tica das Opera\u00e7\u00f5es Cont\u00e1beis, os alunos recebem forma\u00e7\u00e3o para atuar com seguran\u00e7a e qualidade no atendimento \u00e0 popula\u00e7\u00e3o. A atividade \u00e9 desenvolvida com apoio do N\u00facleo de Apoio Cont\u00e1bil e Fiscal (NAF), em parceria com a Receita Federal, desde 2023, mas a iniciativa vem de muito antes da parceria. \u201cSempre que eu pego essa mat\u00e9ria no primeiro semestre do ano eu encaixo o NAF dentro da pr\u00e1tica\u201d, destaca o professor Miguel.<\/p>\n\n\n\n<p>A coordenadora do curso de Ci\u00eancias Cont\u00e1beis e do NAF, Meirecler Mieto, 67 anos, refor\u00e7a a import\u00e2ncia da aten\u00e7\u00e3o no envio das informa\u00e7\u00f5es: \u201c\u00c9 responsabilidade da pessoa f\u00edsica garantir que os dados estejam corretos.\u201d<\/p>\n\n\n\n<p>A advogada e estudante do oitavo semestre de ci\u00eancias cont\u00e1beis, Maria da Gl\u00f3ria de Lima, 62 anos, teve seu imposto retido na malha fina e ap\u00f3s n\u00e3o conseguir ajuda decidiu buscar conhecimento e entrar em sua segunda gradua\u00e7\u00e3o.<\/p>\n\n\n\n<p>&nbsp;\u201cParticipei dos atendimentos com o professor Miguel no ano passado quando estava no quinto semestre. Fomos preparados para fazer uma palestra explicativa e ajudar a preencher as declara\u00e7\u00f5es. No dia, muitos colegas participaram, e vieram tamb\u00e9m pessoas da comunidade.\u201d<\/p>\n\n\n\n<p><strong>O que \u00e9 preciso para participar:<\/strong><\/p>\n\n\n\n<ul class=\"wp-block-list\">\n<li>Conta Gov (prata ou ouro);<\/li>\n\n\n\n<li>Documentos pessoais e dos dependentes (especialmente, CPF);\u00a0\u00a0\u00a0\u00a0<\/li>\n\n\n\n<li>Informes de rendimento (empresas, bancos, entre outros);\u00a0<\/li>\n\n\n\n<li>Informa\u00e7\u00f5es de bens (carros com RENAVAM, im\u00f3veis com n\u00famero do IPTU);<\/li>\n\n\n\n<li>Despesas com sa\u00fade e educa\u00e7\u00e3o;\u00a0\u00a0\u00a0\u00a0\u00a0\u00a0\u00a0\u00a0\u00a0\u00a0\u00a0\u00a0\u00a0\u00a0\u00a0\u00a0\u00a0\u00a0\u00a0\u00a0\u00a0\u00a0\u00a0\u00a0\u00a0\u00a0\u00a0\u00a0\u00a0\u00a0\u00a0\u00a0\u00a0\u00a0\u00a0\u00a0\u00a0\u00a0\u00a0\u00a0\u00a0<\/li>\n\n\n\n<li>Dados do c\u00f4njuge ou pensionista (se aplic\u00e1vel).\u00a0\u00a0\u00a0\u00a0\u00a0<br><br><\/li>\n<\/ul>\n\n\n\n<p>A Receita Federal liberou parte dessas informa\u00e7\u00f5es em 1\u00ba de abril, mas \u00e9 indispens\u00e1vel revisar todos os dados. A responsabilidade pela declara\u00e7\u00e3o correta continua sendo do contribuinte.<\/p>\n\n\n\n<p>Os estudantes ainda ir\u00e3o ter um estande ou sala no evento Mobilidade, Inova\u00e7\u00e3o e Criatividade na Regi\u00e3o Metropolitana de Sorocaba, o MOBI, que \u00e9 um festival de sustentabilidade realizado pela Universidade de Sorocaba (Uniso) anualmente. Em 2025, o MOBI ser\u00e1 realizado de 5 a 7 de junho no campus cidade universit\u00e1ria.<\/p>\n\n\n\n<p><strong>Formul\u00e1rio de inscri\u00e7\u00e3o<\/strong><\/p>\n\n\n\n<p>Para agendar sua participa\u00e7\u00e3o nos atendimentos sobre a Declara\u00e7\u00e3o do Imposto de Renda, acesse o link: <a href=\"https:\/\/forms.office.com\/pages\/responsepage.aspx?id=cb2H2fGl40S7JeERq2_6E-BP9zXJ7_dKvDSjO1ttAmJUMldYRUxZNU5XSkxHS0pGSjJXOFU2WTVaWC4u&amp;origin=lprLink&amp;route=shorturl\">https:\/\/forms.office.com\/pages\/responsepage.aspx?id=cb2H2fGl40S7JeERq2_6E-BP9zXJ7_dKvDSjO1ttAmJUMldYRUxZNU5XSkxHS0pGSjJXOFU2WTVaWC4u&amp;origin=lprLink&amp;route=shorturl<\/a><\/p>\n\n\n\n<figure class=\"wp-block-image size-large\"><img loading=\"lazy\" decoding=\"async\" width=\"1024\" height=\"768\" src=\"https:\/\/focas.uniso.br\/wp-content\/uploads\/2025\/04\/WhatsApp-Image-2025-04-08-at-17.57.29-1024x768.jpeg\" alt=\"\" class=\"wp-image-2987\" srcset=\"https:\/\/focas.uniso.br\/wp-content\/uploads\/2025\/04\/WhatsApp-Image-2025-04-08-at-17.57.29-1024x768.jpeg 1024w, https:\/\/focas.uniso.br\/wp-content\/uploads\/2025\/04\/WhatsApp-Image-2025-04-08-at-17.57.29-300x225.jpeg 300w, https:\/\/focas.uniso.br\/wp-content\/uploads\/2025\/04\/WhatsApp-Image-2025-04-08-at-17.57.29-768x576.jpeg 768w, https:\/\/focas.uniso.br\/wp-content\/uploads\/2025\/04\/WhatsApp-Image-2025-04-08-at-17.57.29-1536x1153.jpeg 1536w, https:\/\/focas.uniso.br\/wp-content\/uploads\/2025\/04\/WhatsApp-Image-2025-04-08-at-17.57.29.jpeg 1599w\" sizes=\"auto, (max-width: 1024px) 100vw, 1024px\" \/><figcaption class=\"wp-element-caption\">Cr\u00e9ditos da foto: Leandro da Silva Moraes<\/figcaption><\/figure>\n","protected":false},"excerpt":{"rendered":"<p>Parceria com o NAF, iniciada em 2023, fortalece o apoio \u00e0 comunidade interna e externa da Universidade de Sorocaba. Por<\/p>\n","protected":false},"author":1,"featured_media":0,"comment_status":"open","ping_status":"open","sticky":false,"template":"","format":"standard","meta":{"colormag_page_container_layout":"default_layout","colormag_page_sidebar_layout":"default_layout","footnotes":""},"categories":[15,9,37,14],"tags":[30,41,29,28],"class_list":["post-2986","post","type-post","status-publish","format-standard","hentry","category-jornalismo","category-jornalismo-online","category-sorocaba","category-uniso","tag-focas","tag-focas-na-rede","tag-jornalismo","tag-uniso"],"featured_image_urls":{"full":"","thumbnail":"","medium":"","medium_large":"","large":"","1536x1536":"","2048x2048":"","colormag-highlighted-post":"","colormag-featured-post-medium":"","colormag-featured-post-small":"","colormag-featured-image":"","colormag-default-news":"","colormag-featured-image-large":""},"author_info":{"info":["focas"]},"category_info":"<a href=\"https:\/\/focas.uniso.br\/index.php\/category\/jornalismo\/\" rel=\"category tag\">Jornalismo<\/a> <a href=\"https:\/\/focas.uniso.br\/index.php\/category\/jornalismo-online\/\" rel=\"category tag\">jornalismo online<\/a> <a href=\"https:\/\/focas.uniso.br\/index.php\/category\/sorocaba\/\" rel=\"category tag\">Sorocaba<\/a> <a href=\"https:\/\/focas.uniso.br\/index.php\/category\/uniso\/\" rel=\"category tag\">Uniso<\/a>","tag_info":"Uniso","comment_count":"0","_links":{"self":[{"href":"https:\/\/focas.uniso.br\/index.php\/wp-json\/wp\/v2\/posts\/2986","targetHints":{"allow":["GET"]}}],"collection":[{"href":"https:\/\/focas.uniso.br\/index.php\/wp-json\/wp\/v2\/posts"}],"about":[{"href":"https:\/\/focas.uniso.br\/index.php\/wp-json\/wp\/v2\/types\/post"}],"author":[{"embeddable":true,"href":"https:\/\/focas.uniso.br\/index.php\/wp-json\/wp\/v2\/users\/1"}],"replies":[{"embeddable":true,"href":"https:\/\/focas.uniso.br\/index.php\/wp-json\/wp\/v2\/comments?post=2986"}],"version-history":[{"count":1,"href":"https:\/\/focas.uniso.br\/index.php\/wp-json\/wp\/v2\/posts\/2986\/revisions"}],"predecessor-version":[{"id":2988,"href":"https:\/\/focas.uniso.br\/index.php\/wp-json\/wp\/v2\/posts\/2986\/revisions\/2988"}],"wp:attachment":[{"href":"https:\/\/focas.uniso.br\/index.php\/wp-json\/wp\/v2\/media?parent=2986"}],"wp:term":[{"taxonomy":"category","embeddable":true,"href":"https:\/\/focas.uniso.br\/index.php\/wp-json\/wp\/v2\/categories?post=2986"},{"taxonomy":"post_tag","embeddable":true,"href":"https:\/\/focas.uniso.br\/index.php\/wp-json\/wp\/v2\/tags?post=2986"}],"curies":[{"name":"wp","href":"https:\/\/api.w.org\/{rel}","templated":true}]}}