{"id":2989,"date":"2025-04-14T09:34:50","date_gmt":"2025-04-14T12:34:50","guid":{"rendered":"https:\/\/focas.uniso.br\/?p=2989"},"modified":"2025-04-14T09:34:50","modified_gmt":"2025-04-14T12:34:50","slug":"a-maior-ferramenta-para-se-comunicar","status":"publish","type":"post","link":"https:\/\/focas.uniso.br\/index.php\/2025\/04\/14\/a-maior-ferramenta-para-se-comunicar\/","title":{"rendered":"A maior ferramenta para se comunicar?"},"content":{"rendered":"\n<p><em>Veja como a internet afetou os comunicadores e o impacto que teve na comunica\u00e7\u00e3o da sociedade brasileira.<\/em><\/p>\n\n\n\n<p>Por Gabriel Guebert (Ag\u00eancia Focas &#8211; Jornalismo Uniso)<\/p>\n\n\n\n<p>Os cursos de Jornalismo e de Publicidade e Propaganda da Universidade de Sorocaba (Uniso) completaram 30 anos de exist\u00eancia em 2025. Essas gradua\u00e7\u00f5es contribu\u00edram para a profissionaliza\u00e7\u00e3o da comunica\u00e7\u00e3o na cidade de Sorocaba (SP) e regi\u00e3o. No mesmo per\u00edodo, surgiu outro fator que mudaria a hist\u00f3ria da comunica\u00e7\u00e3o local e nacional: a internet.<\/p>\n\n\n\n<p>Hoje em dia, a internet \u00e9 um fator comum na vida da maioria dos brasileiros. Segundo a pesquisa TIC Domic\u00edlios, conduzida pelo Centro Regional de Estudos para o Desenvolvimento da Sociedade da Informa\u00e7\u00e3o (Cetic.br), 85% dos brasileiros acessaram a internet em 2024. Esse n\u00famero cresceu exponencialmente nos \u00faltimos 20 anos, j\u00e1 que, em 2005, apenas 13% da popula\u00e7\u00e3o utilizava o recurso.<\/p>\n\n\n\n<p>Oficialmente, a internet chegou ao Brasil em 1988, por meio da conex\u00e3o entre um computador da Universidade Federal do Rio de Janeiro (UFRJ) e a rede da Universidade de Maryland (UMD), nos Estados Unidos. Por\u00e9m, apenas se tornou p\u00fablica e comercial em 1994. No in\u00edcio dessa nova era da comunica\u00e7\u00e3o e da vida dos brasileiros, surgiu, em 1996, o Portal UOL, criado como o bra\u00e7o digital do Grupo Folha.<\/p>\n\n\n\n<p>Marco Aur\u00e9lio Klein, comunicador de 73 anos, foi convidado em 1996 pela revista <em>Folha<\/em> para escrever suas colunas esportivas no novo meio digital, o UOL, com o qual j\u00e1 era bastante habituado: \u201cEu trabalhava na comunica\u00e7\u00e3o do Citibank, que, no final de 1984, j\u00e1 tinha uma forma de e-mail pr\u00f3prio da empresa, e a pessoa do Brasil que tinha esse acesso era eu. Ent\u00e3o, j\u00e1 havia uma certa familiaridade com esse uso da internet, que ajudou no come\u00e7o da transi\u00e7\u00e3o da comunica\u00e7\u00e3o em 1996 com o UOL.\u201d<\/p>\n\n\n\n<p>Klein tamb\u00e9m falou sobre uma poss\u00edvel diferen\u00e7a no modo de escrever dependendo da plataforma, j\u00e1 que migrou da revista impressa para a internet. \u201cTem restri\u00e7\u00f5es diferentes, mas n\u00e3o fez diferen\u00e7a sobre como produzir os textos.\u201d<\/p>\n\n\n\n<p>Marco Aur\u00e9lio completou dizendo que, hoje em dia, percebe uma enorme diferen\u00e7a nas formas de escrita dependendo da plataforma. No entanto, na \u00e9poca, as pessoas n\u00e3o diferenciavam o meio digital, pois n\u00e3o tinham a dimens\u00e3o do tamanho que teria a plataforma.<\/p>\n\n\n\n<figure class=\"wp-block-image size-full\"><img loading=\"lazy\" decoding=\"async\" width=\"308\" height=\"482\" src=\"https:\/\/focas.uniso.br\/wp-content\/uploads\/2025\/04\/WhatsApp-Image-2025-04-14-at-09.31.47.jpeg\" alt=\"\" class=\"wp-image-2990\" srcset=\"https:\/\/focas.uniso.br\/wp-content\/uploads\/2025\/04\/WhatsApp-Image-2025-04-14-at-09.31.47.jpeg 308w, https:\/\/focas.uniso.br\/wp-content\/uploads\/2025\/04\/WhatsApp-Image-2025-04-14-at-09.31.47-192x300.jpeg 192w\" sizes=\"auto, (max-width: 308px) 100vw, 308px\" \/><figcaption class=\"wp-element-caption\">Comunicador Marco Aur\u00e9lio Klein &#8211; Foto: Arquivo pessoal <\/figcaption><\/figure>\n\n\n\n<p><strong>A evolu\u00e7\u00e3o tecnol\u00f3gica da TV<\/strong><\/p>\n\n\n\n<p>O professor da Uniso e funcion\u00e1rio da TV TEM, Clayton Esteves, de 42 anos, fala sobre a evolu\u00e7\u00e3o da \u00e1rea de ilustra\u00e7\u00e3o, principalmente a ilustra\u00e7\u00e3o publicit\u00e1ria, \u00e1rea em atua. O professor de comunica\u00e7\u00e3o destacou que, ao pesquisar sobre qual carreira algu\u00e9m que trabalha com ilustra\u00e7\u00e3o poderia \u201cse dar bem\u201d, decidiu cursar publicidade. Ele come\u00e7ou a trabalhar com ilustra\u00e7\u00e3o de forma profissional nos anos 2000, por isso Clayton vivenciou todas as mudan\u00e7as que a tecnologia e a internet promoveram.<\/p>\n\n\n\n<figure class=\"wp-block-image size-full\"><img loading=\"lazy\" decoding=\"async\" width=\"367\" height=\"403\" src=\"https:\/\/focas.uniso.br\/wp-content\/uploads\/2025\/04\/WhatsApp-Image-2025-04-14-at-09.32.54.jpeg\" alt=\"\" class=\"wp-image-2991\" srcset=\"https:\/\/focas.uniso.br\/wp-content\/uploads\/2025\/04\/WhatsApp-Image-2025-04-14-at-09.32.54.jpeg 367w, https:\/\/focas.uniso.br\/wp-content\/uploads\/2025\/04\/WhatsApp-Image-2025-04-14-at-09.32.54-273x300.jpeg 273w\" sizes=\"auto, (max-width: 367px) 100vw, 367px\" \/><figcaption class=\"wp-element-caption\">Professor Clayton Esteves &#8211; Foto: Felipe Dias <\/figcaption><\/figure>\n\n\n\n<p>Al\u00e9m das mudan\u00e7as tecnol\u00f3gicas, vivenciadas pelo professor, uma transi\u00e7\u00e3o pessoal tamb\u00e9m fez parte da hist\u00f3ria de Clayton. \u201cComo eu tinha muito interesse na t\u00e9cnica, al\u00e9m da universidade, comecei a estudar muito o digital, produ\u00e7\u00e3o gr\u00e1fica. Assim eu fui me desenvolvendo nas atividades pr\u00e1ticas e t\u00e9cnicas.\u201d&nbsp; No in\u00edcio, havia uma rela\u00e7\u00e3o muito forte entre o anal\u00f3gico e o digital, \u201ceu fazia a ilustra\u00e7\u00e3o na m\u00e3o, [depois] e a\u00ed levava para o <em>Corel Draw<\/em> para vetorizar. Ent\u00e3o, vetorizava em cima do desenho que eu fiz \u00e0 m\u00e3o.\u201d<\/p>\n\n\n\n<p><strong>Um dado negativo dos avan\u00e7os<\/strong><\/p>\n\n\n\n<p>Seguindo uma ordem cronol\u00f3gica, no come\u00e7o do s\u00e9culo XXI surgiram as primeiras redes sociais, que fizeram sucesso no Brasil: o Orkut, em janeiro de 2004, e o Facebook, em fevereiro do mesmo ano. Essas redes sociais mudaram de forma exponencial a comunica\u00e7\u00e3o em geral, trazendo a possibilidade de qualquer pessoa expressar sua opini\u00e3o da maneira que desejar, abrindo espa\u00e7o para aqueles que hoje s\u00e3o os chamados \u2018influenciadores\u2019. Mais tarde, o termo \u2018influenciador\u2019 se tornaria o nome de uma profiss\u00e3o.<\/p>\n\n\n\n<p>Um efeito negativo e que vem gerando muita preocupa\u00e7\u00e3o tem rela\u00e7\u00e3o com certa parte do conte\u00fado das redes sociais, as fake news.<\/p>\n\n\n\n<figure class=\"wp-block-image size-full\"><img loading=\"lazy\" decoding=\"async\" width=\"672\" height=\"277\" src=\"https:\/\/focas.uniso.br\/wp-content\/uploads\/2025\/04\/WhatsApp-Image-2025-04-14-at-09.33.48.jpeg\" alt=\"\" class=\"wp-image-2992\" srcset=\"https:\/\/focas.uniso.br\/wp-content\/uploads\/2025\/04\/WhatsApp-Image-2025-04-14-at-09.33.48.jpeg 672w, https:\/\/focas.uniso.br\/wp-content\/uploads\/2025\/04\/WhatsApp-Image-2025-04-14-at-09.33.48-300x124.jpeg 300w\" sizes=\"auto, (max-width: 672px) 100vw, 672px\" \/><figcaption class=\"wp-element-caption\">Infogr\u00e1fico da rela\u00e7\u00e3o da popula\u00e7\u00e3o brasileira com o consumo de not\u00edcias falsas &#8211; Foto: Gabriel Guebert <\/figcaption><\/figure>\n\n\n\n<p>Recentemente, o mundo inteiro passou por um per\u00edodo extraordin\u00e1rio na hist\u00f3ria: a pandemia. No momento em que a pandemia de Covid 19 prevalecia, a necessidade de informa\u00e7\u00f5es corretas era excessiva. No entanto, muitos indiv\u00edduos se utilizavam das redes sociais para acompanhar not\u00edcias, correndo risco de receber fake news, algo que aconteceu com frequ\u00eancia durante esse per\u00edodo. Um bom exemplo disso foi o boato que circulou afirmando que quem fosse vacinado contra a Covid 19 viraria \u2018jacar\u00e9\u2019, ou que os vacinados seriam rastreados pelos chineses.<\/p>\n","protected":false},"excerpt":{"rendered":"<p>Veja como a internet afetou os comunicadores e o impacto que teve na comunica\u00e7\u00e3o da sociedade brasileira. Por Gabriel Guebert<\/p>\n","protected":false},"author":1,"featured_media":0,"comment_status":"open","ping_status":"open","sticky":false,"template":"","format":"standard","meta":{"colormag_page_container_layout":"default_layout","colormag_page_sidebar_layout":"default_layout","footnotes":""},"categories":[15,9,37,14],"tags":[30,41,29,28],"class_list":["post-2989","post","type-post","status-publish","format-standard","hentry","category-jornalismo","category-jornalismo-online","category-sorocaba","category-uniso","tag-focas","tag-focas-na-rede","tag-jornalismo","tag-uniso"],"featured_image_urls":{"full":"","thumbnail":"","medium":"","medium_large":"","large":"","1536x1536":"","2048x2048":"","colormag-highlighted-post":"","colormag-featured-post-medium":"","colormag-featured-post-small":"","colormag-featured-image":"","colormag-default-news":"","colormag-featured-image-large":""},"author_info":{"info":["focas"]},"category_info":"<a href=\"https:\/\/focas.uniso.br\/index.php\/category\/jornalismo\/\" rel=\"category tag\">Jornalismo<\/a> <a href=\"https:\/\/focas.uniso.br\/index.php\/category\/jornalismo-online\/\" rel=\"category tag\">jornalismo online<\/a> <a href=\"https:\/\/focas.uniso.br\/index.php\/category\/sorocaba\/\" rel=\"category tag\">Sorocaba<\/a> <a href=\"https:\/\/focas.uniso.br\/index.php\/category\/uniso\/\" rel=\"category tag\">Uniso<\/a>","tag_info":"Uniso","comment_count":"0","_links":{"self":[{"href":"https:\/\/focas.uniso.br\/index.php\/wp-json\/wp\/v2\/posts\/2989","targetHints":{"allow":["GET"]}}],"collection":[{"href":"https:\/\/focas.uniso.br\/index.php\/wp-json\/wp\/v2\/posts"}],"about":[{"href":"https:\/\/focas.uniso.br\/index.php\/wp-json\/wp\/v2\/types\/post"}],"author":[{"embeddable":true,"href":"https:\/\/focas.uniso.br\/index.php\/wp-json\/wp\/v2\/users\/1"}],"replies":[{"embeddable":true,"href":"https:\/\/focas.uniso.br\/index.php\/wp-json\/wp\/v2\/comments?post=2989"}],"version-history":[{"count":1,"href":"https:\/\/focas.uniso.br\/index.php\/wp-json\/wp\/v2\/posts\/2989\/revisions"}],"predecessor-version":[{"id":2993,"href":"https:\/\/focas.uniso.br\/index.php\/wp-json\/wp\/v2\/posts\/2989\/revisions\/2993"}],"wp:attachment":[{"href":"https:\/\/focas.uniso.br\/index.php\/wp-json\/wp\/v2\/media?parent=2989"}],"wp:term":[{"taxonomy":"category","embeddable":true,"href":"https:\/\/focas.uniso.br\/index.php\/wp-json\/wp\/v2\/categories?post=2989"},{"taxonomy":"post_tag","embeddable":true,"href":"https:\/\/focas.uniso.br\/index.php\/wp-json\/wp\/v2\/tags?post=2989"}],"curies":[{"name":"wp","href":"https:\/\/api.w.org\/{rel}","templated":true}]}}