{"id":300,"date":"2017-08-30T18:24:00","date_gmt":"2017-08-30T18:24:00","guid":{"rendered":"http:\/\/focas.uniso.br\/index.php\/2017\/08\/30\/uniso-recebe-palestra-sobre-tv-digital\/"},"modified":"2017-08-30T18:24:00","modified_gmt":"2017-08-30T18:24:00","slug":"uniso-recebe-palestra-sobre-tv-digital","status":"publish","type":"post","link":"https:\/\/focas.uniso.br\/index.php\/2017\/08\/30\/uniso-recebe-palestra-sobre-tv-digital\/","title":{"rendered":"Uniso recebe palestra sobre TV digital"},"content":{"rendered":"<div style=\"clear: both; text-align: center;\"><a href=\"https:\/\/2.bp.blogspot.com\/-XnXilWCLNZM\/Wab_nqMRtMI\/AAAAAAAAGNM\/XYmc4eGzW7EI3c6AaNsoWA1doX54c0KGQCLcBGAs\/s1600\/Adilson%2BDolci%2Bexplica%2Bpara%2Balunos%2Bo%2Bprocesso%2Bde%2Bdesligamento%2Bdo%2Bsinal%2Banal%25C3%25B3gico%2B%25282%2529.jpg\" style=\"margin-left: 1em; margin-right: 1em;\"><img loading=\"lazy\" decoding=\"async\" border=\"0\" data-original-height=\"1065\" data-original-width=\"1600\" height=\"212\" src=\"https:\/\/2.bp.blogspot.com\/-XnXilWCLNZM\/Wab_nqMRtMI\/AAAAAAAAGNM\/XYmc4eGzW7EI3c6AaNsoWA1doX54c0KGQCLcBGAs\/s320\/Adilson%2BDolci%2Bexplica%2Bpara%2Balunos%2Bo%2Bprocesso%2Bde%2Bdesligamento%2Bdo%2Bsinal%2Banal%25C3%25B3gico%2B%25282%2529.jpg\" width=\"320\" \/><\/a><\/div>\n<div style=\"text-align: justify;\">Uma equipe da TV Tem de Sorocaba esteve na Cidade Universit\u00e1ria, na Universidade de Sorocaba (Uniso), para realizar uma palestra sobre o sistema digital. O evento, realizado no dia 18 de agosto, contou com a participa\u00e7\u00e3o de alunos de Jornalismo, Publicidade e Propaganda e de Rela\u00e7\u00f5es P\u00fablicas.<\/div>\n<div style=\"text-align: justify;\">A TV vem promovendo uma campanha de orienta\u00e7\u00e3o sobre a mudan\u00e7a do sistema, que substituir\u00e1 o sinal anal\u00f3gico pelo digital. \u201cO grande benef\u00edcio para a popula\u00e7\u00e3o \u00e9 o alcance do sinal digital, com maior qualidade em som e imagem, e de gra\u00e7a\u201d, diz Adilson Dolci, gerente de tecnologia da TV Tem Sorocaba.<\/div>\n<div style=\"text-align: justify;\">No entanto, Adilson ressalta a necessidade de se ter o conversor digital, al\u00e9m da antena UHF: \u201cA antena basta para aparelhos de LCD, fabricados depois de 2010, mas os aparelhos mais antigos precisam tamb\u00e9m do conversor digital\u201d.<\/div>\n<div style=\"text-align: justify;\">Dolci tamb\u00e9m recomendou cuidado aos alunos no uso do equipamento novo: \u201cO trabalho continua sendo o mesmo, mas muitos detalhes que antes n\u00e3o seriam percebidos agora podem ser notados, como a maquiagem do apresentador\u201d, afirmou.<\/div>\n<div style=\"text-align: justify;\">Os alunos da Uniso, no entanto, est\u00e3o preparados para mudan\u00e7a, como conta Laura Bittencourt, aluna do 6\u00ba semestre de Publicidade e Propaganda, que j\u00e1 trocou um aparelho de televis\u00e3o e vai adaptar um de tubo para o sinal digital: \u201cAcredito que n\u00e3o sentimos tanto a diferen\u00e7a na produ\u00e7\u00e3o de v\u00eddeo, porque estamos sendo formados acostumados a produzir para a internet, ent\u00e3o essa mudan\u00e7a na tecnologia n\u00e3o interfere tanto\u201d.<\/div>\n<div style=\"text-align: justify;\">O sinal anal\u00f3gico de televis\u00e3o deixar\u00e1 de ser transmitido na regi\u00e3o de Sorocaba a partir do dia 29 de novembro. Outras informa\u00e7\u00f5es sobre a transi\u00e7\u00e3o para o sinal digital est\u00e3o dispon\u00edveis no site redeglobo.globo.com\/sp\/tvtem\/tvtemdigital.<\/div>\n<div style=\"text-align: justify;\">Confira aqui instru\u00e7\u00f5es para receber o sinal digital no seu aparelho:<\/div>\n<div style=\"text-align: justify;\"><\/div>\n<div style=\"text-align: justify;\">\n<div style=\"clear: both; text-align: center;\"><object id=\"BLOG_video-1defd7236dde9edb\" content width=\"320\" height=\"266\"><\/object><\/div>\n<p><\/div>\n<div style=\"text-align: justify;\"><\/div>\n<div style=\"text-align: justify;\"><i><span style=\"font-size: xx-small;\">Texto:&nbsp;<span style=\"font-family: &quot;arial&quot; , sans-serif;\">Matheus Piccinin\/Ag\u00eanciaJor<\/span><\/span><\/i><\/div>\n<div style=\"text-align: justify;\"><span style=\"font-family: &quot;arial&quot; , sans-serif; font-size: xx-small;\"><i>Foto: Maria Luiza Martins\/Ag\u00eanciaJor<\/i><\/span><\/div>\n<div style=\"text-align: justify;\"><\/div>\n","protected":false},"excerpt":{"rendered":"<p>Uma equipe da TV Tem de Sorocaba esteve na Cidade Universit\u00e1ria, na Universidade de Sorocaba (Uniso), para realizar uma palestra<\/p>\n","protected":false},"author":1,"featured_media":0,"comment_status":"open","ping_status":"open","sticky":false,"template":"","format":"standard","meta":{"colormag_page_container_layout":"default_layout","colormag_page_sidebar_layout":"default_layout","footnotes":""},"categories":[1],"tags":[],"class_list":["post-300","post","type-post","status-publish","format-standard","hentry","category-uncategorized"],"featured_image_urls":{"full":"","thumbnail":"","medium":"","medium_large":"","large":"","1536x1536":"","2048x2048":"","colormag-highlighted-post":"","colormag-featured-post-medium":"","colormag-featured-post-small":"","colormag-featured-image":"","colormag-default-news":"","colormag-featured-image-large":""},"author_info":{"info":["focas"]},"category_info":"<a href=\"https:\/\/focas.uniso.br\/index.php\/category\/uncategorized\/\" rel=\"category tag\">Uncategorized<\/a>","tag_info":"Uncategorized","comment_count":"0","_links":{"self":[{"href":"https:\/\/focas.uniso.br\/index.php\/wp-json\/wp\/v2\/posts\/300","targetHints":{"allow":["GET"]}}],"collection":[{"href":"https:\/\/focas.uniso.br\/index.php\/wp-json\/wp\/v2\/posts"}],"about":[{"href":"https:\/\/focas.uniso.br\/index.php\/wp-json\/wp\/v2\/types\/post"}],"author":[{"embeddable":true,"href":"https:\/\/focas.uniso.br\/index.php\/wp-json\/wp\/v2\/users\/1"}],"replies":[{"embeddable":true,"href":"https:\/\/focas.uniso.br\/index.php\/wp-json\/wp\/v2\/comments?post=300"}],"version-history":[{"count":0,"href":"https:\/\/focas.uniso.br\/index.php\/wp-json\/wp\/v2\/posts\/300\/revisions"}],"wp:attachment":[{"href":"https:\/\/focas.uniso.br\/index.php\/wp-json\/wp\/v2\/media?parent=300"}],"wp:term":[{"taxonomy":"category","embeddable":true,"href":"https:\/\/focas.uniso.br\/index.php\/wp-json\/wp\/v2\/categories?post=300"},{"taxonomy":"post_tag","embeddable":true,"href":"https:\/\/focas.uniso.br\/index.php\/wp-json\/wp\/v2\/tags?post=300"}],"curies":[{"name":"wp","href":"https:\/\/api.w.org\/{rel}","templated":true}]}}