{"id":3001,"date":"2025-04-16T09:28:47","date_gmt":"2025-04-16T12:28:47","guid":{"rendered":"https:\/\/focas.uniso.br\/?p=3001"},"modified":"2025-04-16T09:28:48","modified_gmt":"2025-04-16T12:28:48","slug":"padroes-esteticos-e-de-consumo-moda-na-midia-e-sustentabilidade-sao-temas-de-palestra-para-estudantes-de-jornalismo-e-moda","status":"publish","type":"post","link":"https:\/\/focas.uniso.br\/index.php\/2025\/04\/16\/padroes-esteticos-e-de-consumo-moda-na-midia-e-sustentabilidade-sao-temas-de-palestra-para-estudantes-de-jornalismo-e-moda\/","title":{"rendered":"Padr\u00f5es est\u00e9ticos e de consumo: moda na m\u00eddia e sustentabilidade s\u00e3o temas de palestra para estudantes de jornalismo e moda"},"content":{"rendered":"\n<p>Por: Maria Luiza Weiss (Ag\u00eancia Focas \u2013 Jornalismo Uniso)<\/p>\n\n\n\n<p>A artista pl\u00e1stica e coordenadora do curso de Bacharelado em Moda da Universidade de Sorocaba (Uniso), Laura Mello de Mattos, realizou, na \u00faltima sexta-feira (11), uma palestra sobre a influ\u00eancia da m\u00eddia na constru\u00e7\u00e3o do que se entende por \u201cmoda\u201d. A professora iniciou a palestra fazendo uma linha do tempo sobre as influ\u00eancias da moda na constru\u00e7\u00e3o da sociedade e os paralelos do passado com o presente para os alunos das disciplinas de Jornalismo Especializado e Inova\u00e7\u00e3o e Criatividade em Jornalismo.<\/p>\n\n\n\n<p>A professora enfatizou a import\u00e2ncia dos comunicadores quando se trata da media\u00e7\u00e3o da moda, explicando que, embora o tema seja muito associado, \u00e0 primeira vista, somente ao vestu\u00e1rio, ele \u00e9 uma arte, um estilo de vida que pode dar voz ou silenciar pessoas, sendo uma oportunidade de se impor na sociedade.<\/p>\n\n\n\n<p>Laura explicou que o papel da m\u00eddia tamb\u00e9m \u00e9 forte quando se trata do que a pol\u00edtica e o momento social exigem do papel de um povo, utilizando roupas e valores comportamentais para moldar uma nova tend\u00eancia. \u201cAs revistas p\u00f3s-guerra, nos anos 50, traziam sempre a imagem da \u2018mulher m\u00e3e\u2019, esposa, pois, naquele momento, era necess\u00e1rio que elas tivessem filhos.\u201d<\/p>\n\n\n\n<p>Mello relembrou a Rainha Vit\u00f3ria, do Reino Unido, que, ao longo do s\u00e9culo XIX, foi a maior refer\u00eancia feminina da \u00e9poca, conhecida como \u201cEra Vitoriana\u201d. Tudo o que ela vestia, seus trejeitos e falas eram pintados e transcritos em quadros e jornais e, principalmente, copiados pelas mulheres. <\/p>\n\n\n\n<p>\u201cOs vestidos da rainha Vit\u00f3ria tinham seus ombros ca\u00eddos, a silhueta era muito r\u00edgida, muito fechada, sempre remetendo \u00e0 submiss\u00e3o das mulheres e a um romantismo tamb\u00e9m\u201d, explicou Laura.<\/p>\n\n\n\n<p>Para a artista, \u00e9 essencial que, para entender moda, se estude primeiro a arte. Abrindo a palestra para perguntas, a professora destacou que, para ser um bom profissional, independente da sua profiss\u00e3o, \u00e9 necess\u00e1rio se especializar em alguma \u00e1rea.<\/p>\n\n\n\n<p> \u201cHoje todo mundo quer fazer a mesma coisa, a mesma fun\u00e7\u00e3o, \u00e9 tudo igual. Mas eu sempre digo que, para se destacar, para ser bom mesmo na sua carreira, voc\u00ea deve estudar e se especializar em alguma \u00e1rea\u201d.<\/p>\n\n\n\n<p>Laura tamb\u00e9m comentou a respeito da import\u00e2ncia do olhar sobre a sustentabilidade. A partir de sua experi\u00eancia na \u00e1rea t\u00eaxtil, ela falou dos estudos sobre tecidos sint\u00e9ticos, que proporcionam uma economia na produ\u00e7\u00e3o.<\/p>\n\n\n\n<p> \u201cOs tecidos sint\u00e9ticos n\u00e3o t\u00eam quest\u00e3o de praga, de descascar, de peso, de tingimento. Se queimar a fibra sint\u00e9tica, ela vira pl\u00e1stico e pode ser reaproveitada, diferente da natural que, por ser org\u00e2nica, desaparece.\u201d<\/p>\n\n\n\n<p>Segundo a professora, n\u00e3o se pode generalizar e culpar somente as marcas pelas condi\u00e7\u00f5es de trabalho na cadeia produtiva da ind\u00fastria t\u00eaxtil, pois os governantes dos pa\u00edses tamb\u00e9m s\u00e3o coniventes. \u201cA marca n\u00e3o \u00e9 a \u00fanica errada, o Estado tamb\u00e9m \u00e9 conivente, pois n\u00e3o busca melhorar as condi\u00e7\u00f5es de vida e emprego da popula\u00e7\u00e3o e muitas vezes n\u00e3o d\u00e1 oportunidades para as pessoas procurarem outro trabalho, n\u00e3o deixando escolha a quem se sujeita \u00e0s produ\u00e7\u00f5es.\u201d<\/p>\n\n\n\n<p>Laura ressaltou o dever do jornalista de expandir seu olhar para essas situa\u00e7\u00f5es e promover discuss\u00f5es v\u00e1lidas, que provoquem uma mudan\u00e7a real, come\u00e7ando pelos direitos assegurados pelos l\u00edderes governamentais.<\/p>\n\n\n\n<p> A professora enfatizou a necessidade de produ\u00e7\u00e3o de roupas tecnol\u00f3gicas para diminuir os custos na confec\u00e7\u00e3o de roupas. \u201cOs tecidos tecnol\u00f3gicos n\u00e3o s\u00e3o tecnol\u00f3gicos na ideia de \u2018custar mais\u2019. Eles ajudam a diminuir os custos da produ\u00e7\u00e3o, usa-se menos energia el\u00e9trica, por exemplo, permitindo aumentar a produ\u00e7\u00e3o.\u201d Isso torna esse tipo de roupa mais barata e, portanto, mais acess\u00edvel, al\u00e9m de representar um impacto ambiental menor. \u201cSomos oito bilh\u00f5es de pessoas no mundo, pessoas que est\u00e3o tendo filhos e precisam ser vestidas; ent\u00e3o as marcas n\u00e3o v\u00e3o parar de produzir, n\u00e3o podemos parar de produzir. O que resta \u00e9 diminuir os custos e os impactos ambientais dessa produ\u00e7\u00e3o.\u201d<\/p>\n\n\n\n<p>A palestra uniu alunos de diferentes cursos e m\u00f3dulos, promovendo um debate enriquecedor sobre a influ\u00eancia da moda para al\u00e9m do vestu\u00e1rio, os padr\u00f5es comportamentais e culturais, e a import\u00e2ncia da comunica\u00e7\u00e3o nessa constru\u00e7\u00e3o social.<\/p>\n\n\n\n<figure class=\"wp-block-gallery has-nested-images columns-default is-cropped wp-block-gallery-1 is-layout-flex wp-block-gallery-is-layout-flex\">\n<figure class=\"wp-block-image size-large\"><img loading=\"lazy\" decoding=\"async\" width=\"1024\" height=\"768\" data-id=\"3002\" src=\"https:\/\/focas.uniso.br\/wp-content\/uploads\/2025\/04\/WhatsApp-Image-2025-04-15-at-22.39.47-1024x768.jpeg\" alt=\"\" class=\"wp-image-3002\" srcset=\"https:\/\/focas.uniso.br\/wp-content\/uploads\/2025\/04\/WhatsApp-Image-2025-04-15-at-22.39.47-1024x768.jpeg 1024w, https:\/\/focas.uniso.br\/wp-content\/uploads\/2025\/04\/WhatsApp-Image-2025-04-15-at-22.39.47-300x225.jpeg 300w, https:\/\/focas.uniso.br\/wp-content\/uploads\/2025\/04\/WhatsApp-Image-2025-04-15-at-22.39.47-768x576.jpeg 768w, https:\/\/focas.uniso.br\/wp-content\/uploads\/2025\/04\/WhatsApp-Image-2025-04-15-at-22.39.47-1536x1152.jpeg 1536w, https:\/\/focas.uniso.br\/wp-content\/uploads\/2025\/04\/WhatsApp-Image-2025-04-15-at-22.39.47.jpeg 1600w\" sizes=\"auto, (max-width: 1024px) 100vw, 1024px\" \/><figcaption class=\"wp-element-caption\">Foto: Juliano Rosa<\/figcaption><\/figure>\n\n\n\n<figure class=\"wp-block-image size-large\"><img loading=\"lazy\" decoding=\"async\" width=\"1024\" height=\"768\" data-id=\"3003\" src=\"https:\/\/focas.uniso.br\/wp-content\/uploads\/2025\/04\/WhatsApp-Image-2025-04-15-at-22.39.48-1024x768.jpeg\" alt=\"\" class=\"wp-image-3003\" srcset=\"https:\/\/focas.uniso.br\/wp-content\/uploads\/2025\/04\/WhatsApp-Image-2025-04-15-at-22.39.48-1024x768.jpeg 1024w, https:\/\/focas.uniso.br\/wp-content\/uploads\/2025\/04\/WhatsApp-Image-2025-04-15-at-22.39.48-300x225.jpeg 300w, https:\/\/focas.uniso.br\/wp-content\/uploads\/2025\/04\/WhatsApp-Image-2025-04-15-at-22.39.48-768x576.jpeg 768w, https:\/\/focas.uniso.br\/wp-content\/uploads\/2025\/04\/WhatsApp-Image-2025-04-15-at-22.39.48-1536x1152.jpeg 1536w, https:\/\/focas.uniso.br\/wp-content\/uploads\/2025\/04\/WhatsApp-Image-2025-04-15-at-22.39.48.jpeg 1600w\" sizes=\"auto, (max-width: 1024px) 100vw, 1024px\" \/><figcaption class=\"wp-element-caption\">Foto: Juliano Rosa<\/figcaption><\/figure>\n\n\n\n<figure class=\"wp-block-image size-large\"><img loading=\"lazy\" decoding=\"async\" width=\"1024\" height=\"768\" data-id=\"3004\" src=\"https:\/\/focas.uniso.br\/wp-content\/uploads\/2025\/04\/WhatsApp-Image-2025-04-15-at-22.39.48-1-1024x768.jpeg\" alt=\"\" class=\"wp-image-3004\" srcset=\"https:\/\/focas.uniso.br\/wp-content\/uploads\/2025\/04\/WhatsApp-Image-2025-04-15-at-22.39.48-1-1024x768.jpeg 1024w, https:\/\/focas.uniso.br\/wp-content\/uploads\/2025\/04\/WhatsApp-Image-2025-04-15-at-22.39.48-1-300x225.jpeg 300w, https:\/\/focas.uniso.br\/wp-content\/uploads\/2025\/04\/WhatsApp-Image-2025-04-15-at-22.39.48-1-768x576.jpeg 768w, https:\/\/focas.uniso.br\/wp-content\/uploads\/2025\/04\/WhatsApp-Image-2025-04-15-at-22.39.48-1-1536x1152.jpeg 1536w, https:\/\/focas.uniso.br\/wp-content\/uploads\/2025\/04\/WhatsApp-Image-2025-04-15-at-22.39.48-1.jpeg 1600w\" sizes=\"auto, (max-width: 1024px) 100vw, 1024px\" \/><figcaption class=\"wp-element-caption\">Foto: Juliano Rosa<\/figcaption><\/figure>\n\n\n\n<figure class=\"wp-block-image size-large\"><img loading=\"lazy\" decoding=\"async\" width=\"1024\" height=\"768\" data-id=\"3005\" src=\"https:\/\/focas.uniso.br\/wp-content\/uploads\/2025\/04\/WhatsApp-Image-2025-04-15-at-22.39.48-2-1024x768.jpeg\" alt=\"\" class=\"wp-image-3005\" srcset=\"https:\/\/focas.uniso.br\/wp-content\/uploads\/2025\/04\/WhatsApp-Image-2025-04-15-at-22.39.48-2-1024x768.jpeg 1024w, https:\/\/focas.uniso.br\/wp-content\/uploads\/2025\/04\/WhatsApp-Image-2025-04-15-at-22.39.48-2-300x225.jpeg 300w, https:\/\/focas.uniso.br\/wp-content\/uploads\/2025\/04\/WhatsApp-Image-2025-04-15-at-22.39.48-2-768x576.jpeg 768w, https:\/\/focas.uniso.br\/wp-content\/uploads\/2025\/04\/WhatsApp-Image-2025-04-15-at-22.39.48-2-1536x1152.jpeg 1536w, https:\/\/focas.uniso.br\/wp-content\/uploads\/2025\/04\/WhatsApp-Image-2025-04-15-at-22.39.48-2.jpeg 1600w\" sizes=\"auto, (max-width: 1024px) 100vw, 1024px\" \/><figcaption class=\"wp-element-caption\">Foto: Juliano Rosa<\/figcaption><\/figure>\n\n\n\n<figure class=\"wp-block-image size-large\"><img loading=\"lazy\" decoding=\"async\" width=\"1024\" height=\"768\" data-id=\"3006\" src=\"https:\/\/focas.uniso.br\/wp-content\/uploads\/2025\/04\/WhatsApp-Image-2025-04-15-at-22.39.48-3-1024x768.jpeg\" alt=\"\" class=\"wp-image-3006\" srcset=\"https:\/\/focas.uniso.br\/wp-content\/uploads\/2025\/04\/WhatsApp-Image-2025-04-15-at-22.39.48-3-1024x768.jpeg 1024w, https:\/\/focas.uniso.br\/wp-content\/uploads\/2025\/04\/WhatsApp-Image-2025-04-15-at-22.39.48-3-300x225.jpeg 300w, https:\/\/focas.uniso.br\/wp-content\/uploads\/2025\/04\/WhatsApp-Image-2025-04-15-at-22.39.48-3-768x576.jpeg 768w, https:\/\/focas.uniso.br\/wp-content\/uploads\/2025\/04\/WhatsApp-Image-2025-04-15-at-22.39.48-3-1536x1152.jpeg 1536w, https:\/\/focas.uniso.br\/wp-content\/uploads\/2025\/04\/WhatsApp-Image-2025-04-15-at-22.39.48-3.jpeg 1600w\" sizes=\"auto, (max-width: 1024px) 100vw, 1024px\" \/><figcaption class=\"wp-element-caption\">Foto: Juliano Rosa<\/figcaption><\/figure>\n\n\n\n<figure class=\"wp-block-image size-large\"><img loading=\"lazy\" decoding=\"async\" width=\"1024\" height=\"768\" data-id=\"3007\" src=\"https:\/\/focas.uniso.br\/wp-content\/uploads\/2025\/04\/WhatsApp-Image-2025-04-15-at-22.39.48-4-1024x768.jpeg\" alt=\"\" class=\"wp-image-3007\" srcset=\"https:\/\/focas.uniso.br\/wp-content\/uploads\/2025\/04\/WhatsApp-Image-2025-04-15-at-22.39.48-4-1024x768.jpeg 1024w, https:\/\/focas.uniso.br\/wp-content\/uploads\/2025\/04\/WhatsApp-Image-2025-04-15-at-22.39.48-4-300x225.jpeg 300w, https:\/\/focas.uniso.br\/wp-content\/uploads\/2025\/04\/WhatsApp-Image-2025-04-15-at-22.39.48-4-768x576.jpeg 768w, https:\/\/focas.uniso.br\/wp-content\/uploads\/2025\/04\/WhatsApp-Image-2025-04-15-at-22.39.48-4-1536x1152.jpeg 1536w, https:\/\/focas.uniso.br\/wp-content\/uploads\/2025\/04\/WhatsApp-Image-2025-04-15-at-22.39.48-4.jpeg 1600w\" sizes=\"auto, (max-width: 1024px) 100vw, 1024px\" \/><figcaption class=\"wp-element-caption\">Foto: Juliano Rosa<\/figcaption><\/figure>\n<\/figure>\n","protected":false},"excerpt":{"rendered":"<p>Por: Maria Luiza Weiss (Ag\u00eancia Focas \u2013 Jornalismo Uniso) A artista pl\u00e1stica e coordenadora do curso de Bacharelado em Moda<\/p>\n","protected":false},"author":1,"featured_media":0,"comment_status":"open","ping_status":"open","sticky":false,"template":"","format":"standard","meta":{"colormag_page_container_layout":"default_layout","colormag_page_sidebar_layout":"default_layout","footnotes":""},"categories":[15,9,37,14],"tags":[30,41,29,28],"class_list":["post-3001","post","type-post","status-publish","format-standard","hentry","category-jornalismo","category-jornalismo-online","category-sorocaba","category-uniso","tag-focas","tag-focas-na-rede","tag-jornalismo","tag-uniso"],"featured_image_urls":{"full":"","thumbnail":"","medium":"","medium_large":"","large":"","1536x1536":"","2048x2048":"","colormag-highlighted-post":"","colormag-featured-post-medium":"","colormag-featured-post-small":"","colormag-featured-image":"","colormag-default-news":"","colormag-featured-image-large":""},"author_info":{"info":["focas"]},"category_info":"<a href=\"https:\/\/focas.uniso.br\/index.php\/category\/jornalismo\/\" rel=\"category tag\">Jornalismo<\/a> <a href=\"https:\/\/focas.uniso.br\/index.php\/category\/jornalismo-online\/\" rel=\"category tag\">jornalismo online<\/a> <a href=\"https:\/\/focas.uniso.br\/index.php\/category\/sorocaba\/\" rel=\"category tag\">Sorocaba<\/a> <a href=\"https:\/\/focas.uniso.br\/index.php\/category\/uniso\/\" rel=\"category tag\">Uniso<\/a>","tag_info":"Uniso","comment_count":"0","_links":{"self":[{"href":"https:\/\/focas.uniso.br\/index.php\/wp-json\/wp\/v2\/posts\/3001","targetHints":{"allow":["GET"]}}],"collection":[{"href":"https:\/\/focas.uniso.br\/index.php\/wp-json\/wp\/v2\/posts"}],"about":[{"href":"https:\/\/focas.uniso.br\/index.php\/wp-json\/wp\/v2\/types\/post"}],"author":[{"embeddable":true,"href":"https:\/\/focas.uniso.br\/index.php\/wp-json\/wp\/v2\/users\/1"}],"replies":[{"embeddable":true,"href":"https:\/\/focas.uniso.br\/index.php\/wp-json\/wp\/v2\/comments?post=3001"}],"version-history":[{"count":1,"href":"https:\/\/focas.uniso.br\/index.php\/wp-json\/wp\/v2\/posts\/3001\/revisions"}],"predecessor-version":[{"id":3008,"href":"https:\/\/focas.uniso.br\/index.php\/wp-json\/wp\/v2\/posts\/3001\/revisions\/3008"}],"wp:attachment":[{"href":"https:\/\/focas.uniso.br\/index.php\/wp-json\/wp\/v2\/media?parent=3001"}],"wp:term":[{"taxonomy":"category","embeddable":true,"href":"https:\/\/focas.uniso.br\/index.php\/wp-json\/wp\/v2\/categories?post=3001"},{"taxonomy":"post_tag","embeddable":true,"href":"https:\/\/focas.uniso.br\/index.php\/wp-json\/wp\/v2\/tags?post=3001"}],"curies":[{"name":"wp","href":"https:\/\/api.w.org\/{rel}","templated":true}]}}