{"id":301,"date":"2017-08-28T17:44:00","date_gmt":"2017-08-28T17:44:00","guid":{"rendered":"http:\/\/focas.uniso.br\/index.php\/2017\/08\/28\/familia-que-fez-historia-na-fotografia-e-homenageada-em-sorocaba\/"},"modified":"2017-08-28T17:44:00","modified_gmt":"2017-08-28T17:44:00","slug":"familia-que-fez-historia-na-fotografia-e-homenageada-em-sorocaba","status":"publish","type":"post","link":"https:\/\/focas.uniso.br\/index.php\/2017\/08\/28\/familia-que-fez-historia-na-fotografia-e-homenageada-em-sorocaba\/","title":{"rendered":"Fam\u00edlia que fez hist\u00f3ria na fotografia \u00e9 homenageada em Sorocaba"},"content":{"rendered":"<div style=\"clear: both; text-align: center;\"><\/div>\n<div style=\"clear: both; text-align: center;\"><a href=\"https:\/\/3.bp.blogspot.com\/-_nrmv3I_dHI\/WaA3RT-xJGI\/AAAAAAAAGMk\/KcAzLF-OX6U65zSug2ehbVysxxQS_e8nQCEwYBhgL\/s1600\/Jos%25C3%25A9%2BLima%2BDuarte%2Be%2Bo%2Bfilho%2BFernando%2BNegr%25C3%25A3o%2BDuarte%2Bem%2Bdivulga%25C3%25A7%25C3%25A3o%2Bdo%2Btrabalho%2Blocalizado%2Bat%25C3%25A9%2Bhoje%2Bna%2BRua%2Bda%2BPenha%2Bn%25C2%25BA%2B873%2B-%2BCentro%2Bde%2BSorocaba.jpg\" style=\"margin-left: 1em; margin-right: 1em;\"><img loading=\"lazy\" decoding=\"async\" border=\"0\" data-original-height=\"787\" data-original-width=\"797\" height=\"315\" src=\"https:\/\/3.bp.blogspot.com\/-_nrmv3I_dHI\/WaA3RT-xJGI\/AAAAAAAAGMk\/KcAzLF-OX6U65zSug2ehbVysxxQS_e8nQCEwYBhgL\/s320\/Jos%25C3%25A9%2BLima%2BDuarte%2Be%2Bo%2Bfilho%2BFernando%2BNegr%25C3%25A3o%2BDuarte%2Bem%2Bdivulga%25C3%25A7%25C3%25A3o%2Bdo%2Btrabalho%2Blocalizado%2Bat%25C3%25A9%2Bhoje%2Bna%2BRua%2Bda%2BPenha%2Bn%25C2%25BA%2B873%2B-%2BCentro%2Bde%2BSorocaba.jpg\" width=\"320\" \/><\/a><\/div>\n<div style=\"text-align: justify;\">Nos anos 1950, Jos\u00e9 Lima Duarte aprendeu com o tio a profiss\u00e3o que seria seguida toda uma gera\u00e7\u00e3o de filhos, sobrinhos e netos. Dessa forma, come\u00e7ou a hist\u00f3ria da fam\u00edlia Duarte na fotografia, que hoje \u00e9 refer\u00eancia em Sorocaba. &nbsp;<\/div>\n<div style=\"text-align: justify;\"><span style=\"white-space: pre;\"> <\/span>Jos\u00e9 Lima Duarte come\u00e7ou uma sociedade com o cunhado, Jos\u00e9 Antunes Negr\u00e3o, em Itapetininga, e depois um tempo mudaram para Sorocaba. Na cidade, Duarte trabalhou como fot\u00f3grafo de est\u00fadio e rep\u00f3rter fotogr\u00e1fico, trabalhando na Gazeta Esportiva, entre os anos de 1950 a 1970.<\/div>\n<div style=\"text-align: justify;\">O envolvimento com a fotografia contagiava todos, em especial os filhos, que se divertiam com a profiss\u00e3o do pai. Um deles, Fernando Negr\u00e3o Duarte, professor de Fotojornalismo da Universidade de Sorocaba (Uniso), lembra a rela\u00e7\u00e3o com a fotografia, desde cedo. \u201cPraticamente, nasci dentro do est\u00fadio fotogr\u00e1fico da fam\u00edlia. Meu pai montou a loja em Sorocaba em 1968, quando eu tinha um ano. Na inf\u00e2ncia, minha \u2018brincadeira\u2019 era revelar foto com o meu pai. Ganhei minha primeira m\u00e1quina fotogr\u00e1fica quando fiz 6 anos, uma Kodak Instamatic 33, que tenho at\u00e9 hoje\u201d, conta o professor.<\/div>\n<table cellpadding=\"0\" cellspacing=\"0\" style=\"float: right; margin-left: 1em; text-align: right;\">\n<tbody>\n<tr>\n<td style=\"text-align: center;\"><a href=\"https:\/\/2.bp.blogspot.com\/--OMoKYza6vY\/WaA3RRuvjMI\/AAAAAAAAGMo\/YQKOLkTMsVE11oAXHtELI7tem55kHChVgCEwYBhgL\/s1600\/Auta%2BTherezinha%2BNegr%25C3%25A3o%2BDuarte%2Bcom%2Bo%2Bfilho%2BFernando%2B%2BNegr%25C3%25A3o%2BDuarte.jpg\" style=\"clear: right; margin-bottom: 1em; margin-left: auto; margin-right: auto;\"><img loading=\"lazy\" decoding=\"async\" border=\"0\" data-original-height=\"718\" data-original-width=\"718\" height=\"320\" src=\"https:\/\/2.bp.blogspot.com\/--OMoKYza6vY\/WaA3RRuvjMI\/AAAAAAAAGMo\/YQKOLkTMsVE11oAXHtELI7tem55kHChVgCEwYBhgL\/s320\/Auta%2BTherezinha%2BNegr%25C3%25A3o%2BDuarte%2Bcom%2Bo%2Bfilho%2BFernando%2B%2BNegr%25C3%25A3o%2BDuarte.jpg\" width=\"320\" \/><\/a><\/td>\n<\/tr>\n<tr>\n<td style=\"text-align: center;\">Auta Therezinha Negr\u00e3o Duarte com o filho Fernando Negr\u00e3o<\/td>\n<\/tr>\n<\/tbody>\n<\/table>\n<div style=\"text-align: justify;\">Filho ca\u00e7ula, aos 12 anos, Fernando Negr\u00e3o Duarte j\u00e1 conseguia ganhar dinheiro com fotos de colegas em festas de anivers\u00e1rios e passeios. Aos 15, veio o primeiro emprego como fot\u00f3grafo, no Jornal Di\u00e1rio de Sorocaba. \u201cFoi o mais importante, at\u00e9 hoje, na minha vida profissional, com direito a registro em carteira e sal\u00e1rio. Era um garoto que recebia mesada para comprar lanche e, de repente, se tornou um rep\u00f3rter fotogr\u00e1fico, com sal\u00e1rio\u201d lembra, orgulhoso.&nbsp;<\/div>\n<div style=\"text-align: justify;\">Hoje, com as facilidades tecnol\u00f3gicas e digitais, a fotografia se tornou acess\u00edvel a praticamente todos que possuem um celular. As imagens sobre comida, passeios, festas e atividades pessoais s\u00e3o compartilhadas todos os dias. &nbsp;\u201cAs pessoas perderam o h\u00e1bito de imprimir sua hist\u00f3ria e n\u00e3o ter\u00e3o o que ver no futuro, caso se percam as imagens que ficam no celular, computador, pendrive ou CDs. Restar\u00e3o apenas lembran\u00e7as, nada palp\u00e1vel\u201d, lamenta.<\/div>\n<div style=\"text-align: justify;\"><span style=\"white-space: pre;\"> <\/span>Em 19 de agosto comemora-se o Dia Internacional da Fotografia, o Sal\u00e3o Nacional de Fotografia de Sorocaba homenageou Te\u00f3filo Negr\u00e3o Duarte, outro filho de Jos\u00e9 Lima Duarte, em reconhecimento a quase meio s\u00e9culo de trabalho na cidade. A exposi\u00e7\u00e3o teve in\u00edcio no dia 18 de agosto, no Chal\u00e9 Franc\u00eas, e prosseguir\u00e1 at\u00e9 o dia 31 de agosto em espa\u00e7os p\u00fablicos da cidade.<\/div>\n<table align=\"center\" cellpadding=\"0\" cellspacing=\"0\" style=\"margin-left: auto; margin-right: auto; text-align: center;\">\n<tbody>\n<tr>\n<td style=\"text-align: center;\"><a href=\"https:\/\/1.bp.blogspot.com\/-bbukSPDo5GU\/WaA3Rc5dMBI\/AAAAAAAAGMs\/3HrNRFJWPj0dguQ9ky5bRpDnYxqlfOCvwCEwYBhgL\/s1600\/Fernando%2BNegr%25C3%25A3o%2Bquando%2Bbrincava%2Bde%2Brevelar%2Bimagens%2Bno%2Best%25C3%25BAdio%2Bdo%2Bpai.jpg\" style=\"margin-left: auto; margin-right: auto;\"><img loading=\"lazy\" decoding=\"async\" border=\"0\" data-original-height=\"960\" data-original-width=\"637\" height=\"400\" src=\"https:\/\/1.bp.blogspot.com\/-bbukSPDo5GU\/WaA3Rc5dMBI\/AAAAAAAAGMs\/3HrNRFJWPj0dguQ9ky5bRpDnYxqlfOCvwCEwYBhgL\/s400\/Fernando%2BNegr%25C3%25A3o%2Bquando%2Bbrincava%2Bde%2Brevelar%2Bimagens%2Bno%2Best%25C3%25BAdio%2Bdo%2Bpai.jpg\" width=\"265\" \/><\/a><\/td>\n<\/tr>\n<tr>\n<td style=\"text-align: left;\">Negr\u00e3o brincando de revelar no est\u00fadio do pai<\/td>\n<\/tr>\n<\/tbody>\n<\/table>\n<div style=\"text-align: justify;\"><\/div>\n<div style=\"text-align: justify;\"><\/div>\n","protected":false},"excerpt":{"rendered":"<p>Nos anos 1950, Jos\u00e9 Lima Duarte aprendeu com o tio a profiss\u00e3o que seria seguida toda uma gera\u00e7\u00e3o de filhos,<\/p>\n","protected":false},"author":1,"featured_media":0,"comment_status":"open","ping_status":"open","sticky":false,"template":"","format":"standard","meta":{"colormag_page_container_layout":"default_layout","colormag_page_sidebar_layout":"default_layout","footnotes":""},"categories":[1],"tags":[],"class_list":["post-301","post","type-post","status-publish","format-standard","hentry","category-uncategorized"],"featured_image_urls":{"full":"","thumbnail":"","medium":"","medium_large":"","large":"","1536x1536":"","2048x2048":"","colormag-highlighted-post":"","colormag-featured-post-medium":"","colormag-featured-post-small":"","colormag-featured-image":"","colormag-default-news":"","colormag-featured-image-large":""},"author_info":{"info":["focas"]},"category_info":"<a href=\"https:\/\/focas.uniso.br\/index.php\/category\/uncategorized\/\" rel=\"category tag\">Uncategorized<\/a>","tag_info":"Uncategorized","comment_count":"0","_links":{"self":[{"href":"https:\/\/focas.uniso.br\/index.php\/wp-json\/wp\/v2\/posts\/301","targetHints":{"allow":["GET"]}}],"collection":[{"href":"https:\/\/focas.uniso.br\/index.php\/wp-json\/wp\/v2\/posts"}],"about":[{"href":"https:\/\/focas.uniso.br\/index.php\/wp-json\/wp\/v2\/types\/post"}],"author":[{"embeddable":true,"href":"https:\/\/focas.uniso.br\/index.php\/wp-json\/wp\/v2\/users\/1"}],"replies":[{"embeddable":true,"href":"https:\/\/focas.uniso.br\/index.php\/wp-json\/wp\/v2\/comments?post=301"}],"version-history":[{"count":0,"href":"https:\/\/focas.uniso.br\/index.php\/wp-json\/wp\/v2\/posts\/301\/revisions"}],"wp:attachment":[{"href":"https:\/\/focas.uniso.br\/index.php\/wp-json\/wp\/v2\/media?parent=301"}],"wp:term":[{"taxonomy":"category","embeddable":true,"href":"https:\/\/focas.uniso.br\/index.php\/wp-json\/wp\/v2\/categories?post=301"},{"taxonomy":"post_tag","embeddable":true,"href":"https:\/\/focas.uniso.br\/index.php\/wp-json\/wp\/v2\/tags?post=301"}],"curies":[{"name":"wp","href":"https:\/\/api.w.org\/{rel}","templated":true}]}}