{"id":3010,"date":"2025-04-22T09:44:52","date_gmt":"2025-04-22T12:44:52","guid":{"rendered":"https:\/\/focas.uniso.br\/?p=3010"},"modified":"2025-04-22T09:44:52","modified_gmt":"2025-04-22T12:44:52","slug":"a-morte-nos-noticia","status":"publish","type":"post","link":"https:\/\/focas.uniso.br\/index.php\/2025\/04\/22\/a-morte-nos-noticia\/","title":{"rendered":"A MORTE NOS NOTICIA?"},"content":{"rendered":"\n<p>&nbsp;Morte.<\/p>\n\n\n\n<p>Algo muito comentado na \u00faltima semana por envolver duas figuras do catolicismo: Jesus e Papa Francisco. Mas n\u00e3o t\u00e3o comentadas como aquelas que vemos todos os dias: pessoas pretas perif\u00e9ricas e as v\u00edtimas de feminic\u00eddio. Ser\u00e1 que quando um preto pobre virar santo ou um Papa for negro a repercuss\u00e3o ser\u00e1 grande?<\/p>\n\n\n\n<p>Falar de Papa me fez lembrar uma piada que ouvi na adolesc\u00eancia: \u201c<em>At\u00e9 na igreja, preto \u00e9 sin\u00f4nimo de not\u00edcia ruim. Olha a cor da fuma\u00e7a quando o novo Papa n\u00e3o \u00e9 eleito<\/em>\u201d. Apesar do cunho racista, essa brincadeira de mal gosto pode conter um fundo de verdade.<\/p>\n\n\n\n<p>Apesar de n\u00e3o frequentar a igreja h\u00e1 mais de 20 anos, cresci dentro dos ensinamentos cat\u00f3licos, e a admiro, mesmo com diversas ressalvas que os estudos sobre hist\u00f3ria, colonialismo e imp\u00e9rio financeiro me fizeram criar.<\/p>\n\n\n\n<p>Com todo respeito ao \u201c<em>Santo <\/em>(branco)<em> da internet<\/em>\u201d que acaba de ser beatificado, inclusive com milagre brasileiro, e as profecias de Nostradamus, mas se for para falar de Santo ou de Papa prefiro <strong><em>S\u00e3o Benedito<\/em><\/strong>, <strong><em>Santo Ant\u00f4nio de Categer\u00f3<\/em><\/strong>, <strong><em>Santo Elesb\u00e3o<\/em><\/strong>, <strong><em>Nossa Senhora Aparecida<\/em><\/strong> ou <strong><em>Santa Efig\u00eania<\/em><\/strong> e <strong><em>Nh\u00f4 Jo\u00e3o de Camargo<\/em><\/strong>, que j\u00e1 foi chamado de o \u201c<em>Papa Negro<\/em>\u201d.<\/p>\n\n\n\n<p>S\u00f3 um desabafo.<\/p>\n\n\n\n<p>Vamos voltar ao texto&#8230;<\/p>\n\n\n\n<p>Morte.<\/p>\n\n\n\n<p>O dicion\u00e1rio <em>Michaelis<\/em> traz algumas defini\u00e7\u00f5es cl\u00e1ssicas como: <em>Ato de morrer; fim da vida; cessa\u00e7\u00e3o definitiva da vida para o ser humano; falecimento, passamento, trespasse; ao ou efeito de matar; ser imagin\u00e1rio representado por um esqueleto humano que carrega uma foice; passagem da alma, que estava ligada ao corpo material, para o plano espiritual; intensa ang\u00fastia<\/em>.<\/p>\n\n\n\n<p>Para os esp\u00edritas (onde me incluo) a morte \u00e9 o fim de um ciclo terrestre, mas n\u00e3o da vida. Pois ela continuar\u00e1 no plano espiritual at\u00e9 o in\u00edcio de um novo ciclo, a reencarna\u00e7\u00e3o. Cada pessoa reage \u00e0 morte de um jeito. Alguns nunca a superam, outros cumprem o rito e as sensa\u00e7\u00f5es normais do luto e depois seguem a vida. Eu, como filho de Ox\u00f3ssi, n\u00e3o vejo a morte como o fim. Ao ver um corpo sendo velado e nos dias posteriores, apesar da tristeza, imagino que a pessoa est\u00e1 em um sono, e que logo ela vai acordar e vamos nos reencontrar para continuarmos a miss\u00e3o.<\/p>\n\n\n\n<p>E como jornalista, como noticiar a morte?<\/p>\n\n\n\n<p>Para mim, a primeira (e se fosse poss\u00edvel a \u00faltima) foi muito dif\u00edcil. Ainda mais por ser uma pessoa t\u00e3o pr\u00f3xima e querida como a professora da Uniso Ana Maria Gurgel de Oliveira Gonzalez (<a href=\"https:\/\/unisonoticias.uniso.br\/index.php\/2023\/05\/23\/comunidade-academica-de-luto-presta-homenagem-a-ana-maria-gurgel\/\">https:\/\/unisonoticias.uniso.br\/index.php\/2023\/05\/23\/comunidade-academica-de-luto-presta-homenagem-a-ana-maria-gurgel\/<\/a>). Travei na escrita, mas isso \u00e9 algo que sempre estar\u00e1 no escopo do jornalista. Lembrei-me da confiss\u00e3o de Roberto Cabrini no livro <em>No Rastro da Not\u00edcia<\/em>, onde ele comentou que apesar de sentir durante o trajeto at\u00e9 o hospital e at\u00e9 ensaiar a fala, foi muito doloroso para ele noticiar a morte de seu amigo Ayrton Senna.<\/p>\n\n\n\n<p>Muitos coment\u00e1rios, teorias da conspira\u00e7\u00e3o e simbologias t\u00eam envolvido a morte do Papa \u201c<em>comunista<\/em>\u201d Francisco. \u00c9 poss\u00edvel que ele tenha esperado a P\u00e1scoa para partir? E o n\u00famero (88235) em sua carteirinha de s\u00f3cio do seu clube do cora\u00e7\u00e3o, o San Lorenzo da Argentina, que coincide com a idade (88) e a hora (2h35) em seu pa\u00eds natal no momento de sua morte?<\/p>\n\n\n\n<p>\u201c<strong><em>Sinais, fortes sinais<\/em><\/strong>\u201d, j\u00e1 dizia (Jos\u00e9 Maria) Eymael, \u201c<em>o democrata crist\u00e3o<\/em>\u201d, lend\u00e1rio pol\u00edtico brasileiro.<\/p>\n\n\n\n<p>Para algumas pessoas, parece que a morte deu a not\u00edcia a elas antes da gente.<\/p>\n\n\n\n<p>Segundo sua irm\u00e3, Zacarias dos trapalh\u00f5es previu sua morte.<\/p>\n\n\n\n<p>De acordo com um epis\u00f3dio do extinto programa Linha Direta, que assisti uma vez, o m\u00e9dium brasileiro Z\u00e9 Arig\u00f3 foi avisado por seu mentor espiritual, Dr. Fritz, que iria falecer em um acidente de carro com dia e hor\u00e1rio definidos.<\/p>\n\n\n\n<p>Existem relatos de crian\u00e7as que partiram muito cedo, e conscientes disseram para suas m\u00e3es: \u201c<em>eu n\u00e3o vou viver por muito tempo, minha miss\u00e3o \u00e9 curta. Logo irei embora<\/em>\u201d.<\/p>\n\n\n\n<p>Alguns casos eu \u201c<em>vi com meus pr\u00f3prios olhos que a terra h\u00e1 de comer<\/em>\u201d.<\/p>\n\n\n\n<p>Outro m\u00e9dium brasileiro, Chico Xavier, comentou que morreria em um dia que o Brasil estivesse feliz. E foi: na final da Copa do Mundo de 2002.<\/p>\n\n\n\n<p>E o v\u00eddeo do tecladista dos Mamonas Assassinas, J\u00falio Rasec, dizendo momentos antes de embarcar, que havia sonhado com a queda do avi\u00e3o. Premoni\u00e7\u00e3o? Um sinal de despedida? Ou s\u00f3 coincid\u00eancia?<\/p>\n\n\n\n<p>E, para voc\u00ea, <strong>a morte nos noticia sua chegada<\/strong>.<\/p>\n\n\n\n<p>\u00a0N\u00e3o sei te responder, mas se eu tiver a oportunidade de voltar como jornalista em outra vida, com toda certeza noticiarei como foi.<\/p>\n\n\n\n<p><strong>Compartilho fotos de alguns dos Santos Pretos citados, que foram tiradas por mim, na Igreja do Ros\u00e1rio dos Pretos, no p\u00e9 do Pelourinho, em Salvador, Bahia.\u00a0<\/strong><\/p>\n\n\n\n<figure class=\"wp-block-gallery has-nested-images columns-default is-cropped wp-block-gallery-1 is-layout-flex wp-block-gallery-is-layout-flex\">\n<figure class=\"wp-block-image size-large\"><img loading=\"lazy\" decoding=\"async\" width=\"768\" height=\"1024\" data-id=\"3011\" src=\"https:\/\/focas.uniso.br\/wp-content\/uploads\/2025\/04\/WhatsApp-Image-2025-04-22-at-09.26.58-768x1024.jpeg\" alt=\"\" class=\"wp-image-3011\" srcset=\"https:\/\/focas.uniso.br\/wp-content\/uploads\/2025\/04\/WhatsApp-Image-2025-04-22-at-09.26.58-768x1024.jpeg 768w, https:\/\/focas.uniso.br\/wp-content\/uploads\/2025\/04\/WhatsApp-Image-2025-04-22-at-09.26.58-225x300.jpeg 225w, https:\/\/focas.uniso.br\/wp-content\/uploads\/2025\/04\/WhatsApp-Image-2025-04-22-at-09.26.58-1152x1536.jpeg 1152w, https:\/\/focas.uniso.br\/wp-content\/uploads\/2025\/04\/WhatsApp-Image-2025-04-22-at-09.26.58.jpeg 1200w\" sizes=\"auto, (max-width: 768px) 100vw, 768px\" \/><figcaption class=\"wp-element-caption\">Santo Elesb\u00e3o                                                                             <\/figcaption><\/figure>\n\n\n\n<figure class=\"wp-block-image size-large\"><img loading=\"lazy\" decoding=\"async\" width=\"768\" height=\"1024\" data-id=\"3012\" src=\"https:\/\/focas.uniso.br\/wp-content\/uploads\/2025\/04\/WhatsApp-Image-2025-04-22-at-09.26.56-768x1024.jpeg\" alt=\"\" class=\"wp-image-3012\" srcset=\"https:\/\/focas.uniso.br\/wp-content\/uploads\/2025\/04\/WhatsApp-Image-2025-04-22-at-09.26.56-768x1024.jpeg 768w, https:\/\/focas.uniso.br\/wp-content\/uploads\/2025\/04\/WhatsApp-Image-2025-04-22-at-09.26.56-225x300.jpeg 225w, https:\/\/focas.uniso.br\/wp-content\/uploads\/2025\/04\/WhatsApp-Image-2025-04-22-at-09.26.56-1152x1536.jpeg 1152w, https:\/\/focas.uniso.br\/wp-content\/uploads\/2025\/04\/WhatsApp-Image-2025-04-22-at-09.26.56.jpeg 1200w\" sizes=\"auto, (max-width: 768px) 100vw, 768px\" \/><figcaption class=\"wp-element-caption\">S\u00e3o Benedito<\/figcaption><\/figure>\n\n\n\n<figure class=\"wp-block-image size-large\"><img loading=\"lazy\" decoding=\"async\" width=\"768\" height=\"1024\" data-id=\"3013\" src=\"https:\/\/focas.uniso.br\/wp-content\/uploads\/2025\/04\/WhatsApp-Image-2025-04-22-at-09.26.57-768x1024.jpeg\" alt=\"\" class=\"wp-image-3013\" srcset=\"https:\/\/focas.uniso.br\/wp-content\/uploads\/2025\/04\/WhatsApp-Image-2025-04-22-at-09.26.57-768x1024.jpeg 768w, https:\/\/focas.uniso.br\/wp-content\/uploads\/2025\/04\/WhatsApp-Image-2025-04-22-at-09.26.57-225x300.jpeg 225w, https:\/\/focas.uniso.br\/wp-content\/uploads\/2025\/04\/WhatsApp-Image-2025-04-22-at-09.26.57-1152x1536.jpeg 1152w, https:\/\/focas.uniso.br\/wp-content\/uploads\/2025\/04\/WhatsApp-Image-2025-04-22-at-09.26.57.jpeg 1200w\" sizes=\"auto, (max-width: 768px) 100vw, 768px\" \/><figcaption class=\"wp-element-caption\">Santa Efig\u00eania<\/figcaption><\/figure>\n\n\n\n<figure class=\"wp-block-image size-large\"><img loading=\"lazy\" decoding=\"async\" width=\"993\" height=\"1024\" data-id=\"3014\" src=\"https:\/\/focas.uniso.br\/wp-content\/uploads\/2025\/04\/WhatsApp-Image-2025-04-22-at-09.26.57-1-993x1024.jpeg\" alt=\"\" class=\"wp-image-3014\" srcset=\"https:\/\/focas.uniso.br\/wp-content\/uploads\/2025\/04\/WhatsApp-Image-2025-04-22-at-09.26.57-1-993x1024.jpeg 993w, https:\/\/focas.uniso.br\/wp-content\/uploads\/2025\/04\/WhatsApp-Image-2025-04-22-at-09.26.57-1-291x300.jpeg 291w, https:\/\/focas.uniso.br\/wp-content\/uploads\/2025\/04\/WhatsApp-Image-2025-04-22-at-09.26.57-1-768x792.jpeg 768w, https:\/\/focas.uniso.br\/wp-content\/uploads\/2025\/04\/WhatsApp-Image-2025-04-22-at-09.26.57-1-1490x1536.jpeg 1490w, https:\/\/focas.uniso.br\/wp-content\/uploads\/2025\/04\/WhatsApp-Image-2025-04-22-at-09.26.57-1.jpeg 1552w\" sizes=\"auto, (max-width: 993px) 100vw, 993px\" \/><\/figure>\n<\/figure>\n\n\n\n<figure class=\"wp-block-image size-full\"><img loading=\"lazy\" decoding=\"async\" width=\"817\" height=\"222\" src=\"https:\/\/focas.uniso.br\/wp-content\/uploads\/2025\/04\/WhatsApp-Image-2025-04-08-at-09.40.58.jpeg\" alt=\"\" class=\"wp-image-2969\" srcset=\"https:\/\/focas.uniso.br\/wp-content\/uploads\/2025\/04\/WhatsApp-Image-2025-04-08-at-09.40.58.jpeg 817w, https:\/\/focas.uniso.br\/wp-content\/uploads\/2025\/04\/WhatsApp-Image-2025-04-08-at-09.40.58-300x82.jpeg 300w, https:\/\/focas.uniso.br\/wp-content\/uploads\/2025\/04\/WhatsApp-Image-2025-04-08-at-09.40.58-768x209.jpeg 768w\" sizes=\"auto, (max-width: 817px) 100vw, 817px\" \/><\/figure>\n","protected":false},"excerpt":{"rendered":"<p>&nbsp;Morte. Algo muito comentado na \u00faltima semana por envolver duas figuras do catolicismo: Jesus e Papa Francisco. Mas n\u00e3o t\u00e3o<\/p>\n","protected":false},"author":1,"featured_media":2968,"comment_status":"open","ping_status":"open","sticky":false,"template":"","format":"standard","meta":{"colormag_page_container_layout":"default_layout","colormag_page_sidebar_layout":"default_layout","footnotes":""},"categories":[6,57],"tags":[],"class_list":["post-3010","post","type-post","status-publish","format-standard","has-post-thumbnail","hentry","category-coluna","category-focando-em"],"featured_image_urls":{"full":["https:\/\/focas.uniso.br\/wp-content\/uploads\/2025\/04\/WhatsApp-Image-2025-04-08-at-09.38.16.jpeg",851,315,false],"thumbnail":["https:\/\/focas.uniso.br\/wp-content\/uploads\/2025\/04\/WhatsApp-Image-2025-04-08-at-09.38.16-150x150.jpeg",150,150,true],"medium":["https:\/\/focas.uniso.br\/wp-content\/uploads\/2025\/04\/WhatsApp-Image-2025-04-08-at-09.38.16-300x111.jpeg",300,111,true],"medium_large":["https:\/\/focas.uniso.br\/wp-content\/uploads\/2025\/04\/WhatsApp-Image-2025-04-08-at-09.38.16-768x284.jpeg",768,284,true],"large":["https:\/\/focas.uniso.br\/wp-content\/uploads\/2025\/04\/WhatsApp-Image-2025-04-08-at-09.38.16.jpeg",800,296,false],"1536x1536":["https:\/\/focas.uniso.br\/wp-content\/uploads\/2025\/04\/WhatsApp-Image-2025-04-08-at-09.38.16.jpeg",851,315,false],"2048x2048":["https:\/\/focas.uniso.br\/wp-content\/uploads\/2025\/04\/WhatsApp-Image-2025-04-08-at-09.38.16.jpeg",851,315,false],"colormag-highlighted-post":["https:\/\/focas.uniso.br\/wp-content\/uploads\/2025\/04\/WhatsApp-Image-2025-04-08-at-09.38.16-392x272.jpeg",392,272,true],"colormag-featured-post-medium":["https:\/\/focas.uniso.br\/wp-content\/uploads\/2025\/04\/WhatsApp-Image-2025-04-08-at-09.38.16-390x205.jpeg",390,205,true],"colormag-featured-post-small":["https:\/\/focas.uniso.br\/wp-content\/uploads\/2025\/04\/WhatsApp-Image-2025-04-08-at-09.38.16-130x90.jpeg",130,90,true],"colormag-featured-image":["https:\/\/focas.uniso.br\/wp-content\/uploads\/2025\/04\/WhatsApp-Image-2025-04-08-at-09.38.16-800x315.jpeg",800,315,true],"colormag-default-news":["https:\/\/focas.uniso.br\/wp-content\/uploads\/2025\/04\/WhatsApp-Image-2025-04-08-at-09.38.16-150x150.jpeg",150,150,true],"colormag-featured-image-large":["https:\/\/focas.uniso.br\/wp-content\/uploads\/2025\/04\/WhatsApp-Image-2025-04-08-at-09.38.16.jpeg",851,315,false]},"author_info":{"info":["focas"]},"category_info":"<a href=\"https:\/\/focas.uniso.br\/index.php\/category\/coluna\/\" rel=\"category tag\">Coluna<\/a> <a href=\"https:\/\/focas.uniso.br\/index.php\/category\/focando-em\/\" rel=\"category tag\">Focando em<\/a>","tag_info":"Focando em","comment_count":"0","_links":{"self":[{"href":"https:\/\/focas.uniso.br\/index.php\/wp-json\/wp\/v2\/posts\/3010","targetHints":{"allow":["GET"]}}],"collection":[{"href":"https:\/\/focas.uniso.br\/index.php\/wp-json\/wp\/v2\/posts"}],"about":[{"href":"https:\/\/focas.uniso.br\/index.php\/wp-json\/wp\/v2\/types\/post"}],"author":[{"embeddable":true,"href":"https:\/\/focas.uniso.br\/index.php\/wp-json\/wp\/v2\/users\/1"}],"replies":[{"embeddable":true,"href":"https:\/\/focas.uniso.br\/index.php\/wp-json\/wp\/v2\/comments?post=3010"}],"version-history":[{"count":1,"href":"https:\/\/focas.uniso.br\/index.php\/wp-json\/wp\/v2\/posts\/3010\/revisions"}],"predecessor-version":[{"id":3015,"href":"https:\/\/focas.uniso.br\/index.php\/wp-json\/wp\/v2\/posts\/3010\/revisions\/3015"}],"wp:featuredmedia":[{"embeddable":true,"href":"https:\/\/focas.uniso.br\/index.php\/wp-json\/wp\/v2\/media\/2968"}],"wp:attachment":[{"href":"https:\/\/focas.uniso.br\/index.php\/wp-json\/wp\/v2\/media?parent=3010"}],"wp:term":[{"taxonomy":"category","embeddable":true,"href":"https:\/\/focas.uniso.br\/index.php\/wp-json\/wp\/v2\/categories?post=3010"},{"taxonomy":"post_tag","embeddable":true,"href":"https:\/\/focas.uniso.br\/index.php\/wp-json\/wp\/v2\/tags?post=3010"}],"curies":[{"name":"wp","href":"https:\/\/api.w.org\/{rel}","templated":true}]}}