{"id":3016,"date":"2025-04-23T10:12:31","date_gmt":"2025-04-23T13:12:31","guid":{"rendered":"https:\/\/focas.uniso.br\/?p=3016"},"modified":"2025-04-23T10:28:15","modified_gmt":"2025-04-23T13:28:15","slug":"por-tras-dos-palcos-historias-de-artistas-sorocabanos-apaixonados-pelo-teatro","status":"publish","type":"post","link":"https:\/\/focas.uniso.br\/index.php\/2025\/04\/23\/por-tras-dos-palcos-historias-de-artistas-sorocabanos-apaixonados-pelo-teatro\/","title":{"rendered":"Por tr\u00e1s dos palcos: hist\u00f3rias de artistas sorocabanos apaixonados pelo teatro"},"content":{"rendered":"\n<p>Uma maneira de dar vida a hist\u00f3rias, ideias e conceitos, de forma \u00fanica e repleta de significados. O teatro \u00e9 uma arte cl\u00e1ssica com uma hist\u00f3ria milenar que ressoa em todo o mundo. No entanto, quando o investimento nesse aspecto cultural \u00e9 escasso, \u00e9 o amor que une os artistas diariamente na busca por criar algo singular. Essa \u00e9 a realidade de muitos atores, especialmente fora das grandes metr\u00f3poles. Para eles, a vontade de estar em cima dos palcos muitas vezes supera qualquer tipo de retorno financeiro, fazendo com que a paix\u00e3o pela arte prevale\u00e7a.<\/p>\n\n\n\n<p>As hist\u00f3rias de Tatiana e Victor s\u00e3o apenas algumas das in\u00fameras que poderiam ser contadas aqui, por\u00e9m, ambas representam partes importantes da arte e da luta por permanecer fazendo aquilo que amam, mesmo com in\u00fameros obst\u00e1culos pelo caminho. A atua\u00e7\u00e3o n\u00e3o \u00e9 a \u00fanica coisa que os une, o la\u00e7o familiar tamb\u00e9m est\u00e1 presente em suas vidas, j\u00e1 que s\u00e3o primos. A revista Ra\u00edzes traz a jornada e momentos marcantes destes artistas, com o prop\u00f3sito de entender quem est\u00e1 por tr\u00e1s das cortinas dos palcos e de seus diferentes personagens.<\/p>\n\n\n\n<p><strong>Conhecendo Tati <\/strong><\/p>\n\n\n\n<figure class=\"wp-block-image size-full\"><img loading=\"lazy\" decoding=\"async\" width=\"806\" height=\"526\" src=\"https:\/\/focas.uniso.br\/wp-content\/uploads\/2025\/04\/WhatsApp-Image-2025-04-23-at-09.58.22.jpeg\" alt=\"\" class=\"wp-image-3017\" srcset=\"https:\/\/focas.uniso.br\/wp-content\/uploads\/2025\/04\/WhatsApp-Image-2025-04-23-at-09.58.22.jpeg 806w, https:\/\/focas.uniso.br\/wp-content\/uploads\/2025\/04\/WhatsApp-Image-2025-04-23-at-09.58.22-300x196.jpeg 300w, https:\/\/focas.uniso.br\/wp-content\/uploads\/2025\/04\/WhatsApp-Image-2025-04-23-at-09.58.22-768x501.jpeg 768w\" sizes=\"auto, (max-width: 806px) 100vw, 806px\" \/><figcaption class=\"wp-element-caption\">Clara em \u2018Eis a Quest\u00e3o!\u2019, 2024. (Arquivo pessoal)<\/figcaption><\/figure>\n\n\n\n<p>A artista e jornalista Tatiana Spuzzillo, de 30 anos, come\u00e7ou sua jornada no mundo do teatro por meio de amigos da \u00e9poca da universidade. Se considerava muito t\u00edmida e, apesar de ser apaixonada por pe\u00e7as teatrais, nunca pensou que conseguiria estar em cima dos palcos. Hoje, a atriz j\u00e1 participou de in\u00fameros espet\u00e1culos e v\u00ea na arte uma parte crucial de si.<\/p>\n\n\n\n<p>Para quem tinha receio at\u00e9 mesmo de falar em p\u00fablico, Tati \u2014 como gosta de ser chamada \u2014 chegou em um momento \u00fanico de sua carreira. Atualmente faz parte do N\u00facleo de Artes C\u00eanicas (NAC) do SESI Sorocaba, programa que oferece cursos gratuitos de artes c\u00eanicas e disponibiliza a infraestrutura necess\u00e1ria para a realiza\u00e7\u00e3o de espet\u00e1culos teatrais, e est\u00e1 em cartaz com sua maior pe\u00e7a j\u00e1 apresentada. A artista, que era integrante de um pequeno grupo independente, com dificuldades para encontrar locais para ensaiar, hoje pode desfrutar das condi\u00e7\u00f5es ideais para fazer o que mais ama, sem grandes preocupa\u00e7\u00f5es.&nbsp;<\/p>\n\n\n\n<figure class=\"wp-block-image size-full\"><img loading=\"lazy\" decoding=\"async\" width=\"940\" height=\"531\" src=\"https:\/\/focas.uniso.br\/wp-content\/uploads\/2025\/04\/WhatsApp-Image-2025-04-23-at-10.00.30.jpeg\" alt=\"\" class=\"wp-image-3018\" srcset=\"https:\/\/focas.uniso.br\/wp-content\/uploads\/2025\/04\/WhatsApp-Image-2025-04-23-at-10.00.30.jpeg 940w, https:\/\/focas.uniso.br\/wp-content\/uploads\/2025\/04\/WhatsApp-Image-2025-04-23-at-10.00.30-300x169.jpeg 300w, https:\/\/focas.uniso.br\/wp-content\/uploads\/2025\/04\/WhatsApp-Image-2025-04-23-at-10.00.30-768x434.jpeg 768w\" sizes=\"auto, (max-width: 940px) 100vw, 940px\" \/><figcaption class=\"wp-element-caption\">Ensaio do espet\u00e1culo \u2018Eis a Quest\u00e3o!, SESI Sorocaba (Livian Rega\u00e7oni)<\/figcaption><\/figure>\n\n\n\n<p>Sentada em um sof\u00e1 no Centro Cultural do SESI, alguns minutos antes do ensaio da sua pe\u00e7a atual, Tatiana conta uma parte de sua hist\u00f3ria. \u201cTudo come\u00e7ou por um amigo da faculdade, o Pedro, que j\u00e1 fazia teatro h\u00e1 mais de 15 anos. Ele me chamava para participar das pe\u00e7as, e eu sempre negava. Um dia me deu um \u201cultimato\u201d, disse que iria dirigir um espet\u00e1culo e queria que eu participasse, n\u00e3o aceitaria n\u00e3o como resposta \u2014 a jovem relembra o momento com carinho e um sorriso no olhar \u2014, ent\u00e3o eu fui, com medo e muito t\u00edmida na \u00e9poca, mas fui\u201d.<\/p>\n\n\n\n<p>A jornada de Tati come\u00e7ou em 2019, com o cl\u00e1ssico \u2018Romeo e Julieta\u2019. \u201cMeu papel era do botic\u00e1rio que oferecia o veneno para Romeo, tinha apenas uma fala, mas isso n\u00e3o me impedia de ficar extremamente nervosa. Durante a primeira apresenta\u00e7\u00e3o, achei que iria desmaiar\u201d, brinca. \u201cNessa fala, eu precisava criar uma risada mal\u00e9fica, coisa que n\u00e3o consegui fazer em nenhum momento durante os quatro meses de ensaio. Ela \u201csurgiu\u201d praticamente cinco minutos antes de entrar no palco\u201d.<\/p>\n\n\n\n<p>A partir daquele momento, a rela\u00e7\u00e3o de Tati com o teatro se transformou, algo que parecia inalcan\u00e7\u00e1vel, se tornou uma parte crucial da vida da artista. Ela retrata suas experi\u00eancias mais marcantes e as experi\u00eancias ao longo desses cinco anos dedicados \u00e0 cria\u00e7\u00e3o e express\u00e3o. \u201cO nervosismo fica s\u00f3 at\u00e9 entrarmos no palco, depois \u00e9 uma del\u00edcia\u201d, conta. \u201cO teatro me transformou. Al\u00e9m de me ajudar com a timidez, me fez melhor no aspecto profissional tamb\u00e9m, me soltei mais e aprendi a me portar melhor. Antes, eu sempre me deixava em segundo plano, priorizando minha fam\u00edlia e o trabalho. Hoje, com a ajuda do teatro, aprendi a ser a protagonista da minha pr\u00f3pria vida.&#8221;<\/p>\n\n\n\n<p><strong>Nem tudo s\u00e3o flores<\/strong><\/p>\n\n\n\n<p>Apesar de ser uma arte milenar, o teatro, na maioria, segue negligenciado em termos de investimento por empresas e patrocinadores, for\u00e7ando artistas a encontrar caminhos alternativos para manter seus sonhos vivos. O teatro independente surge, muitas vezes, como ref\u00fagio para esses criadores, e foi assim que Tati iniciou sua trajet\u00f3ria. Junto a seus colegas, formou o Coletivo \u2018ArteCin\u2019, grupo respons\u00e1vel pelo espet\u00e1culo \u2018Romeo e Julieta\u2019 e \u2018Eu, Empregada Dom\u00e9stica\u2019, mantendo-se ativo por alguns anos. A jovem relembra os desafios constantes: desde a busca por locais adequados para ensaiar at\u00e9 a cria\u00e7\u00e3o dos figurinos, tudo era responsabilidade dos pr\u00f3prios atores. Sem remunera\u00e7\u00e3o ou participa\u00e7\u00e3o nos lucros da bilheteria, eles investiam seu pr\u00f3prio dinheiro para que as apresenta\u00e7\u00f5es pudessem acontecer. \u201cEra muito dif\u00edcil encontrar locais para as reuni\u00f5es e ensaios, muitas vezes faz\u00edamos online mesmo, por Google Meet, e quando t\u00ednhamos um local para ensaiar era com hor\u00e1rios marcados e tempo contado\u201d, relata Tati.<\/p>\n\n\n\n<p>\u201c\u00c9 muito diferente, tendo vindo do teatro independente e hoje possuir uma estrutura como esta para os ensaios e apresenta\u00e7\u00f5es. Sei que muita gente n\u00e3o tem essa oportunidade, e como \u00e9 dif\u00edcil seguir em frente dependendo 100% dos pr\u00f3prios artistas\u201d, Tatiana explica que nos seus ensaios com o SESI os atores possuem a possibilidade de criar, encenar e aprender enquanto praticam suas falas e n\u00fameros teatrais. \u201cTemos a nossa diretora, Ana, que al\u00e9m de nos guiar nos ensaios tamb\u00e9m ensina durante o processo. Os atores t\u00eam muito mais liberdade para aprender coisas novas e realmente \u201cviajar\u201d criando as cenas, algo que n\u00e3o pod\u00edamos nos dar ao luxo de fazer antes, com o teatro independente, j\u00e1 que o tempo que t\u00ednhamos era reservado exclusivamente para os ensaios\u201d.<\/p>\n\n\n\n<p> <strong>A vida em personagens<\/strong><\/p>\n\n\n\n<figure class=\"wp-block-image size-full\"><img loading=\"lazy\" decoding=\"async\" width=\"815\" height=\"459\" src=\"https:\/\/focas.uniso.br\/wp-content\/uploads\/2025\/04\/WhatsApp-Image-2025-04-23-at-10.02.14.jpeg\" alt=\"\" class=\"wp-image-3019\" srcset=\"https:\/\/focas.uniso.br\/wp-content\/uploads\/2025\/04\/WhatsApp-Image-2025-04-23-at-10.02.14.jpeg 815w, https:\/\/focas.uniso.br\/wp-content\/uploads\/2025\/04\/WhatsApp-Image-2025-04-23-at-10.02.14-300x169.jpeg 300w, https:\/\/focas.uniso.br\/wp-content\/uploads\/2025\/04\/WhatsApp-Image-2025-04-23-at-10.02.14-768x433.jpeg 768w\" sizes=\"auto, (max-width: 815px) 100vw, 815px\" \/><figcaption class=\"wp-element-caption\">Na primeira imagem, o primeiro espet\u00e1culo de Tati, \u2018Romeo e Julieta\u2019. Na segunda imagem, \u2018Planeta Nada\u2019, produ\u00e7\u00e3o autoral do grupo \u2018ArtCin\u2019. (Arquivo pessoal). <\/figcaption><\/figure>\n\n\n\n<p>Os atores costumam possuir uma grande conex\u00e3o com os personagens que interpretam. Para dar vida a uma pessoa totalmente diferente de voc\u00ea, em um aspecto muito distinto do qual vive, \u00e9 preciso se doar por inteiro, criando uma rela\u00e7\u00e3o muito profunda com quem o artista est\u00e1 dando vida nos palcos.<\/p>\n\n\n\n<p>Tatiana conta com carinho a viv\u00eancia de suas \u201cpersonas\u201d e os diferentes processos de prepara\u00e7\u00e3o para cada uma. \u201cA minha segunda personagem no teatro foi Cristina em \u2018Eu, Empregada Dom\u00e9stica\u2019<em>,<\/em> uma pe\u00e7a autoral do Coletivo. Ela foi baseada em uma pessoa real muito importante para minha vida. Cristina teve uma hist\u00f3ria de vida bem intensa, e conseguir levar isso para os palcos foi extremamente gratificante. N\u00f3s mesmos escrevemos e desenvolvemos tudo, significou muito para mim\u201d.<\/p>\n\n\n\n<figure class=\"wp-block-image size-full\"><img loading=\"lazy\" decoding=\"async\" width=\"488\" height=\"465\" src=\"https:\/\/focas.uniso.br\/wp-content\/uploads\/2025\/04\/WhatsApp-Image-2025-04-23-at-10.03.15.jpeg\" alt=\"\" class=\"wp-image-3020\" srcset=\"https:\/\/focas.uniso.br\/wp-content\/uploads\/2025\/04\/WhatsApp-Image-2025-04-23-at-10.03.15.jpeg 488w, https:\/\/focas.uniso.br\/wp-content\/uploads\/2025\/04\/WhatsApp-Image-2025-04-23-at-10.03.15-300x286.jpeg 300w\" sizes=\"auto, (max-width: 488px) 100vw, 488px\" \/><figcaption class=\"wp-element-caption\">O espet\u00e1culo \u2018Eis a Quest\u00e3o!\u2019 retrata pautas sociais como machismo estrutural, LGBTfobia e outros. A personagem Clara \u00e9 uma ativista pol\u00edtica. (Arquivo pessoal)<\/figcaption><\/figure>\n\n\n\n<p>Tati tamb\u00e9m interpretou Gaia, em uma pe\u00e7a de mesmo nome, e seu papel atual \u00e9 Clara, na produ\u00e7\u00e3o \u2018Eis a quest\u00e3o!\u2019, baseada em textos de Shakespeare. \u201cA Clara \u00e9 minha maior personagem at\u00e9 hoje, com ela tenho mais cenas e falas. A pe\u00e7a \u00e9 parte autoral, apesar de utilizarmos textos cl\u00e1ssicos, escrevemos algumas cenas e criamos os personagens do zero, o que foi uma del\u00edcia de fazer\u201d.<\/p>\n\n\n\n<p><strong>A hist\u00f3ria de Victor<\/strong><\/p>\n\n\n\n<p>Em um dos in\u00fameros bairros da grande S\u00e3o Paulo vive Victor Mota, de 32 anos, o sorocabano que iniciou sua carreira no teatro ainda na adolesc\u00eancia, em oficinas realizadas pela prefeitura da cidade. Victor se mudou para a \u201ccidade grande\u201d em busca de seguir com sua paix\u00e3o pelas artes, estudou teatro na Escola de Arte Dram\u00e1tica da Universidade de S\u00e3o Paulo (USP) e hoje diz com orgulho que vive 100% pelo que ama. \u201cN\u00e3o vou romantizar, j\u00e1 que n\u00e3o foi \u2014 e n\u00e3o \u00e9 \u2014 uma trajet\u00f3ria f\u00e1cil, mas acredito que desde 2012, quando formei meu primeiro grupo independente em Sorocaba, basicamente vivo de teatro\u201d, diz Victor.<\/p>\n\n\n\n<figure class=\"wp-block-image size-full\"><img loading=\"lazy\" decoding=\"async\" width=\"940\" height=\"623\" src=\"https:\/\/focas.uniso.br\/wp-content\/uploads\/2025\/04\/WhatsApp-Image-2025-04-23-at-10.04.35.jpeg\" alt=\"\" class=\"wp-image-3021\" srcset=\"https:\/\/focas.uniso.br\/wp-content\/uploads\/2025\/04\/WhatsApp-Image-2025-04-23-at-10.04.35.jpeg 940w, https:\/\/focas.uniso.br\/wp-content\/uploads\/2025\/04\/WhatsApp-Image-2025-04-23-at-10.04.35-300x199.jpeg 300w, https:\/\/focas.uniso.br\/wp-content\/uploads\/2025\/04\/WhatsApp-Image-2025-04-23-at-10.04.35-768x509.jpeg 768w\" sizes=\"auto, (max-width: 940px) 100vw, 940px\" \/><figcaption class=\"wp-element-caption\">\u2018Das Guerras de um Velho Baixo Caos\u2019, por Trup\u00e9, 2016. (Arquivo pessoal)<\/figcaption><\/figure>\n\n\n\n<p>O sorocabano passou por uma longa trajet\u00f3ria at\u00e9 chegar onde est\u00e1, desde 2008, quando passou por sua primeira oficina. Victor j\u00e1 se relacionou com diferentes frentes do teatro e da arte em geral. \u201cTudo come\u00e7ou em uma oficina cultural chamada Grande Otelo. Por l\u00e1, os artistas participavam de aulas com pessoas do meio teatral, faziam os ensaios e apresenta\u00e7\u00f5es ao final do curso. Comecei frequentando uma delas, e rapidamente me encantei pelo universo, passava muito tempo ali, e fui emendando uma oficina na outra, fiz canto e dan\u00e7a tamb\u00e9m\u201d, Victor passou grande parte da sua adolesc\u00eancia inserido na cena teatral sorocabana, e quando os cursos chegaram ao fim, ele e colegas de turma decidiram criar seu pr\u00f3prio grupo independente.<\/p>\n\n\n\n<p>O grupo de Victor contava com cerca de 13 alunos das antigas oficinas, todos apaixonados por aquela arte que lhes foi apresentada. \u201cEu nem me lembro se t\u00ednhamos um nome, n\u00e3o foi nada muito pensado, nossa vontade era apenas de continuar atuando, todos estavam muito animados depois da apresenta\u00e7\u00e3o da pe\u00e7a de encerramento, ent\u00e3o decidimos continuar. Foi com este grupo que vi o outro lado do teatro, como \u00e9ramos independentes, precis\u00e1vamos conseguir recursos, desenvolver figurinos, aprender sobre som e ilumina\u00e7\u00e3o e por a\u00ed vai. Foi uma fase de muito aprendizado\u201d, os ensaios e apresenta\u00e7\u00f5es eram feitos no mesmo local onde aconteciam as oficinas, localizado no Centro de Sorocaba. Victor permaneceu no grupo por dois anos, que foi se dissipando ap\u00f3s esse tempo.<\/p>\n\n\n\n<p>Depois do encerramento do grupo, Victor, que j\u00e1 via a arte como parte crucial de sua vida, decidiu seguir no ramo. Na \u00e9poca, j\u00e1 tinha contato com pessoas da \u00e1rea e estava mais familiarizado com o teatro. Ainda era jovem, por\u00e9m muito mais experiente e certo de que o teatro n\u00e3o era apenas um passatempo, mas sim algo para a vida.<\/p>\n\n\n\n<p><strong>O grupo Trup\u00e9<\/strong><\/p>\n\n\n\n<p>Em sua entrevista \u00e0 revista Ra\u00edzes, Victor enfatizou diversas vezes a import\u00e2ncia que um certo grupo teve na sua forma\u00e7\u00e3o como ator. A Trup\u00e9 surgiu em 2012 e permaneceu atuando at\u00e9 2019. Inicialmente chamada de Trupe Koskovski, era formada, em parte, por artistas da Universidade de Sorocaba (Uniso), graduando da primeira turma de teatro da universidade.&nbsp;<\/p>\n\n\n\n<p>O grupo fazia, especialmente, apresenta\u00e7\u00f5es de teatro de rua. Um formato que pode ser considerado mais \u201calternativo\u201d de atua\u00e7\u00e3o, onde os atores utilizam as ruas, casas e pr\u00e9dios ao seu redor para compor a hist\u00f3ria que est\u00e1 sendo contada na pe\u00e7a. \u201cN\u00f3s t\u00ednhamos uma sede pr\u00f3xima \u00e0 rodovi\u00e1ria de Sorocaba, e sempre v\u00edamos muita movimenta\u00e7\u00e3o do local, ent\u00e3o pensamos: quantas pessoas passam por l\u00e1 todos os dias, mas n\u00e3o conhecem a hist\u00f3ria? Isso chamou muito nossa aten\u00e7\u00e3o\u201d, Victor relata que uma das artistas do grupo sugeriu um projeto que contasse a hist\u00f3ria dos pontos hist\u00f3ricos da cidade.&nbsp;&nbsp;<\/p>\n\n\n\n<p>A partir desta ideia surgiu uma trilogia de apresenta\u00e7\u00f5es estreladas pelo grupo, chamada de \u2018Trilogia do Centro da Cidade\u2019. \u201cA gente enlouqueceu com a ideia, todos ficaram muito empolgados, nossa primeira pe\u00e7a durava mais de tr\u00eas horas\u201d, Victor enfatiza como o cen\u00e1rio era uma parte crucial do espet\u00e1culo, \u201ccome\u00e7amos na rodovi\u00e1ria e depois \u00edamos passando pelas ruas pr\u00f3ximas dali, o espa\u00e7o estava totalmente ligado \u00e0 dramaturgia e as cenas\u201d.<\/p>\n\n\n\n<figure class=\"wp-block-image size-full\"><img loading=\"lazy\" decoding=\"async\" width=\"940\" height=\"623\" src=\"https:\/\/focas.uniso.br\/wp-content\/uploads\/2025\/04\/WhatsApp-Image-2025-04-23-at-10.05.43.jpeg\" alt=\"\" class=\"wp-image-3022\" srcset=\"https:\/\/focas.uniso.br\/wp-content\/uploads\/2025\/04\/WhatsApp-Image-2025-04-23-at-10.05.43.jpeg 940w, https:\/\/focas.uniso.br\/wp-content\/uploads\/2025\/04\/WhatsApp-Image-2025-04-23-at-10.05.43-300x199.jpeg 300w, https:\/\/focas.uniso.br\/wp-content\/uploads\/2025\/04\/WhatsApp-Image-2025-04-23-at-10.05.43-768x509.jpeg 768w\" sizes=\"auto, (max-width: 940px) 100vw, 940px\" \/><figcaption class=\"wp-element-caption\">Da aurora de um novo dia ou de um velho tempo tecido em banho-maria\u2019, Pra\u00e7a Coronel Fernando Prestes, por Trup\u00e9, 2015. (Arquivo pessoal)<\/figcaption><\/figure>\n\n\n\n<p>Victor conta que o grupo passava pela cidade narrando uma hist\u00f3ria que cativava as pessoas ao redor, quem quer que estivesse nas ruas se tornava um p\u00fablico espont\u00e2neo, \u00e0s vezes apenas daquela cena em espec\u00edfico ou por toda a trajet\u00f3ria da pe\u00e7a. \u201cAs apresenta\u00e7\u00f5es muitas vezes eram interativas, uma das personagens sempre acompanhava o p\u00fablico durante as cenas e conversava com eles\u201d, explica o ator.<\/p>\n\n\n\n<p>A Trup\u00e9 durou cerca de 8 anos. Al\u00e9m das in\u00fameras apresenta\u00e7\u00f5es de teatro de rua do grupo, eles foram respons\u00e1veis por escrever editais culturais para a cidade, os vendiam para empresas privadas e tamb\u00e9m realizavam pe\u00e7as infantis em escolas. \u201cN\u00f3s nos dedicamos demais ao grupo, foram anos em que viv\u00edamos daquilo intensamente. E eu acho que esse envolvimento com a Trup\u00e9, de todos os anos de trabalho, considero como um auge, um doce, porque \u00e9 a hist\u00f3ria de um grupo de teatro do interior, que viveu independente e conseguiu se consolidar por muito tempo\u201d, completa Victor.<\/p>\n\n\n\n<p><strong>Vivendo da arte<\/strong><\/p>\n\n\n\n<figure class=\"wp-block-image size-full\"><img loading=\"lazy\" decoding=\"async\" width=\"469\" height=\"707\" src=\"https:\/\/focas.uniso.br\/wp-content\/uploads\/2025\/04\/WhatsApp-Image-2025-04-23-at-10.06.38.jpeg\" alt=\"\" class=\"wp-image-3023\" srcset=\"https:\/\/focas.uniso.br\/wp-content\/uploads\/2025\/04\/WhatsApp-Image-2025-04-23-at-10.06.38.jpeg 469w, https:\/\/focas.uniso.br\/wp-content\/uploads\/2025\/04\/WhatsApp-Image-2025-04-23-at-10.06.38-199x300.jpeg 199w\" sizes=\"auto, (max-width: 469px) 100vw, 469px\" \/><figcaption class=\"wp-element-caption\">O grupo Trup\u00e9 foi um divisor de \u00e1guas na vida de Victor, transformando sua forma de se relacionar com o teatro (Arquivo pessoal) <\/figcaption><\/figure>\n\n\n\n<p>Victor consegue dizer que, atualmente, realizou um grande sonho e vive totalmente da sua arte. Al\u00e9m do teatro, o jovem se encontrou em uma segunda paix\u00e3o: a m\u00fasica. Ele se formou pela Uniso, e j\u00e1 realizou projetos envolvendo ambos os mundos. \u201cFiz uma pe\u00e7a chamada \u2018Panfleto Maria\u2019, onde em uma das cenas eu tocava piano no palco. Isso foi muito simb\u00f3lico para mim, essa jun\u00e7\u00e3o das duas artes\u201d, reflete o ator.<\/p>\n\n\n\n<p>Ap\u00f3s a mudan\u00e7a para S\u00e3o Paulo, trabalhou dentro e fora dos palcos e, recentemente, teve seu primeiro contato com o audiovisual, fazendo uma pequena participa\u00e7\u00e3o na s\u00e9rie \u2018Jos\u00e9 e Durval\u2019 da plataforma de streaming Globoplay. O ator conta como a experi\u00eancia o fez conhecer um novo lado da arte.<\/p>\n\n\n\n<p>Al\u00e9m de sua participa\u00e7\u00e3o na s\u00e9rie, Victor estrelou em outras pe\u00e7as teatrais, incluindo um projeto de teatro de rua, intitulado<em> \u2018<\/em>Filha do Encontro das \u00c1guas\u2019, trabalho feito em Manaus. O sorocabano tamb\u00e9m segue com seus trabalhos musicais, e participa de um grupo chamado \u2018Odider\u00ea\u2019, voltado para a m\u00fasica africana, com cria\u00e7\u00f5es autorais.<\/p>\n\n\n\n<p>Apesar de conseguir seu sustento da arte, Victor ainda relata que encontra dificuldades no dia a dia e que, por conta do estilo de vida, as coisas acabam sendo mais incertas. \u201cMuitas vezes os artistas se colocam em uma posi\u00e7\u00e3o de vulnerabilidade, porque a vida \u00e9 dif\u00edcil, as coisas n\u00e3o acontecem sempre. Por isso, al\u00e9m de participar de projetos como convidado, decidi investir nos meus pr\u00f3prios, como o grupo musical. Acredito que seja um jeito de olhar pelo meu futuro\u201d.<\/p>\n\n\n\n<p>Victor completa: \u201cQuando enxergamos a arte e projetos art\u00edsticos como algo profissional e n\u00e3o um passatempo, isso nos muda de verdade. Afinal, por que n\u00e3o podemos ver isso como um trabalho tal qual os demais? Pode n\u00e3o ser um cargo em regime CLT, onde voc\u00ea precisa trabalhar todos os dias oito horas por dia, por exemplo, mas ainda sim \u00e9 um trabalho\u201d.<\/p>\n\n\n\n<figure class=\"wp-block-image size-full\"><img loading=\"lazy\" decoding=\"async\" width=\"846\" height=\"561\" src=\"https:\/\/focas.uniso.br\/wp-content\/uploads\/2025\/04\/WhatsApp-Image-2025-04-23-at-10.07.32.jpeg\" alt=\"\" class=\"wp-image-3024\" srcset=\"https:\/\/focas.uniso.br\/wp-content\/uploads\/2025\/04\/WhatsApp-Image-2025-04-23-at-10.07.32.jpeg 846w, https:\/\/focas.uniso.br\/wp-content\/uploads\/2025\/04\/WhatsApp-Image-2025-04-23-at-10.07.32-300x199.jpeg 300w, https:\/\/focas.uniso.br\/wp-content\/uploads\/2025\/04\/WhatsApp-Image-2025-04-23-at-10.07.32-768x509.jpeg 768w\" sizes=\"auto, (max-width: 846px) 100vw, 846px\" \/><figcaption class=\"wp-element-caption\">\u2018Panfleto Maria\u2019, Victor diz que a cena em que seu personagem toca piano em cima do palco foi quando mais se sentiu ele mesmo. Turma 72 EAD\/ECA\/USP, 2021. (Arquivo pessoal)<\/figcaption><\/figure>\n\n\n\n<p><strong>Mas afinal, por que o teatro?<\/strong><\/p>\n\n\n\n<p>Apesar de suas diferentes experi\u00eancias e rotinas, Victor e Tatiana compartilham do mesmo pensamento quando a pergunta apresentada foi: mas afinal, por que o teatro?<\/p>\n\n\n\n<p>Tati ir\u00e1 dizer: \u201cParece que \u201cpulsa\u201d mais, quando \u00e9 ao vivo como o teatro, ficamos mais emocionados, sentimos mais. Quando vemos tudo aquilo acontecendo bem na nossa frente, se torna algo at\u00e9 mesmo mais carnal. Uma sensa\u00e7\u00e3o que s\u00f3 o teatro proporciona\u201d. Victor, mesmo que com outras palavras, compartilha do mesmo sentimento que a prima. \u201cTenho essa sensa\u00e7\u00e3o dentro de mim sempre que assisto a uma pe\u00e7a, ver a coisa acontecendo bem na minha frente, com pessoas que est\u00e3o se dedicando para contar uma hist\u00f3ria a voc\u00ea, de uma forma t\u00e3o humana e sens\u00edvel. Isso me encanta de um jeito inexplic\u00e1vel\u201d.<\/p>\n\n\n\n<p>Tais falas s\u00e3o apenas um resumo da import\u00e2ncia da arte, n\u00e3o s\u00f3 para eles, mas sim para todos os artistas que se encontraram seja em cima dos palcos, em frente \u00e0s c\u00e2meras, com um microfone em m\u00e3os ou dedilhando algum instrumento musical. Todos possuem algo em comum: a paix\u00e3o pela arte, que transforma quem estiver ao seu redor em seu \u2018eu\u2019 mais aut\u00eantico e verdadeiro.<\/p>\n\n\n\n<figure class=\"wp-block-image size-full\"><img loading=\"lazy\" decoding=\"async\" width=\"941\" height=\"634\" src=\"https:\/\/focas.uniso.br\/wp-content\/uploads\/2025\/04\/WhatsApp-Image-2025-04-23-at-10.08.28.jpeg\" alt=\"\" class=\"wp-image-3025\" srcset=\"https:\/\/focas.uniso.br\/wp-content\/uploads\/2025\/04\/WhatsApp-Image-2025-04-23-at-10.08.28.jpeg 941w, https:\/\/focas.uniso.br\/wp-content\/uploads\/2025\/04\/WhatsApp-Image-2025-04-23-at-10.08.28-300x202.jpeg 300w, https:\/\/focas.uniso.br\/wp-content\/uploads\/2025\/04\/WhatsApp-Image-2025-04-23-at-10.08.28-768x517.jpeg 768w\" sizes=\"auto, (max-width: 941px) 100vw, 941px\" \/><figcaption class=\"wp-element-caption\">Espet\u00e1culo de encerramento da pe\u00e7a \u2018Eis a Quest\u00e3o\u2019, Cena Livre, no SESI Sorocaba (Livian Rega\u00e7oni).<\/figcaption><\/figure>\n\n\n\n<p>Reportagem produzida originalmente para o Projeto Experimental em Jornalismo, na modalidade revista digital, revista ra\u00edzes. O projeto foi desenvolvido pelas alunas Ba\u0301rbara Fernanda de Campos Bruno, Camila Alves da Silva, Laura da Silva Mazo Hurtado e Livian Oliveira Regac\u0327oni sob orienta\u00e7\u00e3o da professora Bianca Didoni.<\/p>\n","protected":false},"excerpt":{"rendered":"<p>Uma maneira de dar vida a hist\u00f3rias, ideias e conceitos, de forma \u00fanica e repleta de significados. O teatro \u00e9<\/p>\n","protected":false},"author":1,"featured_media":0,"comment_status":"open","ping_status":"open","sticky":false,"template":"","format":"standard","meta":{"colormag_page_container_layout":"default_layout","colormag_page_sidebar_layout":"default_layout","footnotes":""},"categories":[15,9,37,14],"tags":[30,41,29,28],"class_list":["post-3016","post","type-post","status-publish","format-standard","hentry","category-jornalismo","category-jornalismo-online","category-sorocaba","category-uniso","tag-focas","tag-focas-na-rede","tag-jornalismo","tag-uniso"],"featured_image_urls":{"full":"","thumbnail":"","medium":"","medium_large":"","large":"","1536x1536":"","2048x2048":"","colormag-highlighted-post":"","colormag-featured-post-medium":"","colormag-featured-post-small":"","colormag-featured-image":"","colormag-default-news":"","colormag-featured-image-large":""},"author_info":{"info":["focas"]},"category_info":"<a href=\"https:\/\/focas.uniso.br\/index.php\/category\/jornalismo\/\" rel=\"category tag\">Jornalismo<\/a> <a href=\"https:\/\/focas.uniso.br\/index.php\/category\/jornalismo-online\/\" rel=\"category tag\">jornalismo online<\/a> <a href=\"https:\/\/focas.uniso.br\/index.php\/category\/sorocaba\/\" rel=\"category tag\">Sorocaba<\/a> <a href=\"https:\/\/focas.uniso.br\/index.php\/category\/uniso\/\" rel=\"category tag\">Uniso<\/a>","tag_info":"Uniso","comment_count":"0","_links":{"self":[{"href":"https:\/\/focas.uniso.br\/index.php\/wp-json\/wp\/v2\/posts\/3016","targetHints":{"allow":["GET"]}}],"collection":[{"href":"https:\/\/focas.uniso.br\/index.php\/wp-json\/wp\/v2\/posts"}],"about":[{"href":"https:\/\/focas.uniso.br\/index.php\/wp-json\/wp\/v2\/types\/post"}],"author":[{"embeddable":true,"href":"https:\/\/focas.uniso.br\/index.php\/wp-json\/wp\/v2\/users\/1"}],"replies":[{"embeddable":true,"href":"https:\/\/focas.uniso.br\/index.php\/wp-json\/wp\/v2\/comments?post=3016"}],"version-history":[{"count":3,"href":"https:\/\/focas.uniso.br\/index.php\/wp-json\/wp\/v2\/posts\/3016\/revisions"}],"predecessor-version":[{"id":3029,"href":"https:\/\/focas.uniso.br\/index.php\/wp-json\/wp\/v2\/posts\/3016\/revisions\/3029"}],"wp:attachment":[{"href":"https:\/\/focas.uniso.br\/index.php\/wp-json\/wp\/v2\/media?parent=3016"}],"wp:term":[{"taxonomy":"category","embeddable":true,"href":"https:\/\/focas.uniso.br\/index.php\/wp-json\/wp\/v2\/categories?post=3016"},{"taxonomy":"post_tag","embeddable":true,"href":"https:\/\/focas.uniso.br\/index.php\/wp-json\/wp\/v2\/tags?post=3016"}],"curies":[{"name":"wp","href":"https:\/\/api.w.org\/{rel}","templated":true}]}}