{"id":311,"date":"2017-06-09T14:09:00","date_gmt":"2017-06-09T14:09:00","guid":{"rendered":"http:\/\/focas.uniso.br\/index.php\/2017\/06\/09\/moda-realiza-desfile-com-referencias-goticas-e-renascentistas\/"},"modified":"2017-06-09T14:09:00","modified_gmt":"2017-06-09T14:09:00","slug":"moda-realiza-desfile-com-referencias-goticas-e-renascentistas","status":"publish","type":"post","link":"https:\/\/focas.uniso.br\/index.php\/2017\/06\/09\/moda-realiza-desfile-com-referencias-goticas-e-renascentistas\/","title":{"rendered":"Moda realiza desfile com refer\u00eancias g\u00f3ticas e renascentistas"},"content":{"rendered":"<div style=\"clear: both; text-align: center;\"><a href=\"https:\/\/4.bp.blogspot.com\/-dMbz71hjv70\/WTqm852xASI\/AAAAAAAAGHE\/3oSMDCA2nugxiCxx-MmnyNNCqYvm9ARAwCLcB\/s1600\/Alunos%2Bdesfilando%2Bcom%2Badornos%2Bg%25C3%25B3ticos%2Be%2BRenascentistas.jpg\" style=\"margin-left: 1em; margin-right: 1em;\"><img loading=\"lazy\" decoding=\"async\" border=\"0\" data-original-height=\"1064\" data-original-width=\"1600\" height=\"212\" src=\"https:\/\/4.bp.blogspot.com\/-dMbz71hjv70\/WTqm852xASI\/AAAAAAAAGHE\/3oSMDCA2nugxiCxx-MmnyNNCqYvm9ARAwCLcB\/s320\/Alunos%2Bdesfilando%2Bcom%2Badornos%2Bg%25C3%25B3ticos%2Be%2BRenascentistas.jpg\" width=\"320\" \/><\/a><\/div>\n<div style=\"text-align: justify;\">&nbsp;<span style=\"text-align: justify;\">Os alunos do primeiro semestre do curso de Moda da Universidade de Sorocaba (Uniso) organizaram um desfile de adornos para a cabe\u00e7a, de inspira\u00e7\u00e3o g\u00f3tica e renascentista O projeto foi desenvolvido nas disciplinas Conex\u00f5es entre Corpo Arte e Moda, Constru\u00e7\u00e3o Experimental em Moda e Desenho B\u00e1sico, ministradas pelas professoras Laura de Mello Mattos Anacleto, Celina Favero Catarine e Lucia Castanho de Barros Rampini. O desfile aconteceu no dia 15 de maio, no intervalo do per\u00edodo da manh\u00e3, entre os blocos A e B.<\/span><\/div>\n<table cellpadding=\"0\" cellspacing=\"0\" style=\"float: right; margin-left: 1em; text-align: right;\">\n<tbody>\n<tr>\n<td style=\"text-align: center;\"><a href=\"https:\/\/2.bp.blogspot.com\/-viYthYtmSD4\/WTqnHHt1coI\/AAAAAAAAGHQ\/iUufadOaUG4GrbD88sPwnEdHlHQFD4zwgCEw\/s1600\/Alunos%2Bexibindo%2Badornos%2Bpara%2Bcabe%25C3%25A7a%2Bem%2Bdesfile.jpg\" style=\"clear: right; margin-bottom: 1em; margin-left: auto; margin-right: auto;\"><img loading=\"lazy\" decoding=\"async\" border=\"0\" data-original-height=\"1064\" data-original-width=\"1600\" height=\"212\" src=\"https:\/\/2.bp.blogspot.com\/-viYthYtmSD4\/WTqnHHt1coI\/AAAAAAAAGHQ\/iUufadOaUG4GrbD88sPwnEdHlHQFD4zwgCEw\/s320\/Alunos%2Bexibindo%2Badornos%2Bpara%2Bcabe%25C3%25A7a%2Bem%2Bdesfile.jpg\" width=\"320\" \/><\/a><\/td>\n<\/tr>\n<tr>\n<td style=\"text-align: left;\">&nbsp;Alunos exibindo adornos para a cabe\u00e7a no desfile<\/td>\n<\/tr>\n<\/tbody>\n<\/table>\n<div style=\"text-align: justify;\">Cada disciplina teve uma contribui\u00e7\u00e3o no processo de cria\u00e7\u00e3o dos adornos. Com a professora Laura Mattos, os alunos selecionaram obras de arte para fazer uma r\u00e9plica em fotos, que foram apresentadas em uma exposi\u00e7\u00e3o. A partir desse trabalho, escolheram elementos para a cria\u00e7\u00e3o dos adornos. J\u00e1 com a orienta\u00e7\u00e3o da professora Lucia Castanho, fizeram o desenho e, com professora Celina Favero Catarine, pesquisaram materiais e executaram o produto.<\/div>\n<p><\/p>\n<div style=\"text-align: justify;\">A cria\u00e7\u00e3o era livre, conceitual, sem preocupa\u00e7\u00e3o com a funcionalidade de cada adorno, devendo apenas fazer refer\u00eancia \u00e0s artes renascentista e g\u00f3tica. Para fundamentar esse processo, os estudantes pesquisaram elementos sobre a hist\u00f3ria da indument\u00e1ria, hist\u00f3ria social por meio das pinturas e moda e sociedade.<\/div>\n<div style=\"text-align: justify;\">A professora Celina Favero Catarine, 44, comenta que o projeto, ao propor a elabora\u00e7\u00e3o de adornos e n\u00e3o de roupas, foi concebido de forma a propiciar aos estudantes o primeiro passo na cria\u00e7\u00e3o de moda, de acordo com seu n\u00edvel de forma\u00e7\u00e3o. \u201cO mais prazeroso para o docente \u00e9 ver as disciplinas se integrando e a compreens\u00e3o do aluno sobre aquele projeto se concretizar\u201d, afirma.<\/div>\n<table align=\"center\" cellpadding=\"0\" cellspacing=\"0\" style=\"margin-left: auto; margin-right: auto; text-align: center;\">\n<tbody>\n<tr>\n<td style=\"text-align: center;\"><a href=\"https:\/\/4.bp.blogspot.com\/-_lFtHG3bTNI\/WTqnCubdLAI\/AAAAAAAAGHQ\/90DJ7yJ7NeMdX-Sm-kWnJ4siOwMutb5DwCEw\/s1600\/Aluna%2Bdo%2Bcurso%2Bde%2BModa%2Bdesfilando.jpg\" style=\"margin-left: auto; margin-right: auto;\"><img loading=\"lazy\" decoding=\"async\" border=\"0\" data-original-height=\"1064\" data-original-width=\"1600\" height=\"212\" src=\"https:\/\/4.bp.blogspot.com\/-_lFtHG3bTNI\/WTqnCubdLAI\/AAAAAAAAGHQ\/90DJ7yJ7NeMdX-Sm-kWnJ4siOwMutb5DwCEw\/s320\/Aluna%2Bdo%2Bcurso%2Bde%2BModa%2Bdesfilando.jpg\" width=\"320\" \/><\/a><\/td>\n<\/tr>\n<tr>\n<td style=\"text-align: left;\">&nbsp;Aluna do curso de Modas desfilando&nbsp;<\/td>\n<\/tr>\n<\/tbody>\n<\/table>\n<div style=\"clear: both; text-align: center;\"><\/div>\n<p><\/p>\n<div style=\"text-align: justify;\"><span style=\"font-family: &quot;Times New Roman&quot;,&quot;serif&quot;; font-size: 12.0pt; line-height: 115%;\"><i>Texto e fotos: Camila de Salles\/Ag\u00eanciaJor<\/i><o:p><\/o:p><\/span><\/div>\n<p><\/p>\n","protected":false},"excerpt":{"rendered":"<p>&nbsp;Os alunos do primeiro semestre do curso de Moda da Universidade de Sorocaba (Uniso) organizaram um desfile de adornos para<\/p>\n","protected":false},"author":1,"featured_media":0,"comment_status":"open","ping_status":"open","sticky":false,"template":"","format":"standard","meta":{"colormag_page_container_layout":"default_layout","colormag_page_sidebar_layout":"default_layout","footnotes":""},"categories":[1],"tags":[],"class_list":["post-311","post","type-post","status-publish","format-standard","hentry","category-uncategorized"],"featured_image_urls":{"full":"","thumbnail":"","medium":"","medium_large":"","large":"","1536x1536":"","2048x2048":"","colormag-highlighted-post":"","colormag-featured-post-medium":"","colormag-featured-post-small":"","colormag-featured-image":"","colormag-default-news":"","colormag-featured-image-large":""},"author_info":{"info":["focas"]},"category_info":"<a href=\"https:\/\/focas.uniso.br\/index.php\/category\/uncategorized\/\" rel=\"category tag\">Uncategorized<\/a>","tag_info":"Uncategorized","comment_count":"0","_links":{"self":[{"href":"https:\/\/focas.uniso.br\/index.php\/wp-json\/wp\/v2\/posts\/311","targetHints":{"allow":["GET"]}}],"collection":[{"href":"https:\/\/focas.uniso.br\/index.php\/wp-json\/wp\/v2\/posts"}],"about":[{"href":"https:\/\/focas.uniso.br\/index.php\/wp-json\/wp\/v2\/types\/post"}],"author":[{"embeddable":true,"href":"https:\/\/focas.uniso.br\/index.php\/wp-json\/wp\/v2\/users\/1"}],"replies":[{"embeddable":true,"href":"https:\/\/focas.uniso.br\/index.php\/wp-json\/wp\/v2\/comments?post=311"}],"version-history":[{"count":0,"href":"https:\/\/focas.uniso.br\/index.php\/wp-json\/wp\/v2\/posts\/311\/revisions"}],"wp:attachment":[{"href":"https:\/\/focas.uniso.br\/index.php\/wp-json\/wp\/v2\/media?parent=311"}],"wp:term":[{"taxonomy":"category","embeddable":true,"href":"https:\/\/focas.uniso.br\/index.php\/wp-json\/wp\/v2\/categories?post=311"},{"taxonomy":"post_tag","embeddable":true,"href":"https:\/\/focas.uniso.br\/index.php\/wp-json\/wp\/v2\/tags?post=311"}],"curies":[{"name":"wp","href":"https:\/\/api.w.org\/{rel}","templated":true}]}}