{"id":312,"date":"2017-06-08T21:29:00","date_gmt":"2017-06-08T21:29:00","guid":{"rendered":"http:\/\/focas.uniso.br\/index.php\/2017\/06\/08\/uniso-promove-palestra-para-apresentar-projeto-de-ex-alunos\/"},"modified":"2017-06-08T21:29:00","modified_gmt":"2017-06-08T21:29:00","slug":"uniso-promove-palestra-para-apresentar-projeto-de-ex-alunos","status":"publish","type":"post","link":"https:\/\/focas.uniso.br\/index.php\/2017\/06\/08\/uniso-promove-palestra-para-apresentar-projeto-de-ex-alunos\/","title":{"rendered":"Uniso promove palestra para apresentar projeto de ex-alunos"},"content":{"rendered":"<div style=\"clear: both; text-align: center;\"><a href=\"https:\/\/1.bp.blogspot.com\/-fVQwgUCKuIw\/WTnAULa8mfI\/AAAAAAAAGG0\/mplggd8vdAYlBBF8c1YMZ5eiuBwwcuyiACLcB\/s1600\/elipsia.jpg\" style=\"margin-left: 1em; margin-right: 1em;\"><img loading=\"lazy\" decoding=\"async\" border=\"0\" data-original-height=\"864\" data-original-width=\"1299\" height=\"212\" src=\"https:\/\/1.bp.blogspot.com\/-fVQwgUCKuIw\/WTnAULa8mfI\/AAAAAAAAGG0\/mplggd8vdAYlBBF8c1YMZ5eiuBwwcuyiACLcB\/s320\/elipsia.jpg\" width=\"320\" \/><\/a><\/div>\n<div style=\"text-align: justify;\">A Universidade de Sorocaba (Uniso) promoveu, no dia 25 de maio, uma palestra com o tema \u201cNarrativa Colaborativa\u201d, ministrada por Guilherme Profeta, ex-aluno de Jornalismo. Ele apresentou seu novo projeto, \u201cEllipsia al\u00e9m de Melissa\u201d, obra idealizada por ele e que contou com a colabora\u00e7\u00e3o de outros ex-alunos dos cursos de Comunica\u00e7\u00e3o Social, Design Gr\u00e1fico e do MBA em Marketing de Conte\u00fado.<\/div>\n<div style=\"text-align: justify;\">De acordo com Profeta, o projeto surgiu a partir do roteiro, que se transformou em uma hist\u00f3ria em quadrinhos denominada \u201cMelissa em Ellipsia\u201d, tamb\u00e9m de sua autoria, lan\u00e7ada em 2009. O projeto atual, \u201cEllipsia al\u00e9m de Melissa\u201d, \u00e9 uma colet\u00e2nea de contos baseada no projeto anterior e que mistura fantasia e realidade. Nessa obra, \u00e9 poss\u00edvel encontrar personagens j\u00e1 conhecidos da antiga hist\u00f3ria, assim como conhecer outros personagens in\u00e9ditos. S\u00e3o seis coautores que colaboraram com a obra, incluindo Profeta.<\/div>\n<div style=\"text-align: justify;\">Durante a palestra, ele explicou o projeto, como foi produzido e as dificuldades enfrentadas. A plateia p\u00f4de tirar d\u00favidas e conhecer mais a respeito do trabalho. Sarah Rappl uma das coautoras falou sobre essa experi\u00eancia. \u201cFoi muito enriquecedor e desafiador participar de uma colet\u00e2nea de contos desafiador porque tivemos que pensar em conjunto e desenvolver tramas que \u2018batessem\u2019 umas com as outras, como tamb\u00e9m com a hist\u00f3ria em quadrinhos original\u201d, afirma Sarah.<\/div>\n<div style=\"text-align: justify;\"><span style=\"white-space: pre;\"> <\/span>Para saber mais sobre esse projeto e como adquirir a obra, basta acessar o link: https:\/\/www.catarse.me\/ellipsia.<\/div>\n<table cellpadding=\"0\" cellspacing=\"0\" style=\"margin-left: auto; margin-right: auto; text-align: center;\">\n<tbody>\n<tr>\n<td style=\"text-align: center;\"><a href=\"https:\/\/1.bp.blogspot.com\/-uPuk-lLY1aU\/WTnAUA8Y1vI\/AAAAAAAAGGw\/nJLcrawinSAoIAZGGOxG3sLL8zaTBw0GQCLcB\/s1600\/elipsia%2B1.jpg\" style=\"margin-left: auto; margin-right: auto;\"><img loading=\"lazy\" decoding=\"async\" border=\"0\" data-original-height=\"864\" data-original-width=\"1299\" height=\"212\" src=\"https:\/\/1.bp.blogspot.com\/-uPuk-lLY1aU\/WTnAUA8Y1vI\/AAAAAAAAGGw\/nJLcrawinSAoIAZGGOxG3sLL8zaTBw0GQCLcB\/s320\/elipsia%2B1.jpg\" width=\"320\" \/><\/a><\/td>\n<\/tr>\n<tr>\n<td style=\"text-align: left;\">&nbsp;Professor Tadeu Brettas na apresenta\u00e7\u00e3o da palestra<\/td>\n<\/tr>\n<\/tbody>\n<\/table>\n<div style=\"clear: both; text-align: center;\"><\/div>\n<div style=\"clear: both; text-align: left;\"><i>Texto e fotos: Melissa Regina\/Ag\u00eanciaJor<\/i><\/div>\n<div style=\"clear: both; text-align: left;\"><i><br \/><\/i><\/div>\n<div style=\"text-align: justify;\"><\/div>\n","protected":false},"excerpt":{"rendered":"<p>A Universidade de Sorocaba (Uniso) promoveu, no dia 25 de maio, uma palestra com o tema \u201cNarrativa Colaborativa\u201d, ministrada por<\/p>\n","protected":false},"author":1,"featured_media":0,"comment_status":"open","ping_status":"open","sticky":false,"template":"","format":"standard","meta":{"colormag_page_container_layout":"default_layout","colormag_page_sidebar_layout":"default_layout","footnotes":""},"categories":[1],"tags":[],"class_list":["post-312","post","type-post","status-publish","format-standard","hentry","category-uncategorized"],"featured_image_urls":{"full":"","thumbnail":"","medium":"","medium_large":"","large":"","1536x1536":"","2048x2048":"","colormag-highlighted-post":"","colormag-featured-post-medium":"","colormag-featured-post-small":"","colormag-featured-image":"","colormag-default-news":"","colormag-featured-image-large":""},"author_info":{"info":["focas"]},"category_info":"<a href=\"https:\/\/focas.uniso.br\/index.php\/category\/uncategorized\/\" rel=\"category tag\">Uncategorized<\/a>","tag_info":"Uncategorized","comment_count":"0","_links":{"self":[{"href":"https:\/\/focas.uniso.br\/index.php\/wp-json\/wp\/v2\/posts\/312","targetHints":{"allow":["GET"]}}],"collection":[{"href":"https:\/\/focas.uniso.br\/index.php\/wp-json\/wp\/v2\/posts"}],"about":[{"href":"https:\/\/focas.uniso.br\/index.php\/wp-json\/wp\/v2\/types\/post"}],"author":[{"embeddable":true,"href":"https:\/\/focas.uniso.br\/index.php\/wp-json\/wp\/v2\/users\/1"}],"replies":[{"embeddable":true,"href":"https:\/\/focas.uniso.br\/index.php\/wp-json\/wp\/v2\/comments?post=312"}],"version-history":[{"count":0,"href":"https:\/\/focas.uniso.br\/index.php\/wp-json\/wp\/v2\/posts\/312\/revisions"}],"wp:attachment":[{"href":"https:\/\/focas.uniso.br\/index.php\/wp-json\/wp\/v2\/media?parent=312"}],"wp:term":[{"taxonomy":"category","embeddable":true,"href":"https:\/\/focas.uniso.br\/index.php\/wp-json\/wp\/v2\/categories?post=312"},{"taxonomy":"post_tag","embeddable":true,"href":"https:\/\/focas.uniso.br\/index.php\/wp-json\/wp\/v2\/tags?post=312"}],"curies":[{"name":"wp","href":"https:\/\/api.w.org\/{rel}","templated":true}]}}