{"id":313,"date":"2017-06-07T17:23:00","date_gmt":"2017-06-07T17:23:00","guid":{"rendered":"http:\/\/focas.uniso.br\/index.php\/2017\/06\/07\/pintura-impressionista-inspira-exposicao-de-estudantes-de-moda\/"},"modified":"2017-06-07T17:23:00","modified_gmt":"2017-06-07T17:23:00","slug":"pintura-impressionista-inspira-exposicao-de-estudantes-de-moda","status":"publish","type":"post","link":"https:\/\/focas.uniso.br\/index.php\/2017\/06\/07\/pintura-impressionista-inspira-exposicao-de-estudantes-de-moda\/","title":{"rendered":"Pintura impressionista inspira exposi\u00e7\u00e3o de estudantes de Moda"},"content":{"rendered":"<div style=\"clear: both; text-align: center;\"><a href=\"https:\/\/1.bp.blogspot.com\/-UywIj3kjArg\/WTgz8d3s6lI\/AAAAAAAAGGU\/EHYnEGeRzfIFhO5d9kiQciVFaK0_RyH7QCLcB\/s1600\/Exposi%25C3%25A7%25C3%25A3o%2Bda%2Bdisciplina%2BHist%25C3%25B3ria%2Bda%2BArte%2Bdo%2Bcurso%2Bde%2BModa%2B3.jpg\" style=\"margin-left: 1em; margin-right: 1em;\"><img loading=\"lazy\" decoding=\"async\" border=\"0\" data-original-height=\"1039\" data-original-width=\"1600\" height=\"207\" src=\"https:\/\/1.bp.blogspot.com\/-UywIj3kjArg\/WTgz8d3s6lI\/AAAAAAAAGGU\/EHYnEGeRzfIFhO5d9kiQciVFaK0_RyH7QCLcB\/s320\/Exposi%25C3%25A7%25C3%25A3o%2Bda%2Bdisciplina%2BHist%25C3%25B3ria%2Bda%2BArte%2Bdo%2Bcurso%2Bde%2BModa%2B3.jpg\" width=\"320\" \/><\/a><\/div>\n<div style=\"text-align: justify;\">Uma exposi\u00e7\u00e3o fotogr\u00e1fica, organizada pelos alunos do primeiro semestre do curso de Moda, da Universidade de Sorocaba (Uniso), reproduziu cenas de quadros impressionistas, recriadas com detalhes contempor\u00e2neos. Norteada pela quest\u00e3o de como uma pintura do s\u00e9culo XIX poderia ser vista atualmente, a exposi\u00e7\u00e3o foi realizada no dia 10 de maio, na \u00e1rea livre entre os Blocos A e B da Cidade Universit\u00e1ria.&nbsp;<\/div>\n<table cellpadding=\"0\" cellspacing=\"0\" style=\"float: right; margin-left: 1em; text-align: right;\">\n<tbody>\n<tr>\n<td style=\"text-align: center;\"><a href=\"https:\/\/2.bp.blogspot.com\/-hoX95lrH_0o\/WTgz_XR78fI\/AAAAAAAAGGg\/m_lszS8A_XcvNuacBeGlT33vuYY0vur8wCEw\/s1600\/Alunos%2Bvisiatndo%2Ba%2B%2Bexposi%25C3%25A7%25C3%25A3o%2B2.jpg\" style=\"clear: right; margin-bottom: 1em; margin-left: auto; margin-right: auto;\"><img loading=\"lazy\" decoding=\"async\" border=\"0\" data-original-height=\"1386\" data-original-width=\"1600\" height=\"277\" src=\"https:\/\/2.bp.blogspot.com\/-hoX95lrH_0o\/WTgz_XR78fI\/AAAAAAAAGGg\/m_lszS8A_XcvNuacBeGlT33vuYY0vur8wCEw\/s320\/Alunos%2Bvisiatndo%2Ba%2B%2Bexposi%25C3%25A7%25C3%25A3o%2B2.jpg\" width=\"320\" \/><\/a><\/td>\n<\/tr>\n<tr>\n<td style=\"text-align: left;\">&nbsp; Alunos visitando a exposi\u00e7\u00e3o<\/td>\n<\/tr>\n<\/tbody>\n<\/table>\n<div style=\"text-align: justify;\">A exposi\u00e7\u00e3o foi idealizada pela professora Laura M. de Mattos Anacleto, na disciplina Conex\u00f5es entre corpo, arte e moda. &nbsp;A professora conta que os alunos escolheram a Uniso como cen\u00e1rio, modificando a refer\u00eancia do lugar e do tempo presentes nas obras a partir de t\u00e9cnicas que melhor se aplicasse \u00e0s imagens. \u201cPedi para que procurassem uma obra de arte do per\u00edodo impressionista e fizessem a conex\u00e3o do corpo nela retratado com a atualidade\u201d.<\/div>\n<div style=\"text-align: justify;\">Mainny Rodrigues da Silva, 17, explica que em \u201cA fam\u00edlia Monet no jardim\u201d, de Claude Monet, o homem cuidando das flores foi substitu\u00eddo, na fotografia, por uma mulher, remetendo \u00e0 quest\u00e3o de que na atualidade ela realiza trabalhos que antes eram considerados masculinos.&nbsp;<\/div>\n<div style=\"text-align: justify;\">A aluna do primeiro semestre do curso de Moda, Kamila Ap. Ferreira Santana, 25, conta a ideia foi usar a mesma base, por\u00e9m trazer algum detalhe contempor\u00e2neo. \u201cModa n\u00e3o \u00e9 somente o aspecto da roupa, \u00e9 tamb\u00e9m a quest\u00e3o art\u00edstica das obras, da hist\u00f3ria\u201d, diz a estudante.<\/div>\n<div style=\"text-align: justify;\">&nbsp;Douglas R. Romeu, aluno de Psicologia da Uniso foi convidado pelas alunas do curso de Moda para ver a exposi\u00e7\u00e3o. \u201c\u00c9 importante quando a gente conecta o passado com o presente e exp\u00f5e toda a materialidade hist\u00f3rica\u201d, afirma.<\/div>\n<table cellpadding=\"0\" cellspacing=\"0\" style=\"margin-left: auto; margin-right: auto; text-align: center;\">\n<tbody>\n<tr>\n<td style=\"text-align: center;\"><a href=\"https:\/\/4.bp.blogspot.com\/-6XrreYX1yG4\/WTgz_KcA8XI\/AAAAAAAAGGg\/Ia96nk71LRAh-pST8Ppk__Dr9tnMXKEhQCEw\/s1600\/Alunas%2Bdo%2Bcurso%2Bde%2BModa%2B2.jpg\" style=\"margin-left: auto; margin-right: auto;\"><img loading=\"lazy\" decoding=\"async\" border=\"0\" data-original-height=\"1222\" data-original-width=\"1600\" height=\"244\" src=\"https:\/\/4.bp.blogspot.com\/-6XrreYX1yG4\/WTgz_KcA8XI\/AAAAAAAAGGg\/Ia96nk71LRAh-pST8Ppk__Dr9tnMXKEhQCEw\/s320\/Alunas%2Bdo%2Bcurso%2Bde%2BModa%2B2.jpg\" width=\"320\" \/><\/a><\/td>\n<\/tr>\n<tr>\n<td style=\"text-align: left;\">&nbsp;Alunas do curso de Moda<\/td>\n<\/tr>\n<\/tbody>\n<\/table>\n<div style=\"text-align: justify;\"><span style=\"font-family: &quot;times new roman&quot; , &quot;serif&quot;; font-size: 12.0pt; line-height: 115%;\"><i>Fotos e Textos: Camila de Salles&nbsp;<\/i><o:p><\/o:p><\/span><\/div>\n<p><\/p>\n","protected":false},"excerpt":{"rendered":"<p>Uma exposi\u00e7\u00e3o fotogr\u00e1fica, organizada pelos alunos do primeiro semestre do curso de Moda, da Universidade de Sorocaba (Uniso), reproduziu cenas<\/p>\n","protected":false},"author":1,"featured_media":0,"comment_status":"open","ping_status":"open","sticky":false,"template":"","format":"standard","meta":{"colormag_page_container_layout":"default_layout","colormag_page_sidebar_layout":"default_layout","footnotes":""},"categories":[1],"tags":[],"class_list":["post-313","post","type-post","status-publish","format-standard","hentry","category-uncategorized"],"featured_image_urls":{"full":"","thumbnail":"","medium":"","medium_large":"","large":"","1536x1536":"","2048x2048":"","colormag-highlighted-post":"","colormag-featured-post-medium":"","colormag-featured-post-small":"","colormag-featured-image":"","colormag-default-news":"","colormag-featured-image-large":""},"author_info":{"info":["focas"]},"category_info":"<a href=\"https:\/\/focas.uniso.br\/index.php\/category\/uncategorized\/\" rel=\"category tag\">Uncategorized<\/a>","tag_info":"Uncategorized","comment_count":"0","_links":{"self":[{"href":"https:\/\/focas.uniso.br\/index.php\/wp-json\/wp\/v2\/posts\/313","targetHints":{"allow":["GET"]}}],"collection":[{"href":"https:\/\/focas.uniso.br\/index.php\/wp-json\/wp\/v2\/posts"}],"about":[{"href":"https:\/\/focas.uniso.br\/index.php\/wp-json\/wp\/v2\/types\/post"}],"author":[{"embeddable":true,"href":"https:\/\/focas.uniso.br\/index.php\/wp-json\/wp\/v2\/users\/1"}],"replies":[{"embeddable":true,"href":"https:\/\/focas.uniso.br\/index.php\/wp-json\/wp\/v2\/comments?post=313"}],"version-history":[{"count":0,"href":"https:\/\/focas.uniso.br\/index.php\/wp-json\/wp\/v2\/posts\/313\/revisions"}],"wp:attachment":[{"href":"https:\/\/focas.uniso.br\/index.php\/wp-json\/wp\/v2\/media?parent=313"}],"wp:term":[{"taxonomy":"category","embeddable":true,"href":"https:\/\/focas.uniso.br\/index.php\/wp-json\/wp\/v2\/categories?post=313"},{"taxonomy":"post_tag","embeddable":true,"href":"https:\/\/focas.uniso.br\/index.php\/wp-json\/wp\/v2\/tags?post=313"}],"curies":[{"name":"wp","href":"https:\/\/api.w.org\/{rel}","templated":true}]}}