{"id":314,"date":"2017-06-01T14:20:00","date_gmt":"2017-06-01T14:20:00","guid":{"rendered":"http:\/\/focas.uniso.br\/index.php\/2017\/06\/01\/curso-de-gestao-de-equinocultura-realiza-cafe-com-prosa\/"},"modified":"2017-06-01T14:20:00","modified_gmt":"2017-06-01T14:20:00","slug":"curso-de-gestao-de-equinocultura-realiza-cafe-com-prosa","status":"publish","type":"post","link":"https:\/\/focas.uniso.br\/index.php\/2017\/06\/01\/curso-de-gestao-de-equinocultura-realiza-cafe-com-prosa\/","title":{"rendered":"Curso de Gest\u00e3o de Equinocultura realiza Caf\u00e9 com Prosa"},"content":{"rendered":"<div style=\"clear: both; text-align: center;\"><a href=\"https:\/\/4.bp.blogspot.com\/-DVy0alBT4lA\/WTAgvVAW6OI\/AAAAAAAAGF0\/doXOquRZ1o4I-UKBPZ1cH7kcBlxr21xhwCLcB\/s1600\/Alunos%2Bde%2BGest%25C3%25A3o%2BEquinocultura.JPG\" style=\"margin-left: 1em; margin-right: 1em;\"><img loading=\"lazy\" decoding=\"async\" border=\"0\" data-original-height=\"1064\" data-original-width=\"1600\" height=\"212\" src=\"https:\/\/4.bp.blogspot.com\/-DVy0alBT4lA\/WTAgvVAW6OI\/AAAAAAAAGF0\/doXOquRZ1o4I-UKBPZ1cH7kcBlxr21xhwCLcB\/s320\/Alunos%2Bde%2BGest%25C3%25A3o%2BEquinocultura.JPG\" width=\"320\" \/><\/a><\/div>\n<div style=\"text-align: justify;\">Em homenagem ao professor Raul Sampaio de Almeida Prado, que lecionou no curso de Gest\u00e3o Equinocultura da Universidade de Sorocaba (Uniso), o evento Caf\u00e9 com Prosa promoveu um encontro com o tema \u201cCavalo: mais que uma profiss\u00e3o, uma filosofia de vida\u201d, com a finalidade de debater as oportunidades na \u00e1rea. O evento ocorreu no dia 16 de maio, na Universidade do Cavalo, e foi aberto a alunos e ex-alunos do curso.<\/div>\n<div style=\"text-align: justify;\">As palestras e debates no Caf\u00e9 com Prosa, realizado h\u00e1 cinco anos, e buscam complementar o conte\u00fado abordado em sala de aula. Neste ano, o convidado foi ex-professor, que sofreu um AVC em 2015 e voltou \u00e0 Universidade do Cavalo para relatar como v\u00ea a profiss\u00e3o hoje, j\u00e1 que pratica a equoterapia para se recuperar.<\/div>\n<div style=\"text-align: justify;\">Os alunos e professores fizeram uma homenagem surpresa, com v\u00eddeos de depoimentos de ex-alunos de diversas partes do Brasil e do mundo.<\/div>\n<table cellpadding=\"0\" cellspacing=\"0\" style=\"float: left; margin-right: 1em; text-align: left;\">\n<tbody>\n<tr>\n<td style=\"text-align: center;\"><a href=\"https:\/\/1.bp.blogspot.com\/-jr4ddbYdSr0\/WTAgyhyJL1I\/AAAAAAAAGF8\/U3wj3WFw-n8CviQvwnSVrBgwMmuWJycJwCEw\/s1600\/homenagem%2Bde%2Bex-alunos%2Bpor%2Bmeio%2Bde%2Bv%25C3%25ADdeos.JPG\" style=\"clear: left; margin-bottom: 1em; margin-left: auto; margin-right: auto;\"><img loading=\"lazy\" decoding=\"async\" border=\"0\" data-original-height=\"1064\" data-original-width=\"1600\" height=\"212\" src=\"https:\/\/1.bp.blogspot.com\/-jr4ddbYdSr0\/WTAgyhyJL1I\/AAAAAAAAGF8\/U3wj3WFw-n8CviQvwnSVrBgwMmuWJycJwCEw\/s320\/homenagem%2Bde%2Bex-alunos%2Bpor%2Bmeio%2Bde%2Bv%25C3%25ADdeos.JPG\" width=\"320\" \/><\/a><\/td>\n<\/tr>\n<tr>\n<td style=\"text-align: left;\">Homenagem de ex-alunos por meio de videos<\/td>\n<\/tr>\n<\/tbody>\n<\/table>\n<div style=\"text-align: justify;\">Segundo Raul, a homenagem inesperada o deixou muito contente, ao ver o carinho dos alunos e professores. \u201cFico muito emocionado, porque, quando voc\u00ea sofre um acidente como este, se afasta das atividades e tem medo de ser esquecido. Quando vejo algo assim, que as pessoas me querem bem, fico muito feliz\u201d.<\/div>\n<div style=\"text-align: justify;\">Cla\u00fadia Leschonski, docente do curso de Gest\u00e3o de Equinocultura e de Medicina Veterin\u00e1ria, conta que o relato do professor Raul traz um novo olhar sobre a vida. \u201cAchamos que somos jovens para sempre, que temos muito tempo e que todas as oportunidades se repetem, como se f\u00f4ssemos imortais. E essa hist\u00f3ria que o Raul compartilhou conosco, de uma maneira t\u00e3o corajosa e bonita, mostra que temos que valorizar o momento presente e o m\u00e1ximo de cada oportunidade\u201d.<\/div>\n<div style=\"text-align: justify;\">O estudante Eudes Jos\u00e9 dos Santos, 21, conta que Raul sempre foi amigo dos alunos e que todos t\u00eam um carinho muito grande por ele. A palestra trouxe ensinamentos importantes para sua forma\u00e7\u00e3o. \u201cEm cada dificuldade, sempre tem uma oportunidade. N\u00f3s precisamos ter for\u00e7a de vontade e nunca desanimar, pois o tempo ruim vai passar, \u00e9 s\u00f3 uma fase\u201d.<\/div>\n<div style=\"text-align: justify;\">Encerrando o evento, o professor Paulo Jos\u00e9 Sanches, Coordenador de Gest\u00e3o de Equinocultura, ressaltou que a experi\u00eancia relatada mostrou as v\u00e1rias faces da profiss\u00e3o, \u201cA Equinocultura pode estar relacionada aos neg\u00f3cios e tamb\u00e9m \u00e0 recupera\u00e7\u00e3o\u201d.<\/div>\n<table cellpadding=\"0\" cellspacing=\"0\" style=\"margin-left: auto; margin-right: auto; text-align: center;\">\n<tbody>\n<tr>\n<td style=\"text-align: center;\"><a href=\"https:\/\/1.bp.blogspot.com\/-Kl3GuBbvgVE\/WTAgyH2vr1I\/AAAAAAAAGF4\/cWGQwdO-nmIwZVoYVud7_JOK0WaoXiI4QCEw\/s1600\/Professor%2BRaul%2BSampaio%2Bministra%2Bo%2Bencontro%2BCaf%25C3%25A9%2Bcom%2BProsa.JPG\" style=\"margin-left: auto; margin-right: auto;\"><img loading=\"lazy\" decoding=\"async\" border=\"0\" data-original-height=\"1064\" data-original-width=\"1600\" height=\"212\" src=\"https:\/\/1.bp.blogspot.com\/-Kl3GuBbvgVE\/WTAgyH2vr1I\/AAAAAAAAGF4\/cWGQwdO-nmIwZVoYVud7_JOK0WaoXiI4QCEw\/s320\/Professor%2BRaul%2BSampaio%2Bministra%2Bo%2Bencontro%2BCaf%25C3%25A9%2Bcom%2BProsa.JPG\" width=\"320\" \/><\/a><\/td>\n<\/tr>\n<tr>\n<td style=\"text-align: left;\">&nbsp;Professor Raul ministrando a palestra Caf\u00e9 com Prosa<\/td>\n<\/tr>\n<\/tbody>\n<\/table>\n<p><span style=\"font-family: &quot;Times New Roman&quot;,&quot;serif&quot;; font-size: 12.0pt; line-height: 107%; mso-ansi-language: PT-BR; mso-bidi-language: AR-SA; mso-fareast-font-family: Calibri; mso-fareast-language: EN-US; mso-fareast-theme-font: minor-latin;\"><i>Texto e Fotos: P\u00e2mela Ramos\/Ag\u00eanciaJor<\/i><\/span><\/p>\n<p><\/p>\n","protected":false},"excerpt":{"rendered":"<p>Em homenagem ao professor Raul Sampaio de Almeida Prado, que lecionou no curso de Gest\u00e3o Equinocultura da Universidade de Sorocaba<\/p>\n","protected":false},"author":1,"featured_media":0,"comment_status":"open","ping_status":"open","sticky":false,"template":"","format":"standard","meta":{"colormag_page_container_layout":"default_layout","colormag_page_sidebar_layout":"default_layout","footnotes":""},"categories":[1],"tags":[],"class_list":["post-314","post","type-post","status-publish","format-standard","hentry","category-uncategorized"],"featured_image_urls":{"full":"","thumbnail":"","medium":"","medium_large":"","large":"","1536x1536":"","2048x2048":"","colormag-highlighted-post":"","colormag-featured-post-medium":"","colormag-featured-post-small":"","colormag-featured-image":"","colormag-default-news":"","colormag-featured-image-large":""},"author_info":{"info":["focas"]},"category_info":"<a href=\"https:\/\/focas.uniso.br\/index.php\/category\/uncategorized\/\" rel=\"category tag\">Uncategorized<\/a>","tag_info":"Uncategorized","comment_count":"0","_links":{"self":[{"href":"https:\/\/focas.uniso.br\/index.php\/wp-json\/wp\/v2\/posts\/314","targetHints":{"allow":["GET"]}}],"collection":[{"href":"https:\/\/focas.uniso.br\/index.php\/wp-json\/wp\/v2\/posts"}],"about":[{"href":"https:\/\/focas.uniso.br\/index.php\/wp-json\/wp\/v2\/types\/post"}],"author":[{"embeddable":true,"href":"https:\/\/focas.uniso.br\/index.php\/wp-json\/wp\/v2\/users\/1"}],"replies":[{"embeddable":true,"href":"https:\/\/focas.uniso.br\/index.php\/wp-json\/wp\/v2\/comments?post=314"}],"version-history":[{"count":0,"href":"https:\/\/focas.uniso.br\/index.php\/wp-json\/wp\/v2\/posts\/314\/revisions"}],"wp:attachment":[{"href":"https:\/\/focas.uniso.br\/index.php\/wp-json\/wp\/v2\/media?parent=314"}],"wp:term":[{"taxonomy":"category","embeddable":true,"href":"https:\/\/focas.uniso.br\/index.php\/wp-json\/wp\/v2\/categories?post=314"},{"taxonomy":"post_tag","embeddable":true,"href":"https:\/\/focas.uniso.br\/index.php\/wp-json\/wp\/v2\/tags?post=314"}],"curies":[{"name":"wp","href":"https:\/\/api.w.org\/{rel}","templated":true}]}}