{"id":3147,"date":"2025-05-09T10:38:26","date_gmt":"2025-05-09T13:38:26","guid":{"rendered":"https:\/\/focas.uniso.br\/?p=3147"},"modified":"2025-05-09T10:38:26","modified_gmt":"2025-05-09T13:38:26","slug":"agencia-focas-firma-parceria-com-cantate-fm-para-a-producao-de-boletins-semanais","status":"publish","type":"post","link":"https:\/\/focas.uniso.br\/index.php\/2025\/05\/09\/agencia-focas-firma-parceria-com-cantate-fm-para-a-producao-de-boletins-semanais\/","title":{"rendered":"Ag\u00eancia Focas firma parceria com Cantate FM para a produ\u00e7\u00e3o de boletins semanais"},"content":{"rendered":"\n<p>Por Gabriela Vasconcelos e Giovana Lima (Ag\u00eancia Focas &#8211; Jornalismo Uniso)<\/p>\n\n\n\n<p>A R\u00e1dio Cantate, emissora educativa, passa a contar com conte\u00fado produzido por estudantes de Jornalismo da Universidade de Sorocaba (Uniso). A parceria com a Ag\u00eancia Focas prev\u00ea a veicula\u00e7\u00e3o de boletins jornal\u00edsticos semanais, baseados nas reportagens realizadas no Laborat\u00f3rio de Comunica\u00e7\u00e3o (LabCom) da universidade e nas produ\u00e7\u00f5es da pr\u00f3pria Ag\u00eancia Experimental de Jornalismo, adaptados para o formato sonoro.<\/p>\n\n\n\n<p>Os boletins trazem temas variados, com foco em educa\u00e7\u00e3o, cultura, ci\u00eancia, inclus\u00e3o, direitos humanos e eventos relevantes na Uniso e na Regi\u00e3o Metropolitana de Sorocaba (RMS).<\/p>\n\n\n\n<p>A edi\u00e7\u00e3o de textos \u00e9 de Gabriela Vasconcelos, a locu\u00e7\u00e3o \u00e9 de Giovana Lima, com orienta\u00e7\u00e3o da professora Mara Rovida e coordena\u00e7\u00e3o de Evenize Batista. As grava\u00e7\u00f5es s\u00e3o feitas no est\u00fadio do LabCom com o apoio t\u00e9cnico da equipe do laborat\u00f3rio.<\/p>\n\n\n\n<p>Os boletins ser\u00e3o lan\u00e7ados semanalmente e poder\u00e3o ser acessados tanto no site da R\u00e1dio Uniso quanto no site da R\u00e1dio Cantate a partir dos seguintes links:<\/p>\n\n\n\n<figure class=\"wp-block-image size-large\"><img loading=\"lazy\" decoding=\"async\" width=\"1024\" height=\"452\" src=\"https:\/\/focas.uniso.br\/wp-content\/uploads\/2025\/05\/WhatsApp-Image-2025-05-08-at-23.17.46-1024x452.jpeg\" alt=\"\" class=\"wp-image-3148\" srcset=\"https:\/\/focas.uniso.br\/wp-content\/uploads\/2025\/05\/WhatsApp-Image-2025-05-08-at-23.17.46-1024x452.jpeg 1024w, https:\/\/focas.uniso.br\/wp-content\/uploads\/2025\/05\/WhatsApp-Image-2025-05-08-at-23.17.46-300x132.jpeg 300w, https:\/\/focas.uniso.br\/wp-content\/uploads\/2025\/05\/WhatsApp-Image-2025-05-08-at-23.17.46-768x339.jpeg 768w, https:\/\/focas.uniso.br\/wp-content\/uploads\/2025\/05\/WhatsApp-Image-2025-05-08-at-23.17.46-1536x678.jpeg 1536w, https:\/\/focas.uniso.br\/wp-content\/uploads\/2025\/05\/WhatsApp-Image-2025-05-08-at-23.17.46.jpeg 1579w\" sizes=\"auto, (max-width: 1024px) 100vw, 1024px\" \/><figcaption class=\"wp-element-caption\">Print retirado do site da R\u00e1dio Uniso &#8211; Foto: Reprodu\u00e7\u00e3o \n<\/figcaption><\/figure>\n\n\n\n<p>Link da R\u00e1dio Uniso: <a href=\"https:\/\/radiouniso.com\">https:\/\/radiouniso.com<\/a><\/p>\n\n\n\n<figure class=\"wp-block-image size-large\"><img loading=\"lazy\" decoding=\"async\" width=\"1024\" height=\"460\" src=\"https:\/\/focas.uniso.br\/wp-content\/uploads\/2025\/05\/WhatsApp-Image-2025-05-08-at-23.17.56-1024x460.jpeg\" alt=\"\" class=\"wp-image-3149\" srcset=\"https:\/\/focas.uniso.br\/wp-content\/uploads\/2025\/05\/WhatsApp-Image-2025-05-08-at-23.17.56-1024x460.jpeg 1024w, https:\/\/focas.uniso.br\/wp-content\/uploads\/2025\/05\/WhatsApp-Image-2025-05-08-at-23.17.56-300x135.jpeg 300w, https:\/\/focas.uniso.br\/wp-content\/uploads\/2025\/05\/WhatsApp-Image-2025-05-08-at-23.17.56-768x345.jpeg 768w, https:\/\/focas.uniso.br\/wp-content\/uploads\/2025\/05\/WhatsApp-Image-2025-05-08-at-23.17.56-1536x690.jpeg 1536w, https:\/\/focas.uniso.br\/wp-content\/uploads\/2025\/05\/WhatsApp-Image-2025-05-08-at-23.17.56.jpeg 1585w\" sizes=\"auto, (max-width: 1024px) 100vw, 1024px\" \/><figcaption class=\"wp-element-caption\">Print retirado do site da R\u00e1dio Cantate &#8211; Foto: Reprodu\u00e7\u00e3o <\/figcaption><\/figure>\n\n\n\n<p>Link da R\u00e1dio Cantate: <a href=\"https:\/\/www.cantatefm.com.br\">https:\/\/www.cantatefm.com.br<\/a> <\/p>\n","protected":false},"excerpt":{"rendered":"<p>Por Gabriela Vasconcelos e Giovana Lima (Ag\u00eancia Focas &#8211; Jornalismo Uniso) A R\u00e1dio Cantate, emissora educativa, passa a contar com<\/p>\n","protected":false},"author":1,"featured_media":0,"comment_status":"open","ping_status":"open","sticky":false,"template":"","format":"standard","meta":{"colormag_page_container_layout":"default_layout","colormag_page_sidebar_layout":"default_layout","footnotes":""},"categories":[15,9,37,14],"tags":[30,41,29,28],"class_list":["post-3147","post","type-post","status-publish","format-standard","hentry","category-jornalismo","category-jornalismo-online","category-sorocaba","category-uniso","tag-focas","tag-focas-na-rede","tag-jornalismo","tag-uniso"],"featured_image_urls":{"full":"","thumbnail":"","medium":"","medium_large":"","large":"","1536x1536":"","2048x2048":"","colormag-highlighted-post":"","colormag-featured-post-medium":"","colormag-featured-post-small":"","colormag-featured-image":"","colormag-default-news":"","colormag-featured-image-large":""},"author_info":{"info":["focas"]},"category_info":"<a href=\"https:\/\/focas.uniso.br\/index.php\/category\/jornalismo\/\" rel=\"category tag\">Jornalismo<\/a> <a href=\"https:\/\/focas.uniso.br\/index.php\/category\/jornalismo-online\/\" rel=\"category tag\">jornalismo online<\/a> <a href=\"https:\/\/focas.uniso.br\/index.php\/category\/sorocaba\/\" rel=\"category tag\">Sorocaba<\/a> <a href=\"https:\/\/focas.uniso.br\/index.php\/category\/uniso\/\" rel=\"category tag\">Uniso<\/a>","tag_info":"Uniso","comment_count":"0","_links":{"self":[{"href":"https:\/\/focas.uniso.br\/index.php\/wp-json\/wp\/v2\/posts\/3147","targetHints":{"allow":["GET"]}}],"collection":[{"href":"https:\/\/focas.uniso.br\/index.php\/wp-json\/wp\/v2\/posts"}],"about":[{"href":"https:\/\/focas.uniso.br\/index.php\/wp-json\/wp\/v2\/types\/post"}],"author":[{"embeddable":true,"href":"https:\/\/focas.uniso.br\/index.php\/wp-json\/wp\/v2\/users\/1"}],"replies":[{"embeddable":true,"href":"https:\/\/focas.uniso.br\/index.php\/wp-json\/wp\/v2\/comments?post=3147"}],"version-history":[{"count":1,"href":"https:\/\/focas.uniso.br\/index.php\/wp-json\/wp\/v2\/posts\/3147\/revisions"}],"predecessor-version":[{"id":3150,"href":"https:\/\/focas.uniso.br\/index.php\/wp-json\/wp\/v2\/posts\/3147\/revisions\/3150"}],"wp:attachment":[{"href":"https:\/\/focas.uniso.br\/index.php\/wp-json\/wp\/v2\/media?parent=3147"}],"wp:term":[{"taxonomy":"category","embeddable":true,"href":"https:\/\/focas.uniso.br\/index.php\/wp-json\/wp\/v2\/categories?post=3147"},{"taxonomy":"post_tag","embeddable":true,"href":"https:\/\/focas.uniso.br\/index.php\/wp-json\/wp\/v2\/tags?post=3147"}],"curies":[{"name":"wp","href":"https:\/\/api.w.org\/{rel}","templated":true}]}}